{"id":20059,"date":"2018-03-09T09:09:15","date_gmt":"2018-03-09T09:09:15","guid":{"rendered":"https:\/\/www.deberes.net\/tesis\/sin-categoria\/microespectroscopa%c2%ada-de-materiales-optoelectronicos-silicio-poroso-y-microcavidades-de-gaas-alcaas\/"},"modified":"2018-03-09T09:09:15","modified_gmt":"2018-03-09T09:09:15","slug":"microespectroscopa%c2%ada-de-materiales-optoelectronicos-silicio-poroso-y-microcavidades-de-gaas-alcaas","status":"publish","type":"post","link":"https:\/\/www.deberes.net\/tesis\/sin-categoria\/microespectroscopa%c2%ada-de-materiales-optoelectronicos-silicio-poroso-y-microcavidades-de-gaas-alcaas\/","title":{"rendered":"Microespectroscop\u00edade materiales optoelectr\u00f3nicos: silicio poroso y microcavidades de gaas\/alcaas"},"content":{"rendered":"<h2>Tesis doctoral de <strong> Sonsoles Manotas Cabeza <\/strong><\/h2>\n<p>En este trabajo se estudian por microespectroscop\u00eda raman y microfotoluminiscencia dos materiales semiconductores nanoestructurados con inter\u00e9s en optoelectr\u00f3nica: el silicio poroso y las microcavidades de gaas\/algaas.  en el silicio poroso, se estudia el aumento de temperatura que produce el calentamiento inducido por el l\u00e1ser, la estabilidad de la fotoluminiscencia en funci\u00f3n de la temperatura, la tensi\u00f3n mec\u00e1nica en la regi\u00f3n cercana a la intercara con el sustrato de silicio, y las propiedades de multicapas.  en las microcavidades, los estudios en una secci\u00f3n transversal permiten caracterizar cada capa. Por \u00faltimo, medidas en la direcci\u00f3n de crecimiento estudian los efectos de acoplamiento presentes en el interior de la cavidad, comparando el desdoblamiento rabi obtenido para una cavidad formada por pozos cu\u00e1nticos aislados y una superred, respectivamente.<\/p>\n<p>&nbsp;<\/p>\n<h3>Datos acad\u00e9micos de la tesis doctoral \u00ab<strong>Microespectroscop\u00edade materiales optoelectr\u00f3nicos: silicio poroso y microcavidades de gaas\/alcaas<\/strong>\u00ab<\/h3>\n<ul>\n<li><strong>T\u00edtulo de la tesis:<\/strong>\u00a0 Microespectroscop\u00edade materiales optoelectr\u00f3nicos: silicio poroso y microcavidades de gaas\/alcaas <\/li>\n<li><strong>Autor:<\/strong>\u00a0 Sonsoles Manotas Cabeza <\/li>\n<li><strong>Universidad:<\/strong>\u00a0 Aut\u00f3noma de Madrid<\/li>\n<li><strong>Fecha de lectura de la tesis:<\/strong>\u00a0 21\/11\/2002<\/li>\n<\/ul>\n<p>&nbsp;<\/p>\n<h3>Direcci\u00f3n y tribunal<\/h3>\n<ul>\n<li><strong>Director de la tesis<\/strong>\n<ul>\n<li> Agull\u00f3 De Rueda Fernando<\/li>\n<\/ul>\n<\/li>\n<li><strong>Tribunal<\/strong>\n<ul>\n<li>Presidente del tribunal: manuel Mart\u00ednez-duart jos\u00e9 <\/li>\n<li>narcis Mestres andreu (vocal)<\/li>\n<li>Carlos S\u00e1nchez l\u00f3pez (vocal)<\/li>\n<li>Carlos Andr\u00e9s Prieto de castro (vocal)<\/li>\n<\/ul>\n<\/li>\n<\/ul>\n<p>&nbsp;<\/p>\n","protected":false},"excerpt":{"rendered":"<p>Tesis doctoral de Sonsoles Manotas Cabeza En este trabajo se estudian por microespectroscop\u00eda raman y microfotoluminiscencia dos materiales semiconductores nanoestructurados [&hellip;]<\/p>\n","protected":false},"author":1,"featured_media":0,"comment_status":"open","ping_status":"open","sticky":false,"template":"","format":"standard","meta":{"site-sidebar-layout":"default","site-content-layout":"","ast-site-content-layout":"","site-content-style":"default","site-sidebar-style":"default","ast-global-header-display":"","ast-banner-title-visibility":"","ast-main-header-display":"","ast-hfb-above-header-display":"","ast-hfb-below-header-display":"","ast-hfb-mobile-header-display":"","site-post-title":"","ast-breadcrumbs-content":"","ast-featured-img":"","footer-sml-layout":"","theme-transparent-header-meta":"","adv-header-id-meta":"","stick-header-meta":"","header-above-stick-meta":"","header-main-stick-meta":"","header-below-stick-meta":"","astra-migrate-meta-layouts":"default","ast-page-background-enabled":"default","ast-page-background-meta":{"desktop":{"background-color":"var(--ast-global-color-4)","background-image":"","background-repeat":"repeat","background-position":"center center","background-size":"auto","background-attachment":"scroll","background-type":"","background-media":"","overlay-type":"","overlay-color":"","overlay-gradient":""},"tablet":{"background-color":"","background-image":"","background-repeat":"repeat","background-position":"center center","background-size":"auto","background-attachment":"scroll","background-type":"","background-media":"","overlay-type":"","overlay-color":"","overlay-gradient":""},"mobile":{"background-color":"","background-image":"","background-repeat":"repeat","background-position":"center center","background-size":"auto","background-attachment":"scroll","background-type":"","background-media":"","overlay-type":"","overlay-color":"","overlay-gradient":""}},"ast-content-background-meta":{"desktop":{"background-color":"var(--ast-global-color-5)","background-image":"","background-repeat":"repeat","background-position":"center center","background-size":"auto","background-attachment":"scroll","background-type":"","background-media":"","overlay-type":"","overlay-color":"","overlay-gradient":""},"tablet":{"background-color":"var(--ast-global-color-5)","background-image":"","background-repeat":"repeat","background-position":"center center","background-size":"auto","background-attachment":"scroll","background-type":"","background-media":"","overlay-type":"","overlay-color":"","overlay-gradient":""},"mobile":{"background-color":"var(--ast-global-color-5)","background-image":"","background-repeat":"repeat","background-position":"center center","background-size":"auto","background-attachment":"scroll","background-type":"","background-media":"","overlay-type":"","overlay-color":"","overlay-gradient":""}},"footnotes":""},"categories":[1],"tags":[61231,5760,14621,61232,61233,61230],"class_list":["post-20059","post","type-post","status-publish","format-standard","hentry","category-sin-categoria","tag-agullo-de-rueda-fernando","tag-carlos-andres-prieto-de-castro","tag-carlos-sanchez-lopez","tag-manuel-Martinez-duart-jose","tag-narcis-mestres-andreu","tag-sonsoles-manotas-cabeza"],"_links":{"self":[{"href":"https:\/\/www.deberes.net\/tesis\/wp-json\/wp\/v2\/posts\/20059","targetHints":{"allow":["GET"]}}],"collection":[{"href":"https:\/\/www.deberes.net\/tesis\/wp-json\/wp\/v2\/posts"}],"about":[{"href":"https:\/\/www.deberes.net\/tesis\/wp-json\/wp\/v2\/types\/post"}],"author":[{"embeddable":true,"href":"https:\/\/www.deberes.net\/tesis\/wp-json\/wp\/v2\/users\/1"}],"replies":[{"embeddable":true,"href":"https:\/\/www.deberes.net\/tesis\/wp-json\/wp\/v2\/comments?post=20059"}],"version-history":[{"count":0,"href":"https:\/\/www.deberes.net\/tesis\/wp-json\/wp\/v2\/posts\/20059\/revisions"}],"wp:attachment":[{"href":"https:\/\/www.deberes.net\/tesis\/wp-json\/wp\/v2\/media?parent=20059"}],"wp:term":[{"taxonomy":"category","embeddable":true,"href":"https:\/\/www.deberes.net\/tesis\/wp-json\/wp\/v2\/categories?post=20059"},{"taxonomy":"post_tag","embeddable":true,"href":"https:\/\/www.deberes.net\/tesis\/wp-json\/wp\/v2\/tags?post=20059"}],"curies":[{"name":"wp","href":"https:\/\/api.w.org\/{rel}","templated":true}]}}