{"id":20074,"date":"2018-03-09T09:09:17","date_gmt":"2018-03-09T09:09:17","guid":{"rendered":"https:\/\/www.deberes.net\/tesis\/sin-categoria\/deteccion-de-contornos-mediante-algoritmos-geneticos-y-modelos-deformables-para-la-calificacion-morfologica-2\/"},"modified":"2018-03-09T09:09:17","modified_gmt":"2018-03-09T09:09:17","slug":"deteccion-de-contornos-mediante-algoritmos-geneticos-y-modelos-deformables-para-la-calificacion-morfologica-2","status":"publish","type":"post","link":"https:\/\/www.deberes.net\/tesis\/matematicas\/deteccion-de-contornos-mediante-algoritmos-geneticos-y-modelos-deformables-para-la-calificacion-morfologica-2\/","title":{"rendered":"Detecci\u00f3n de contornos mediante algoritmos geneticos y modelos deformables para la calificaci\u00f3n morfol\u00f3gica"},"content":{"rendered":"<h2>Tesis doctoral de <strong> Horacio Manuel Gonz\u00e1lez Velasco <\/strong><\/h2>\n<p>La tesis propone una metodolog\u00eda para obtener los contornos lateral, frontal y posterior de animales de raza bovina independientemente de su posici\u00f3n o rotaci\u00f3n en la imagen y de la escala de la misma. Para ello se parte de una base de datos con los contornos de &#8212; de reses elevado con los cuales obtener unos contornos aproximadamente est\u00e1ndar. A partir de ello y despu\u00e9s de obtener una imagen de los gradientes se busca el contorno del animal mediante un ajuste gen\u00e9tico y de contornos deformables, donde se han tenido en cuenta las transformaciones &#8212; para hacer la imagen de la &#8212; insensible a rotaciones, traslaciones y cambios de escala.<\/p>\n<p>&nbsp;<\/p>\n<h3>Datos acad\u00e9micos de la tesis doctoral \u00ab<strong>Detecci\u00f3n de contornos mediante algoritmos geneticos y modelos deformables para la calificaci\u00f3n morfol\u00f3gica<\/strong>\u00ab<\/h3>\n<ul>\n<li><strong>T\u00edtulo de la tesis:<\/strong>\u00a0 Detecci\u00f3n de contornos mediante algoritmos geneticos y modelos deformables para la calificaci\u00f3n morfol\u00f3gica <\/li>\n<li><strong>Autor:<\/strong>\u00a0 Horacio Manuel Gonz\u00e1lez Velasco <\/li>\n<li><strong>Universidad:<\/strong>\u00a0 Extremadura<\/li>\n<li><strong>Fecha de lectura de la tesis:<\/strong>\u00a0 22\/11\/2002<\/li>\n<\/ul>\n<p>&nbsp;<\/p>\n<h3>Direcci\u00f3n y tribunal<\/h3>\n<ul>\n<li><strong>Director de la tesis<\/strong>\n<ul>\n<li>Francisco Javier L\u00f3pez Aligu\u00e9<\/li>\n<\/ul>\n<\/li>\n<li><strong>Tribunal<\/strong>\n<ul>\n<li>Presidente del tribunal: alberto Prieto espinosa <\/li>\n<li>diego Cabello ferrer (vocal)<\/li>\n<li>Javier Gutierrez monreal (vocal)<\/li>\n<li>Rafael Calero carretero (vocal)<\/li>\n<\/ul>\n<\/li>\n<\/ul>\n<p>&nbsp;<\/p>\n","protected":false},"excerpt":{"rendered":"<p>Tesis doctoral de Horacio Manuel Gonz\u00e1lez Velasco La tesis propone una metodolog\u00eda para obtener los contornos lateral, frontal y posterior [&hellip;]<\/p>\n","protected":false},"author":1,"featured_media":0,"comment_status":"open","ping_status":"open","sticky":false,"template":"","format":"standard","meta":{"site-sidebar-layout":"default","site-content-layout":"","ast-site-content-layout":"","site-content-style":"default","site-sidebar-style":"default","ast-global-header-display":"","ast-banner-title-visibility":"","ast-main-header-display":"","ast-hfb-above-header-display":"","ast-hfb-below-header-display":"","ast-hfb-mobile-header-display":"","site-post-title":"","ast-breadcrumbs-content":"","ast-featured-img":"","footer-sml-layout":"","theme-transparent-header-meta":"","adv-header-id-meta":"","stick-header-meta":"","header-above-stick-meta":"","header-main-stick-meta":"","header-below-stick-meta":"","astra-migrate-meta-layouts":"default","ast-page-background-enabled":"default","ast-page-background-meta":{"desktop":{"background-color":"var(--ast-global-color-4)","background-image":"","background-repeat":"repeat","background-position":"center center","background-size":"auto","background-attachment":"scroll","background-type":"","background-media":"","overlay-type":"","overlay-color":"","overlay-gradient":""},"tablet":{"background-color":"","background-image":"","background-repeat":"repeat","background-position":"center center","background-size":"auto","background-attachment":"scroll","background-type":"","background-media":"","overlay-type":"","overlay-color":"","overlay-gradient":""},"mobile":{"background-color":"","background-image":"","background-repeat":"repeat","background-position":"center center","background-size":"auto","background-attachment":"scroll","background-type":"","background-media":"","overlay-type":"","overlay-color":"","overlay-gradient":""}},"ast-content-background-meta":{"desktop":{"background-color":"var(--ast-global-color-5)","background-image":"","background-repeat":"repeat","background-position":"center center","background-size":"auto","background-attachment":"scroll","background-type":"","background-media":"","overlay-type":"","overlay-color":"","overlay-gradient":""},"tablet":{"background-color":"var(--ast-global-color-5)","background-image":"","background-repeat":"repeat","background-position":"center center","background-size":"auto","background-attachment":"scroll","background-type":"","background-media":"","overlay-type":"","overlay-color":"","overlay-gradient":""},"mobile":{"background-color":"var(--ast-global-color-5)","background-image":"","background-repeat":"repeat","background-position":"center center","background-size":"auto","background-attachment":"scroll","background-type":"","background-media":"","overlay-type":"","overlay-color":"","overlay-gradient":""}},"footnotes":""},"categories":[1890,332,949,199,13880,2528,126,1525,12858,2535],"tags":[21132,21468,27130,61257,12875,518],"class_list":["post-20074","post","type-post","status-publish","format-standard","hentry","category-ciencia-de-los-ordenadores","category-ciencias-tecnologicas","category-extremadura","category-fisica","category-informatica","category-inteligencia-artificial","category-matematicas","category-optica","category-sistemas-de-reconocimiento-de-caracteres","category-tecnologia-de-los-ordenadores","tag-alberto-prieto-espinosa","tag-diego-cabello-ferrer","tag-francisco-javier-lopez-aligue","tag-horacio-manuel-gonzalez-velasco","tag-javier-gutierrez-monreal","tag-rafael-calero-carretero"],"_links":{"self":[{"href":"https:\/\/www.deberes.net\/tesis\/wp-json\/wp\/v2\/posts\/20074","targetHints":{"allow":["GET"]}}],"collection":[{"href":"https:\/\/www.deberes.net\/tesis\/wp-json\/wp\/v2\/posts"}],"about":[{"href":"https:\/\/www.deberes.net\/tesis\/wp-json\/wp\/v2\/types\/post"}],"author":[{"embeddable":true,"href":"https:\/\/www.deberes.net\/tesis\/wp-json\/wp\/v2\/users\/1"}],"replies":[{"embeddable":true,"href":"https:\/\/www.deberes.net\/tesis\/wp-json\/wp\/v2\/comments?post=20074"}],"version-history":[{"count":0,"href":"https:\/\/www.deberes.net\/tesis\/wp-json\/wp\/v2\/posts\/20074\/revisions"}],"wp:attachment":[{"href":"https:\/\/www.deberes.net\/tesis\/wp-json\/wp\/v2\/media?parent=20074"}],"wp:term":[{"taxonomy":"category","embeddable":true,"href":"https:\/\/www.deberes.net\/tesis\/wp-json\/wp\/v2\/categories?post=20074"},{"taxonomy":"post_tag","embeddable":true,"href":"https:\/\/www.deberes.net\/tesis\/wp-json\/wp\/v2\/tags?post=20074"}],"curies":[{"name":"wp","href":"https:\/\/api.w.org\/{rel}","templated":true}]}}