{"id":20083,"date":"2018-03-09T09:09:17","date_gmt":"2018-03-09T09:09:17","guid":{"rendered":"https:\/\/www.deberes.net\/tesis\/sin-categoria\/medida-del-calibre-vascular-retiniano-en-la-poblacion-normal-y-en-pacientes-con-hipertension-arterial\/"},"modified":"2018-03-09T09:09:17","modified_gmt":"2018-03-09T09:09:17","slug":"medida-del-calibre-vascular-retiniano-en-la-poblacion-normal-y-en-pacientes-con-hipertension-arterial","status":"publish","type":"post","link":"https:\/\/www.deberes.net\/tesis\/ciencias-medicas\/medida-del-calibre-vascular-retiniano-en-la-poblacion-normal-y-en-pacientes-con-hipertension-arterial\/","title":{"rendered":"Medida del calibre vascular retiniano en la poblaci\u00f3n normal y en pacientes con hipertensi\u00f3n arterial"},"content":{"rendered":"<h2>Tesis doctoral de <strong> Basher Hayik <\/strong><\/h2>\n<p>Es de todos conocidos que el envejecimiento y la patolog\u00eda vascular sist\u00e9mica, especialmente la hta, pueden producir alteraciones que se manifiestan en el fondo de ojo como cambios en el di\u00e1metro de los vasos retinarios. estos cambios cl\u00e1sicamente han sido evaluados, y todav\u00eda hoy se sigue haciendo, de forma subjetiva comparando mediante oftalmoscopia el calibre de las arterias retinianas con el de las venas.  indudablemente la subjetividad, la dificultad de evaluar cambios incipientes y la falta de reproductibilidad del m\u00e9todo exploratorio entre diversos observadores e incluso el mismo observador hacen esta exploraci\u00f3n poco fiable para poder reconocer los cambios precoces y la repercusi\u00f3n que determinadas enfermedades sist\u00e9micas puden tener sobre el calibre de los vasos de la retina.  para evitar esta imprecisi\u00f3n, bas\u00e1ndonos en otros estudios, hemos desarrollado un protocolo estandarizado de fotograf\u00edas del fondo de ojo y un programa inform\u00e1tica (art-vena) para medir el calibre vascular retiniano e intentar demostrar cambios precoces que se producen en el calibre de los vasos retinianos con la edad y en la hta y que no se pueden detectar en un examen oftalmol\u00f3gico rutinario.<\/p>\n<p>&nbsp;<\/p>\n<h3>Datos acad\u00e9micos de la tesis doctoral \u00ab<strong>Medida del calibre vascular retiniano en la poblaci\u00f3n normal y en pacientes con hipertensi\u00f3n arterial<\/strong>\u00ab<\/h3>\n<ul>\n<li><strong>T\u00edtulo de la tesis:<\/strong>\u00a0 Medida del calibre vascular retiniano en la poblaci\u00f3n normal y en pacientes con hipertensi\u00f3n arterial <\/li>\n<li><strong>Autor:<\/strong>\u00a0 Basher Hayik <\/li>\n<li><strong>Universidad:<\/strong>\u00a0 Santiago de compostela<\/li>\n<li><strong>Fecha de lectura de la tesis:<\/strong>\u00a0 22\/11\/2002<\/li>\n<\/ul>\n<p>&nbsp;<\/p>\n<h3>Direcci\u00f3n y tribunal<\/h3>\n<ul>\n<li><strong>Director de la tesis<\/strong>\n<ul>\n<li>ulla De Irazazabal Francisco Javier G\u00f3mez<\/li>\n<\/ul>\n<\/li>\n<li><strong>Tribunal<\/strong>\n<ul>\n<li>Presidente del tribunal: manuel Sanchez salorio <\/li>\n<li>Juan  Antonio Duran de la colina (vocal)<\/li>\n<li>Juan Verdguter tarradelles (vocal)<\/li>\n<li>Mar\u00eda  del carmen Cap\u00e9ans tom\u00e9 (vocal)<\/li>\n<\/ul>\n<\/li>\n<\/ul>\n<p>&nbsp;<\/p>\n","protected":false},"excerpt":{"rendered":"<p>Tesis doctoral de Basher Hayik Es de todos conocidos que el envejecimiento y la patolog\u00eda vascular sist\u00e9mica, especialmente la hta, [&hellip;]<\/p>\n","protected":false},"author":1,"featured_media":0,"comment_status":"open","ping_status":"open","sticky":false,"template":"","format":"standard","meta":{"site-sidebar-layout":"default","site-content-layout":"","ast-site-content-layout":"","site-content-style":"default","site-sidebar-style":"default","ast-global-header-display":"","ast-banner-title-visibility":"","ast-main-header-display":"","ast-hfb-above-header-display":"","ast-hfb-below-header-display":"","ast-hfb-mobile-header-display":"","site-post-title":"","ast-breadcrumbs-content":"","ast-featured-img":"","footer-sml-layout":"","theme-transparent-header-meta":"","adv-header-id-meta":"","stick-header-meta":"","header-above-stick-meta":"","header-main-stick-meta":"","header-below-stick-meta":"","astra-migrate-meta-layouts":"default","ast-page-background-enabled":"default","ast-page-background-meta":{"desktop":{"background-color":"var(--ast-global-color-4)","background-image":"","background-repeat":"repeat","background-position":"center center","background-size":"auto","background-attachment":"scroll","background-type":"","background-media":"","overlay-type":"","overlay-color":"","overlay-gradient":""},"tablet":{"background-color":"","background-image":"","background-repeat":"repeat","background-position":"center center","background-size":"auto","background-attachment":"scroll","background-type":"","background-media":"","overlay-type":"","overlay-color":"","overlay-gradient":""},"mobile":{"background-color":"","background-image":"","background-repeat":"repeat","background-position":"center center","background-size":"auto","background-attachment":"scroll","background-type":"","background-media":"","overlay-type":"","overlay-color":"","overlay-gradient":""}},"ast-content-background-meta":{"desktop":{"background-color":"var(--ast-global-color-5)","background-image":"","background-repeat":"repeat","background-position":"center center","background-size":"auto","background-attachment":"scroll","background-type":"","background-media":"","overlay-type":"","overlay-color":"","overlay-gradient":""},"tablet":{"background-color":"var(--ast-global-color-5)","background-image":"","background-repeat":"repeat","background-position":"center center","background-size":"auto","background-attachment":"scroll","background-type":"","background-media":"","overlay-type":"","overlay-color":"","overlay-gradient":""},"mobile":{"background-color":"var(--ast-global-color-5)","background-image":"","background-repeat":"repeat","background-position":"center center","background-size":"auto","background-attachment":"scroll","background-type":"","background-media":"","overlay-type":"","overlay-color":"","overlay-gradient":""}},"footnotes":""},"categories":[155,9,988,977],"tags":[61283,2853,61285,2609,2608,61284],"class_list":["post-20083","post","type-post","status-publish","format-standard","hentry","category-ciencias-clinicas","category-ciencias-medicas","category-oftalmologia","category-santiago-de-compostela","tag-basher-hayik","tag-juan-antonio-duran-de-la-colina","tag-juan-verdguter-tarradelles","tag-manuel-sanchez-salorio","tag-maria-del-carmen-capeans-tome","tag-ulla-de-irazazabal-francisco-javier-gomez"],"_links":{"self":[{"href":"https:\/\/www.deberes.net\/tesis\/wp-json\/wp\/v2\/posts\/20083","targetHints":{"allow":["GET"]}}],"collection":[{"href":"https:\/\/www.deberes.net\/tesis\/wp-json\/wp\/v2\/posts"}],"about":[{"href":"https:\/\/www.deberes.net\/tesis\/wp-json\/wp\/v2\/types\/post"}],"author":[{"embeddable":true,"href":"https:\/\/www.deberes.net\/tesis\/wp-json\/wp\/v2\/users\/1"}],"replies":[{"embeddable":true,"href":"https:\/\/www.deberes.net\/tesis\/wp-json\/wp\/v2\/comments?post=20083"}],"version-history":[{"count":0,"href":"https:\/\/www.deberes.net\/tesis\/wp-json\/wp\/v2\/posts\/20083\/revisions"}],"wp:attachment":[{"href":"https:\/\/www.deberes.net\/tesis\/wp-json\/wp\/v2\/media?parent=20083"}],"wp:term":[{"taxonomy":"category","embeddable":true,"href":"https:\/\/www.deberes.net\/tesis\/wp-json\/wp\/v2\/categories?post=20083"},{"taxonomy":"post_tag","embeddable":true,"href":"https:\/\/www.deberes.net\/tesis\/wp-json\/wp\/v2\/tags?post=20083"}],"curies":[{"name":"wp","href":"https:\/\/api.w.org\/{rel}","templated":true}]}}