{"id":20107,"date":"2018-03-09T09:09:19","date_gmt":"2018-03-09T09:09:19","guid":{"rendered":"https:\/\/www.deberes.net\/tesis\/sin-categoria\/el-universo-imaginario-de-rober-margerit-los-espacios\/"},"modified":"2018-03-09T09:09:19","modified_gmt":"2018-03-09T09:09:19","slug":"el-universo-imaginario-de-rober-margerit-los-espacios","status":"publish","type":"post","link":"https:\/\/www.deberes.net\/tesis\/valladolid\/el-universo-imaginario-de-rober-margerit-los-espacios\/","title":{"rendered":"El universo imaginario de rober margerit: los espacios"},"content":{"rendered":"<h2>Tesis doctoral de <strong>  P\u00e9rez Lacarta Ana M. <\/strong><\/h2>\n<p>Con esta tesis, pretendemos dar a conocer la obra de un autor prol\u00edfico y polifac\u00e9tico, todav\u00eda hoy sumido en el olvido.  centr\u00e1ndonos en la producci\u00f3n literaria de un hombre, que, sin formar parte de ning\u00fan grupo literario del siglo xx, prob\u00f3 suerte con distintos g\u00e9neros y t\u00e9nicas narrativas, hemos tratado de demostrar que su obra es una, y s\u00f3lo en apariencia, diversa.  para ello, hemos optado por analizar al configuraci\u00f3n de los espacios margeritianos desde la \u00f3ptica de la cr\u00edtica de lo imaginario. La oposici\u00f3n privado\/p\u00fablico nos ha permitido estructura este trabajo en dos partes bien diferenciadas, en las que se ha lleva a cabo un estudio pormenorizado de las constelaciones de im\u00e1genes que modelan la casa y la ciudad margeritiana respectivamente.  profundizando en la interpretaci\u00f3n de los s\u00edmbolos espaciales que est\u00e1n presentes en las diversas creaciones de robert margerit, hemos hallado la homogeneidad significativa de una obra que trasluce una incensante lucha interior y una fuerte tendencia al recogimiento.<\/p>\n<p>&nbsp;<\/p>\n<h3>Datos acad\u00e9micos de la tesis doctoral \u00ab<strong>El universo imaginario de rober margerit: los espacios<\/strong>\u00ab<\/h3>\n<ul>\n<li><strong>T\u00edtulo de la tesis:<\/strong>\u00a0 El universo imaginario de rober margerit: los espacios <\/li>\n<li><strong>Autor:<\/strong>\u00a0  P\u00e9rez Lacarta Ana M. <\/li>\n<li><strong>Universidad:<\/strong>\u00a0 Valladolid<\/li>\n<li><strong>Fecha de lectura de la tesis:<\/strong>\u00a0 22\/11\/2002<\/li>\n<\/ul>\n<p>&nbsp;<\/p>\n<h3>Direcci\u00f3n y tribunal<\/h3>\n<ul>\n<li><strong>Director de la tesis<\/strong>\n<ul>\n<li>Juli\u00e1n Mateo Ballorca<\/li>\n<\/ul>\n<\/li>\n<li><strong>Tribunal<\/strong>\n<ul>\n<li>Presidente del tribunal:  Hern\u00e1ndez rodr\u00edguez Francisco javier <\/li>\n<li>Jes\u00fas Cascon  marcos (vocal)<\/li>\n<li>Mar\u00eda  pilar Abad garcia (vocal)<\/li>\n<li>dolores Jim\u00e9nez (vocal)<\/li>\n<\/ul>\n<\/li>\n<\/ul>\n<p>&nbsp;<\/p>\n","protected":false},"excerpt":{"rendered":"<p>Tesis doctoral de P\u00e9rez Lacarta Ana M. Con esta tesis, pretendemos dar a conocer la obra de un autor prol\u00edfico [&hellip;]<\/p>\n","protected":false},"author":1,"featured_media":0,"comment_status":"open","ping_status":"open","sticky":false,"template":"","format":"standard","meta":{"site-sidebar-layout":"default","site-content-layout":"","ast-site-content-layout":"","site-content-style":"default","site-sidebar-style":"default","ast-global-header-display":"","ast-banner-title-visibility":"","ast-main-header-display":"","ast-hfb-above-header-display":"","ast-hfb-below-header-display":"","ast-hfb-mobile-header-display":"","site-post-title":"","ast-breadcrumbs-content":"","ast-featured-img":"","footer-sml-layout":"","theme-transparent-header-meta":"","adv-header-id-meta":"","stick-header-meta":"","header-above-stick-meta":"","header-main-stick-meta":"","header-below-stick-meta":"","astra-migrate-meta-layouts":"default","ast-page-background-enabled":"default","ast-page-background-meta":{"desktop":{"background-color":"var(--ast-global-color-4)","background-image":"","background-repeat":"repeat","background-position":"center center","background-size":"auto","background-attachment":"scroll","background-type":"","background-media":"","overlay-type":"","overlay-color":"","overlay-gradient":""},"tablet":{"background-color":"","background-image":"","background-repeat":"repeat","background-position":"center center","background-size":"auto","background-attachment":"scroll","background-type":"","background-media":"","overlay-type":"","overlay-color":"","overlay-gradient":""},"mobile":{"background-color":"","background-image":"","background-repeat":"repeat","background-position":"center center","background-size":"auto","background-attachment":"scroll","background-type":"","background-media":"","overlay-type":"","overlay-color":"","overlay-gradient":""}},"ast-content-background-meta":{"desktop":{"background-color":"var(--ast-global-color-5)","background-image":"","background-repeat":"repeat","background-position":"center center","background-size":"auto","background-attachment":"scroll","background-type":"","background-media":"","overlay-type":"","overlay-color":"","overlay-gradient":""},"tablet":{"background-color":"var(--ast-global-color-5)","background-image":"","background-repeat":"repeat","background-position":"center center","background-size":"auto","background-attachment":"scroll","background-type":"","background-media":"","overlay-type":"","overlay-color":"","overlay-gradient":""},"mobile":{"background-color":"var(--ast-global-color-5)","background-image":"","background-repeat":"repeat","background-position":"center center","background-size":"auto","background-attachment":"scroll","background-type":"","background-media":"","overlay-type":"","overlay-color":"","overlay-gradient":""}},"footnotes":""},"categories":[12451],"tags":[61346,5926,35594,12454,23568,61345],"class_list":["post-20107","post","type-post","status-publish","format-standard","hentry","category-valladolid","tag-dolores-jimenez","tag-hernandez-rodriguez-francisco-javier","tag-jesus-cascon-marcos","tag-julian-mateo-ballorca","tag-maria-pilar-abad-garcia","tag-perez-lacarta-ana-m"],"_links":{"self":[{"href":"https:\/\/www.deberes.net\/tesis\/wp-json\/wp\/v2\/posts\/20107","targetHints":{"allow":["GET"]}}],"collection":[{"href":"https:\/\/www.deberes.net\/tesis\/wp-json\/wp\/v2\/posts"}],"about":[{"href":"https:\/\/www.deberes.net\/tesis\/wp-json\/wp\/v2\/types\/post"}],"author":[{"embeddable":true,"href":"https:\/\/www.deberes.net\/tesis\/wp-json\/wp\/v2\/users\/1"}],"replies":[{"embeddable":true,"href":"https:\/\/www.deberes.net\/tesis\/wp-json\/wp\/v2\/comments?post=20107"}],"version-history":[{"count":0,"href":"https:\/\/www.deberes.net\/tesis\/wp-json\/wp\/v2\/posts\/20107\/revisions"}],"wp:attachment":[{"href":"https:\/\/www.deberes.net\/tesis\/wp-json\/wp\/v2\/media?parent=20107"}],"wp:term":[{"taxonomy":"category","embeddable":true,"href":"https:\/\/www.deberes.net\/tesis\/wp-json\/wp\/v2\/categories?post=20107"},{"taxonomy":"post_tag","embeddable":true,"href":"https:\/\/www.deberes.net\/tesis\/wp-json\/wp\/v2\/tags?post=20107"}],"curies":[{"name":"wp","href":"https:\/\/api.w.org\/{rel}","templated":true}]}}