{"id":20149,"date":"2018-03-09T09:09:23","date_gmt":"2018-03-09T09:09:23","guid":{"rendered":"https:\/\/www.deberes.net\/tesis\/sin-categoria\/prevalencia-e-incidencia-de-cardiopata%c2%ada-isquemica-en-ancianos-espanoles-estudio-epicardian\/"},"modified":"2018-03-09T09:09:23","modified_gmt":"2018-03-09T09:09:23","slug":"prevalencia-e-incidencia-de-cardiopata%c2%ada-isquemica-en-ancianos-espanoles-estudio-epicardian","status":"publish","type":"post","link":"https:\/\/www.deberes.net\/tesis\/sin-categoria\/prevalencia-e-incidencia-de-cardiopata%c2%ada-isquemica-en-ancianos-espanoles-estudio-epicardian\/","title":{"rendered":"PreValencia e incidencia de cardiopat\u00edaisqu\u00e9mica en ancianos espa\u00f1oles estudio epicardian"},"content":{"rendered":"<h2>Tesis doctoral de <strong> Blanca Novella Arribas <\/strong><\/h2>\n<p>Objetivo general  estimar preValencia e incidencia de ci en sujetos mayores de 65 a\u00f1os no institucionalizados en tres grupos de poblaci\u00f3n del medio rural y urbano espa\u00f1ol y comparar entre grupos de edad y sexo y entre las tres poblaciones analizadas.  objetivos espec\u00edficos  estimar tasas espec\u00edficas de preValencia de ci en la poblaci\u00f3n sujeto de estudio por edad y sexo. Estimar tasas espec\u00edficas de incidencia y mortalidad por iam en la poblaci\u00f3n sujeto de estudio por edad y sexo. Comparar las tasas de incidencia por subgrupos de edad y sexo y entre zonas rural y urbana.  caracter\u00edsticas generales del estudio  estudio de cohorte concurrentes con dos transversales, desde 1994 a 1998. (3,2 a\u00f1os de seguimiento), estudio multic\u00e9ntrico de base poblacional en dos zonas urbanas, lista y las margaritas, y una rural ar\u00e9valo en avila. los sujetos de estudio elegibles eran todas aquellas personas inscritas en los padrones municipales o registro de salud de las \u00e1reas de estudio, a fecha 31 de diciembre de 1993, mayores o iguales a 65 a\u00f1os, y que habitualmente vivieran en la zona un m\u00ednimo de seis meses al a\u00f1o y criterios de exclusi\u00f3n fueron discapacidad y minusval\u00eda relevante, enfermedad terminal e institucionalizados.  calculo del tama\u00f1o muestral  n=6.394 que garantiza poder estad\u00edstico&gt; al 80% en la detecci\u00f3n de nuevos casos de ci (tasa del ia=20% en tres a\u00f1os).  m\u00e9todo de muestreo  en lista, aleatorio, estratificado por edad y sexo proporcional a distribuci\u00f3n en poblaci\u00f3n (1.284) 23% de la poblaci\u00f3n total. En ar\u00e9valo y margaritas se estudi\u00f3 el conjunto de la poblaci\u00f3n (2.212 y 2.251 respectivamente). el estudio sobremuestrea un 7% los estratos m\u00e1s ancianos, para compensar la probable disminuci\u00f3n de la fuerza de la asociaci\u00f3n.  m\u00e9todo de estudio  primera fase de reclutamiento y recogida de datos de los participantes en el estudio, en su domicilio, posteriormente una fase de b\u00fasqueda en fr\u00edo con cr<\/p>\n<p>&nbsp;<\/p>\n<h3>Datos acad\u00e9micos de la tesis doctoral \u00ab<strong>PreValencia e incidencia de cardiopat\u00edaisqu\u00e9mica en ancianos espa\u00f1oles estudio epicardian<\/strong>\u00ab<\/h3>\n<ul>\n<li><strong>T\u00edtulo de la tesis:<\/strong>\u00a0 PreValencia e incidencia de cardiopat\u00edaisqu\u00e9mica en ancianos espa\u00f1oles estudio epicardian <\/li>\n<li><strong>Autor:<\/strong>\u00a0 Blanca Novella Arribas <\/li>\n<li><strong>Universidad:<\/strong>\u00a0 Aut\u00f3noma de Madrid<\/li>\n<li><strong>Fecha de lectura de la tesis:<\/strong>\u00a0 25\/11\/2002<\/li>\n<\/ul>\n<p>&nbsp;<\/p>\n<h3>Direcci\u00f3n y tribunal<\/h3>\n<ul>\n<li><strong>Director de la tesis<\/strong>\n<ul>\n<li>Rafael Gabriel S\u00e1nchez<\/li>\n<\/ul>\n<\/li>\n<li><strong>Tribunal<\/strong>\n<ul>\n<li>Presidente del tribunal: Juan Del rey calero <\/li>\n<li> Ribero casado Jos\u00e9 Manuel (vocal)<\/li>\n<li> Fern\u00e1ndez cruz p\u00e9rez arturo (vocal)<\/li>\n<li>jaume Marrugat de la iglesia (vocal)<\/li>\n<\/ul>\n<\/li>\n<\/ul>\n<p>&nbsp;<\/p>\n","protected":false},"excerpt":{"rendered":"<p>Tesis doctoral de Blanca Novella Arribas Objetivo general estimar preValencia e incidencia de ci en sujetos mayores de 65 a\u00f1os [&hellip;]<\/p>\n","protected":false},"author":1,"featured_media":0,"comment_status":"open","ping_status":"open","sticky":false,"template":"","format":"standard","meta":{"site-sidebar-layout":"default","site-content-layout":"","ast-site-content-layout":"","site-content-style":"default","site-sidebar-style":"default","ast-global-header-display":"","ast-banner-title-visibility":"","ast-main-header-display":"","ast-hfb-above-header-display":"","ast-hfb-below-header-display":"","ast-hfb-mobile-header-display":"","site-post-title":"","ast-breadcrumbs-content":"","ast-featured-img":"","footer-sml-layout":"","theme-transparent-header-meta":"","adv-header-id-meta":"","stick-header-meta":"","header-above-stick-meta":"","header-main-stick-meta":"","header-below-stick-meta":"","astra-migrate-meta-layouts":"default","ast-page-background-enabled":"default","ast-page-background-meta":{"desktop":{"background-color":"var(--ast-global-color-4)","background-image":"","background-repeat":"repeat","background-position":"center center","background-size":"auto","background-attachment":"scroll","background-type":"","background-media":"","overlay-type":"","overlay-color":"","overlay-gradient":""},"tablet":{"background-color":"","background-image":"","background-repeat":"repeat","background-position":"center center","background-size":"auto","background-attachment":"scroll","background-type":"","background-media":"","overlay-type":"","overlay-color":"","overlay-gradient":""},"mobile":{"background-color":"","background-image":"","background-repeat":"repeat","background-position":"center center","background-size":"auto","background-attachment":"scroll","background-type":"","background-media":"","overlay-type":"","overlay-color":"","overlay-gradient":""}},"ast-content-background-meta":{"desktop":{"background-color":"var(--ast-global-color-5)","background-image":"","background-repeat":"repeat","background-position":"center center","background-size":"auto","background-attachment":"scroll","background-type":"","background-media":"","overlay-type":"","overlay-color":"","overlay-gradient":""},"tablet":{"background-color":"var(--ast-global-color-5)","background-image":"","background-repeat":"repeat","background-position":"center center","background-size":"auto","background-attachment":"scroll","background-type":"","background-media":"","overlay-type":"","overlay-color":"","overlay-gradient":""},"mobile":{"background-color":"var(--ast-global-color-5)","background-image":"","background-repeat":"repeat","background-position":"center center","background-size":"auto","background-attachment":"scroll","background-type":"","background-media":"","overlay-type":"","overlay-color":"","overlay-gradient":""}},"footnotes":""},"categories":[1],"tags":[61441,43242,39053,942,29806,61442],"class_list":["post-20149","post","type-post","status-publish","format-standard","hentry","category-sin-categoria","tag-blanca-novella-arribas","tag-fernandez-cruz-perez-arturo","tag-jaume-marrugat-de-la-iglesia","tag-juan-del-rey-calero","tag-rafael-gabriel-sanchez","tag-ribero-casado-jose-manuel"],"_links":{"self":[{"href":"https:\/\/www.deberes.net\/tesis\/wp-json\/wp\/v2\/posts\/20149","targetHints":{"allow":["GET"]}}],"collection":[{"href":"https:\/\/www.deberes.net\/tesis\/wp-json\/wp\/v2\/posts"}],"about":[{"href":"https:\/\/www.deberes.net\/tesis\/wp-json\/wp\/v2\/types\/post"}],"author":[{"embeddable":true,"href":"https:\/\/www.deberes.net\/tesis\/wp-json\/wp\/v2\/users\/1"}],"replies":[{"embeddable":true,"href":"https:\/\/www.deberes.net\/tesis\/wp-json\/wp\/v2\/comments?post=20149"}],"version-history":[{"count":0,"href":"https:\/\/www.deberes.net\/tesis\/wp-json\/wp\/v2\/posts\/20149\/revisions"}],"wp:attachment":[{"href":"https:\/\/www.deberes.net\/tesis\/wp-json\/wp\/v2\/media?parent=20149"}],"wp:term":[{"taxonomy":"category","embeddable":true,"href":"https:\/\/www.deberes.net\/tesis\/wp-json\/wp\/v2\/categories?post=20149"},{"taxonomy":"post_tag","embeddable":true,"href":"https:\/\/www.deberes.net\/tesis\/wp-json\/wp\/v2\/tags?post=20149"}],"curies":[{"name":"wp","href":"https:\/\/api.w.org\/{rel}","templated":true}]}}