{"id":20161,"date":"2018-03-09T09:09:24","date_gmt":"2018-03-09T09:09:24","guid":{"rendered":"https:\/\/www.deberes.net\/tesis\/sin-categoria\/estudio-linguistico-de-la-interaccion-sanitaria-la-entrevista-cla%c2%adnica\/"},"modified":"2018-03-09T09:09:24","modified_gmt":"2018-03-09T09:09:24","slug":"estudio-linguistico-de-la-interaccion-sanitaria-la-entrevista-cla%c2%adnica","status":"publish","type":"post","link":"https:\/\/www.deberes.net\/tesis\/almeria\/estudio-linguistico-de-la-interaccion-sanitaria-la-entrevista-cla%c2%adnica\/","title":{"rendered":"Estudio linguistico de la interacci\u00f3n sanitaria: la entrevista cl\u00ednica"},"content":{"rendered":"<h2>Tesis doctoral de <strong>  Jim\u00e9nez Jim\u00e9nez Dionisio Francisco <\/strong><\/h2>\n<p>Se trata de una investigaci\u00f3n que pretende incardinarse en los \u00e1mbitos profesionales a los que desde una tradici\u00f3n ya lejana, aunque no siempre &#8212; intenta aproximarse la ling\u00ed\u00bc\u00edstica, pero desde luego este trabajo puede considerarse adem\u00e1s una emotiva condensaci\u00f3n de historias humanas y dolores personales &#8212; por el trasluz de una herramienta cient\u00edfica; instrumento cuyo objetivo es estudiar la actividad ling\u00ed\u00bc\u00edstica y comunicativa para que el mejor de los supuestos sea mejorda. Esta investigaci\u00f3n, quiere contribuir tambi\u00e9n al estudio de actos socioling\u00ed\u00bc\u00edsticos enormemente complejos como son las entrevistas cl\u00ednicas. El material  de an\u00e1lisis utilizado lo conforma un corpus de entrevistas cl\u00ednicas audio y videograbadas, punto de arranque de lo que podr\u00eda ser un vasto campo de investigaci\u00f3n dentro de la interacci\u00f3n sanitaria.  desde esa misma l\u00ednea de fondo no hemos querido pasar por alto distintos modelos te\u00f3ricos capaces de fundamentar nuestro estudio, desde propuestas como la de los g\u00e9neros socioling\u00ed\u00bc\u00edsticos o la del di\u00e1logo y\/o comunicaci\u00f3n institucionales hasta observaciones que pueden adscribirse al entorno te\u00f3rico y metodol\u00f3gico del estudio de la interralaci\u00f3n entre lenguaje y poder o de la etnografia del habla misma.  otro presupuesto que eliment\u00f3 desde el principio nuestra atenci\u00f3n por un estudio ling\u00ed\u00bc\u00edstico sobre la interacci\u00f3n sanitaria es la importancia de una buena comunicaci\u00f3n en la entrevista ya que constituye el basamento para aproximarse a un diagn\u00f3stico correcto. De esta manera muchos han proclamado justificadamente la necesidad de un acercamiento mutuo entre medicina y ling\u00ed\u00bc\u00edstica. Para ello, al menos, consideramos que era imprescindible que en cualquier investigaci\u00f3n se introdujesen puntos de vista, disciplinas y \u00e1mbitos que tradicionalmente hayan podido estar fuera de su objeto de estudio respectivo para descubir las posibles afinidades o nuevos m\u00e9todos qu\u00e9 aumenten y enriquezcan<\/p>\n<p>&nbsp;<\/p>\n<h3>Datos acad\u00e9micos de la tesis doctoral \u00ab<strong>Estudio linguistico de la interacci\u00f3n sanitaria: la entrevista cl\u00ednica<\/strong>\u00ab<\/h3>\n<ul>\n<li><strong>T\u00edtulo de la tesis:<\/strong>\u00a0 Estudio linguistico de la interacci\u00f3n sanitaria: la entrevista cl\u00ednica <\/li>\n<li><strong>Autor:<\/strong>\u00a0  Jim\u00e9nez Jim\u00e9nez Dionisio Francisco <\/li>\n<li><strong>Universidad:<\/strong>\u00a0 Almer\u00eda<\/li>\n<li><strong>Fecha de lectura de la tesis:<\/strong>\u00a0 25\/11\/2002<\/li>\n<\/ul>\n<p>&nbsp;<\/p>\n<h3>Direcci\u00f3n y tribunal<\/h3>\n<ul>\n<li><strong>Director de la tesis<\/strong>\n<ul>\n<li>Antonio  Daniel Fuentes Gonz\u00e1lez<\/li>\n<\/ul>\n<\/li>\n<li><strong>Tribunal<\/strong>\n<ul>\n<li>Presidente del tribunal:  De molina redondo  Jos\u00e9 andres <\/li>\n<li>sebastia Serrano farrera (vocal)<\/li>\n<li> Garc\u00eda marcos Francisco joaqu\u00edn (vocal)<\/li>\n<li>pedro Molina Garc\u00eda (vocal)<\/li>\n<\/ul>\n<\/li>\n<\/ul>\n<p>&nbsp;<\/p>\n","protected":false},"excerpt":{"rendered":"<p>Tesis doctoral de Jim\u00e9nez Jim\u00e9nez Dionisio Francisco Se trata de una investigaci\u00f3n que pretende incardinarse en los \u00e1mbitos profesionales a [&hellip;]<\/p>\n","protected":false},"author":1,"featured_media":0,"comment_status":"open","ping_status":"open","sticky":false,"template":"","format":"standard","meta":{"site-sidebar-layout":"default","site-content-layout":"","ast-site-content-layout":"","site-content-style":"default","site-sidebar-style":"default","ast-global-header-display":"","ast-banner-title-visibility":"","ast-main-header-display":"","ast-hfb-above-header-display":"","ast-hfb-below-header-display":"","ast-hfb-mobile-header-display":"","site-post-title":"","ast-breadcrumbs-content":"","ast-featured-img":"","footer-sml-layout":"","theme-transparent-header-meta":"","adv-header-id-meta":"","stick-header-meta":"","header-above-stick-meta":"","header-main-stick-meta":"","header-below-stick-meta":"","astra-migrate-meta-layouts":"default","ast-page-background-enabled":"default","ast-page-background-meta":{"desktop":{"background-color":"var(--ast-global-color-4)","background-image":"","background-repeat":"repeat","background-position":"center center","background-size":"auto","background-attachment":"scroll","background-type":"","background-media":"","overlay-type":"","overlay-color":"","overlay-gradient":""},"tablet":{"background-color":"","background-image":"","background-repeat":"repeat","background-position":"center center","background-size":"auto","background-attachment":"scroll","background-type":"","background-media":"","overlay-type":"","overlay-color":"","overlay-gradient":""},"mobile":{"background-color":"","background-image":"","background-repeat":"repeat","background-position":"center center","background-size":"auto","background-attachment":"scroll","background-type":"","background-media":"","overlay-type":"","overlay-color":"","overlay-gradient":""}},"ast-content-background-meta":{"desktop":{"background-color":"var(--ast-global-color-5)","background-image":"","background-repeat":"repeat","background-position":"center center","background-size":"auto","background-attachment":"scroll","background-type":"","background-media":"","overlay-type":"","overlay-color":"","overlay-gradient":""},"tablet":{"background-color":"var(--ast-global-color-5)","background-image":"","background-repeat":"repeat","background-position":"center center","background-size":"auto","background-attachment":"scroll","background-type":"","background-media":"","overlay-type":"","overlay-color":"","overlay-gradient":""},"mobile":{"background-color":"var(--ast-global-color-5)","background-image":"","background-repeat":"repeat","background-position":"center center","background-size":"auto","background-attachment":"scroll","background-type":"","background-media":"","overlay-type":"","overlay-color":"","overlay-gradient":""}},"footnotes":""},"categories":[18909],"tags":[3677,1517,21710,61473,1248,19172],"class_list":["post-20161","post","type-post","status-publish","format-standard","hentry","category-almeria","tag-antonio-daniel-fuentes-gonzalez","tag-de-molina-redondo-jose-andres","tag-garcia-marcos-francisco-joaquin","tag-jimenez-jimenez-dionisio-francisco","tag-pedro-molina-garcia","tag-sebastia-serrano-farrera"],"_links":{"self":[{"href":"https:\/\/www.deberes.net\/tesis\/wp-json\/wp\/v2\/posts\/20161","targetHints":{"allow":["GET"]}}],"collection":[{"href":"https:\/\/www.deberes.net\/tesis\/wp-json\/wp\/v2\/posts"}],"about":[{"href":"https:\/\/www.deberes.net\/tesis\/wp-json\/wp\/v2\/types\/post"}],"author":[{"embeddable":true,"href":"https:\/\/www.deberes.net\/tesis\/wp-json\/wp\/v2\/users\/1"}],"replies":[{"embeddable":true,"href":"https:\/\/www.deberes.net\/tesis\/wp-json\/wp\/v2\/comments?post=20161"}],"version-history":[{"count":0,"href":"https:\/\/www.deberes.net\/tesis\/wp-json\/wp\/v2\/posts\/20161\/revisions"}],"wp:attachment":[{"href":"https:\/\/www.deberes.net\/tesis\/wp-json\/wp\/v2\/media?parent=20161"}],"wp:term":[{"taxonomy":"category","embeddable":true,"href":"https:\/\/www.deberes.net\/tesis\/wp-json\/wp\/v2\/categories?post=20161"},{"taxonomy":"post_tag","embeddable":true,"href":"https:\/\/www.deberes.net\/tesis\/wp-json\/wp\/v2\/tags?post=20161"}],"curies":[{"name":"wp","href":"https:\/\/api.w.org\/{rel}","templated":true}]}}