{"id":20174,"date":"2018-03-09T09:09:25","date_gmt":"2018-03-09T09:09:25","guid":{"rendered":"https:\/\/www.deberes.net\/tesis\/sin-categoria\/tecnica-de-dimensionado-y-soporte-de-calidad-de-servicio-para-redes-de-acceso-de-sistemas-de-comunicaciones-moviles-umts\/"},"modified":"2018-03-09T09:09:25","modified_gmt":"2018-03-09T09:09:25","slug":"tecnica-de-dimensionado-y-soporte-de-calidad-de-servicio-para-redes-de-acceso-de-sistemas-de-comunicaciones-moviles-umts","status":"publish","type":"post","link":"https:\/\/www.deberes.net\/tesis\/politecnica-de-madrid\/tecnica-de-dimensionado-y-soporte-de-calidad-de-servicio-para-redes-de-acceso-de-sistemas-de-comunicaciones-moviles-umts\/","title":{"rendered":"T\u00e9cnica de dimensionado y soporte de calidad de servicio para redes de acceso de sistemas de comunicaciones m\u00f3viles \u00abumts\u00bb"},"content":{"rendered":"<h2>Tesis doctoral de <strong> Ana Bel\u00e9n Garc\u00eda Hernando <\/strong><\/h2>\n<p>Esta tesis doctoral aborda el problema del dimensionado de la infraestructura de transmisi\u00f3n en la red de acceso terrestre del sistema umts (universal mobile telecommunications system). Las especificaciones actuales del sistema umts definen una arquitectura de protocolos normalizada basada en atm (asynchronous transfer mode) para los interfaces de la red de acceso. Dentro de este \u00e1mbito, el principal objetivo que se plantea en la tesis es la determinaci\u00f3n de las capacidades de transmisi\u00f3n \u00f3ptimas necesarias para sastisfacer los requisitos de calidad asociados a cada tipo de servicio imts.  como primera  aportaci\u00f3n de la tesis, se define un modelo de tr\u00e1fico de usuario para la red de acceso radio terrestre umts (utran, umts terrestrial radio access network). El modelo es aplicable a las cuatro clases de tr\u00e1fico que, a efectos de qos, se establecen en las especificaciones del sistema umts. En la definici\u00f3n del modelo se tienen en cuenta no s\u00f3lo los atributos espec\u00edficos que permiten la caracterizaci\u00f3n de una fuente de tr\u00e1fico, sino tambi\u00e9n las particularidades que comporta el empleo de la arquitectura de protocolos normalizada para utram.  la segunda aportaci\u00f3n consiste en la especificicaci\u00f3n de los objetivos de qos a satisfacer para cada clase de tr\u00e1fico umts en los interfaces de la red de acceso que son objeto de estudio. Esta contribuci\u00f3n parte de la identificaci\u00f3n de los par\u00e1metros de qos m\u00e1s relevantes a efectos del dimensionado de dichos interfaces. En base a estos par\u00e1metros, y a partir de los requisitos de qos establecidos por los est\u00e1ndares parala utran en su conjunto, se derivan los objetivos parciales a satisfacer sobre los interfaces bajo estudio.  por \u00faltimo, y como aportaci\u00f3n m\u00e1s relevante de la tesis doctoral, se lleva a cabo la evaluaci\u00f3n y propuesta de una metodolog\u00eda de dimensionado multiservicio con requisitos de qos, particularizada para le interfaz entre estaciones base y controladores de<\/p>\n<p>&nbsp;<\/p>\n<h3>Datos acad\u00e9micos de la tesis doctoral \u00ab<strong>T\u00e9cnica de dimensionado y soporte de calidad de servicio para redes de acceso de sistemas de comunicaciones m\u00f3viles \u00abumts\u00bb<\/strong>\u00ab<\/h3>\n<ul>\n<li><strong>T\u00edtulo de la tesis:<\/strong>\u00a0 T\u00e9cnica de dimensionado y soporte de calidad de servicio para redes de acceso de sistemas de comunicaciones m\u00f3viles \u00abumts\u00bb <\/li>\n<li><strong>Autor:<\/strong>\u00a0 Ana Bel\u00e9n Garc\u00eda Hernando <\/li>\n<li><strong>Universidad:<\/strong>\u00a0 Polit\u00e9cnica de Madrid<\/li>\n<li><strong>Fecha de lectura de la tesis:<\/strong>\u00a0 26\/11\/2002<\/li>\n<\/ul>\n<p>&nbsp;<\/p>\n<h3>Direcci\u00f3n y tribunal<\/h3>\n<ul>\n<li><strong>Director de la tesis<\/strong>\n<ul>\n<li>Manuel Alvarez Campana Fernandez Corredor<\/li>\n<\/ul>\n<\/li>\n<li><strong>Tribunal<\/strong>\n<ul>\n<li>Presidente del tribunal: enrique V\u00e1zquez gallo <\/li>\n<li> Vozmediano torres Juan  Manuel (vocal)<\/li>\n<li>joan Vinyes i sanz (vocal)<\/li>\n<li>Javier Aracil rico (vocal)<\/li>\n<\/ul>\n<\/li>\n<\/ul>\n<p>&nbsp;<\/p>\n","protected":false},"excerpt":{"rendered":"<p>Tesis doctoral de Ana Bel\u00e9n Garc\u00eda Hernando Esta tesis doctoral aborda el problema del dimensionado de la infraestructura de transmisi\u00f3n [&hellip;]<\/p>\n","protected":false},"author":1,"featured_media":0,"comment_status":"open","ping_status":"open","sticky":false,"template":"","format":"standard","meta":{"site-sidebar-layout":"default","site-content-layout":"","ast-site-content-layout":"","site-content-style":"default","site-sidebar-style":"default","ast-global-header-display":"","ast-banner-title-visibility":"","ast-main-header-display":"","ast-hfb-above-header-display":"","ast-hfb-below-header-display":"","ast-hfb-mobile-header-display":"","site-post-title":"","ast-breadcrumbs-content":"","ast-featured-img":"","footer-sml-layout":"","theme-transparent-header-meta":"","adv-header-id-meta":"","stick-header-meta":"","header-above-stick-meta":"","header-main-stick-meta":"","header-below-stick-meta":"","astra-migrate-meta-layouts":"default","ast-page-background-enabled":"default","ast-page-background-meta":{"desktop":{"background-color":"var(--ast-global-color-4)","background-image":"","background-repeat":"repeat","background-position":"center center","background-size":"auto","background-attachment":"scroll","background-type":"","background-media":"","overlay-type":"","overlay-color":"","overlay-gradient":""},"tablet":{"background-color":"","background-image":"","background-repeat":"repeat","background-position":"center center","background-size":"auto","background-attachment":"scroll","background-type":"","background-media":"","overlay-type":"","overlay-color":"","overlay-gradient":""},"mobile":{"background-color":"","background-image":"","background-repeat":"repeat","background-position":"center center","background-size":"auto","background-attachment":"scroll","background-type":"","background-media":"","overlay-type":"","overlay-color":"","overlay-gradient":""}},"ast-content-background-meta":{"desktop":{"background-color":"var(--ast-global-color-5)","background-image":"","background-repeat":"repeat","background-position":"center center","background-size":"auto","background-attachment":"scroll","background-type":"","background-media":"","overlay-type":"","overlay-color":"","overlay-gradient":""},"tablet":{"background-color":"var(--ast-global-color-5)","background-image":"","background-repeat":"repeat","background-position":"center center","background-size":"auto","background-attachment":"scroll","background-type":"","background-media":"","overlay-type":"","overlay-color":"","overlay-gradient":""},"mobile":{"background-color":"var(--ast-global-color-5)","background-image":"","background-repeat":"repeat","background-position":"center center","background-size":"auto","background-attachment":"scroll","background-type":"","background-media":"","overlay-type":"","overlay-color":"","overlay-gradient":""}},"footnotes":""},"categories":[16008],"tags":[61508,16618,30589,16619,30577,30579],"class_list":["post-20174","post","type-post","status-publish","format-standard","hentry","category-politecnica-de-madrid","tag-ana-belen-garcia-hernando","tag-enrique-vazquez-gallo","tag-javier-aracil-rico","tag-joan-vinyes-i-sanz","tag-manuel-alvarez-campana-fernandez-corredor","tag-vozmediano-torres-juan-manuel"],"_links":{"self":[{"href":"https:\/\/www.deberes.net\/tesis\/wp-json\/wp\/v2\/posts\/20174","targetHints":{"allow":["GET"]}}],"collection":[{"href":"https:\/\/www.deberes.net\/tesis\/wp-json\/wp\/v2\/posts"}],"about":[{"href":"https:\/\/www.deberes.net\/tesis\/wp-json\/wp\/v2\/types\/post"}],"author":[{"embeddable":true,"href":"https:\/\/www.deberes.net\/tesis\/wp-json\/wp\/v2\/users\/1"}],"replies":[{"embeddable":true,"href":"https:\/\/www.deberes.net\/tesis\/wp-json\/wp\/v2\/comments?post=20174"}],"version-history":[{"count":0,"href":"https:\/\/www.deberes.net\/tesis\/wp-json\/wp\/v2\/posts\/20174\/revisions"}],"wp:attachment":[{"href":"https:\/\/www.deberes.net\/tesis\/wp-json\/wp\/v2\/media?parent=20174"}],"wp:term":[{"taxonomy":"category","embeddable":true,"href":"https:\/\/www.deberes.net\/tesis\/wp-json\/wp\/v2\/categories?post=20174"},{"taxonomy":"post_tag","embeddable":true,"href":"https:\/\/www.deberes.net\/tesis\/wp-json\/wp\/v2\/tags?post=20174"}],"curies":[{"name":"wp","href":"https:\/\/api.w.org\/{rel}","templated":true}]}}