{"id":20177,"date":"2018-03-09T09:09:25","date_gmt":"2018-03-09T09:09:25","guid":{"rendered":"https:\/\/www.deberes.net\/tesis\/sin-categoria\/el-comercio-electronico-en-el-sector-de-la-distribucion-y-sector-de-electrodomesticos\/"},"modified":"2018-03-09T09:09:25","modified_gmt":"2018-03-09T09:09:25","slug":"el-comercio-electronico-en-el-sector-de-la-distribucion-y-sector-de-electrodomesticos","status":"publish","type":"post","link":"https:\/\/www.deberes.net\/tesis\/nacional-de-educacion-a-distancia\/el-comercio-electronico-en-el-sector-de-la-distribucion-y-sector-de-electrodomesticos\/","title":{"rendered":"El comercio electr\u00f3nico en el sector de la distribuci\u00f3n y sector de electrodom\u00e9sticos"},"content":{"rendered":"<h2>Tesis doctoral de <strong>  Jim\u00e9nez Sabio Jos\u00e9 Carlos <\/strong><\/h2>\n<p>El impacto del comercio electr\u00f3nico penetra tanto en las empresas de distribuci\u00f3n y del sector de electrodom\u00e9sticos como en la sociedad en su conjunto, y las empresas (grandes, medianas y peque\u00f1as) accedan a nuevas oportunidades, donde adem\u00e1s se ampl\u00edan las fronteras geogr\u00e1ficas.  este trabajo, tras introducir las bases te\u00f3ricas y pr\u00e1cticas sobre las que se asienta, su impacto y transformaci\u00f3n tecnol\u00f3gica, pol\u00edtica y sociol\u00f3gica, permitiendo obtener el suficiente conocimiento del comercio electr\u00f3nico tradicional (edi) y por internet.  el punto de partida de esta tesis ha sido el estudio de los modelos cl\u00e1sicos de la cadena de valor del comercio electr\u00f3nico, sus tipos, el estudio de sus efectos como la eliminaci\u00f3n de intermediarios y como est\u00e1 destinada a transformar de forma radical los modelos de empresa de la distribuci\u00f3n y del electrodom\u00e9stico. Para ello se presenta el an\u00e1lisis del comportamiento de las empresas y ciudadanos: sus cambios, su mayor respeto por la ecolog\u00eda y medioambientales, sus derechos y exigencias (garant\u00edas, post-venta, reciclaje, pre-venta, etc.) Y adem\u00e1s elementos. Se aportan en este an\u00e1lisis todos los elementos y agentes que intervienen en el comercio electr\u00f3nico, particularizando al sector de la distribuci\u00f3n y del electrodom\u00e9stico, dotando de suficientes herramientas para el conocimiento y posible puesta en marcha de las empresas de distribuci\u00f3n en la venta por la red. Como consecuencia de lo anterior, se propone un novedoso y original modelo de la cadena de valor para el sector de la distribuci\u00f3n y del electrodom\u00e9stico, que se adapta a las nuevas necesidades de la sociedad dentro del comercio electr\u00f3nico. Se demuestra, en contra de la opini\u00f3n de los expertos, de la necesidad de la existencia del detallista fuerte \u00f3 p.V.R.  tambi\u00e9n se sugiere un nuevo modelo funcional para el b2b\/b2c, para su desarrollo en plataformas integrales del comercio electr\u00f3nico para el sector de la<\/p>\n<p>&nbsp;<\/p>\n<h3>Datos acad\u00e9micos de la tesis doctoral \u00ab<strong>El comercio electr\u00f3nico en el sector de la distribuci\u00f3n y sector de electrodom\u00e9sticos<\/strong>\u00ab<\/h3>\n<ul>\n<li><strong>T\u00edtulo de la tesis:<\/strong>\u00a0 El comercio electr\u00f3nico en el sector de la distribuci\u00f3n y sector de electrodom\u00e9sticos <\/li>\n<li><strong>Autor:<\/strong>\u00a0  Jim\u00e9nez Sabio Jos\u00e9 Carlos <\/li>\n<li><strong>Universidad:<\/strong>\u00a0 Nacional de educaci\u00f3n a distancia<\/li>\n<li><strong>Fecha de lectura de la tesis:<\/strong>\u00a0 26\/11\/2002<\/li>\n<\/ul>\n<p>&nbsp;<\/p>\n<h3>Direcci\u00f3n y tribunal<\/h3>\n<ul>\n<li><strong>Director de la tesis<\/strong>\n<ul>\n<li>Juan Peire Arroba<\/li>\n<\/ul>\n<\/li>\n<li><strong>Tribunal<\/strong>\n<ul>\n<li>Presidente del tribunal: jose Carpio iba\u00f1ez <\/li>\n<li>Javier Uceda antolin (vocal)<\/li>\n<li>Jos\u00e9 Iturmendi morales (vocal)<\/li>\n<li>Jos\u00e9 ram\u00f3n Soler fuensanta (vocal)<\/li>\n<\/ul>\n<\/li>\n<\/ul>\n<p>&nbsp;<\/p>\n","protected":false},"excerpt":{"rendered":"<p>Tesis doctoral de Jim\u00e9nez Sabio Jos\u00e9 Carlos El impacto del comercio electr\u00f3nico penetra tanto en las empresas de distribuci\u00f3n y [&hellip;]<\/p>\n","protected":false},"author":1,"featured_media":0,"comment_status":"open","ping_status":"open","sticky":false,"template":"","format":"standard","meta":{"site-sidebar-layout":"default","site-content-layout":"","ast-site-content-layout":"","site-content-style":"default","site-sidebar-style":"default","ast-global-header-display":"","ast-banner-title-visibility":"","ast-main-header-display":"","ast-hfb-above-header-display":"","ast-hfb-below-header-display":"","ast-hfb-mobile-header-display":"","site-post-title":"","ast-breadcrumbs-content":"","ast-featured-img":"","footer-sml-layout":"","theme-transparent-header-meta":"","adv-header-id-meta":"","stick-header-meta":"","header-above-stick-meta":"","header-main-stick-meta":"","header-below-stick-meta":"","astra-migrate-meta-layouts":"default","ast-page-background-enabled":"default","ast-page-background-meta":{"desktop":{"background-color":"var(--ast-global-color-4)","background-image":"","background-repeat":"repeat","background-position":"center center","background-size":"auto","background-attachment":"scroll","background-type":"","background-media":"","overlay-type":"","overlay-color":"","overlay-gradient":""},"tablet":{"background-color":"","background-image":"","background-repeat":"repeat","background-position":"center center","background-size":"auto","background-attachment":"scroll","background-type":"","background-media":"","overlay-type":"","overlay-color":"","overlay-gradient":""},"mobile":{"background-color":"","background-image":"","background-repeat":"repeat","background-position":"center center","background-size":"auto","background-attachment":"scroll","background-type":"","background-media":"","overlay-type":"","overlay-color":"","overlay-gradient":""}},"ast-content-background-meta":{"desktop":{"background-color":"var(--ast-global-color-5)","background-image":"","background-repeat":"repeat","background-position":"center center","background-size":"auto","background-attachment":"scroll","background-type":"","background-media":"","overlay-type":"","overlay-color":"","overlay-gradient":""},"tablet":{"background-color":"var(--ast-global-color-5)","background-image":"","background-repeat":"repeat","background-position":"center center","background-size":"auto","background-attachment":"scroll","background-type":"","background-media":"","overlay-type":"","overlay-color":"","overlay-gradient":""},"mobile":{"background-color":"var(--ast-global-color-5)","background-image":"","background-repeat":"repeat","background-position":"center center","background-size":"auto","background-attachment":"scroll","background-type":"","background-media":"","overlay-type":"","overlay-color":"","overlay-gradient":""}},"footnotes":""},"categories":[17070],"tags":[8994,61514,40623,4854,45088,22658],"class_list":["post-20177","post","type-post","status-publish","format-standard","hentry","category-nacional-de-educacion-a-distancia","tag-javier-uceda-antolin","tag-jimenez-sabio-jose-carlos","tag-jose-carpio-ibanez","tag-jose-iturmendi-morales","tag-jose-ramon-soler-fuensanta","tag-juan-peire-arroba"],"_links":{"self":[{"href":"https:\/\/www.deberes.net\/tesis\/wp-json\/wp\/v2\/posts\/20177","targetHints":{"allow":["GET"]}}],"collection":[{"href":"https:\/\/www.deberes.net\/tesis\/wp-json\/wp\/v2\/posts"}],"about":[{"href":"https:\/\/www.deberes.net\/tesis\/wp-json\/wp\/v2\/types\/post"}],"author":[{"embeddable":true,"href":"https:\/\/www.deberes.net\/tesis\/wp-json\/wp\/v2\/users\/1"}],"replies":[{"embeddable":true,"href":"https:\/\/www.deberes.net\/tesis\/wp-json\/wp\/v2\/comments?post=20177"}],"version-history":[{"count":0,"href":"https:\/\/www.deberes.net\/tesis\/wp-json\/wp\/v2\/posts\/20177\/revisions"}],"wp:attachment":[{"href":"https:\/\/www.deberes.net\/tesis\/wp-json\/wp\/v2\/media?parent=20177"}],"wp:term":[{"taxonomy":"category","embeddable":true,"href":"https:\/\/www.deberes.net\/tesis\/wp-json\/wp\/v2\/categories?post=20177"},{"taxonomy":"post_tag","embeddable":true,"href":"https:\/\/www.deberes.net\/tesis\/wp-json\/wp\/v2\/tags?post=20177"}],"curies":[{"name":"wp","href":"https:\/\/api.w.org\/{rel}","templated":true}]}}