{"id":20221,"date":"2018-03-09T09:09:28","date_gmt":"2018-03-09T09:09:28","guid":{"rendered":"https:\/\/www.deberes.net\/tesis\/sin-categoria\/valor-catastral-y-capacidad-economica-en-el-ibi-su-referencia-al-valor-de-mercado\/"},"modified":"2018-03-09T09:09:28","modified_gmt":"2018-03-09T09:09:28","slug":"valor-catastral-y-capacidad-economica-en-el-ibi-su-referencia-al-valor-de-mercado","status":"publish","type":"post","link":"https:\/\/www.deberes.net\/tesis\/ciencias-juridicas-y-derecho\/valor-catastral-y-capacidad-economica-en-el-ibi-su-referencia-al-valor-de-mercado\/","title":{"rendered":"Valor catastral y capacidad econ\u00f3mica en el ibi. su referencia al valor de mercado"},"content":{"rendered":"<h2>Tesis doctoral de <strong>  Pineda Colorado Carmen Elena <\/strong><\/h2>\n<p>La estructura del trabajo est\u00e1 formada por un primer cap\u00edtulo que analiza los conceptos m\u00e1s b\u00e1sicos del principio de capacidad econ\u00f3mica en la constituci\u00f3n espa\u00f1ola, estableciendo su interpretaci\u00f3n desde el punto de vista de configurarse como un criterio de contribuci\u00f3n a las cargas p\u00fablicas entre los ciudadanos.  a su vez se realiza una revisi\u00f3n r\u00e1pida de la vinculaci\u00f3n del mismo con la estructura del tributo, poni\u00e9ndose \u00e9nfasis en la base imponible y en conceptos tan controvertidos como el objeto del tributo.  se concibe como un marco te\u00f3rico que permitir\u00e1 descubrir la verdadera capacidad econ\u00f3mica gravada en el ibi, pues se le califica como un \u00abimpuesto nominal sobre el patrimonio, pero efectivo sobre la renta\u00bb.  en el cap\u00edtulo segundo se hace una labor descriptiva de los procedimientos de determinaci\u00f3n, revisi\u00f3n, actualizaci\u00f3n y modificaci\u00f3n del valor catastral. asimismo, un an\u00e1lisis de los criterios de valoraci\u00f3n establecidos en las normas t\u00e9cnicas de valoraci\u00f3n y el cuadro marco de valores del suelo y de las construcciones, regulados por el rd 1020\/1993, de 25 de junio.  se resalta la problem\u00e1tica existente por la ausencia de un concepto legal o jurisprudencial de lo que debe entenderse por valor catastral.  en el cap\u00edtulo tercero se analiza la referencia al valor de mercado en los criterios de valoraci\u00f3n del ordenamiento tributario, haciendo especial menci\u00f3n en el ibi.  se hace indispensable hacer un estudio muy general del concepto de valor real y su relaci\u00f3n con el valor de mercado, para posibilitar una mejor configuraci\u00f3n jur\u00eddica del mismo. Dicha b\u00fasqueda se fundamenta en la necesaria \u00abjuridificaci\u00f3n\u00bb del concepto valor de mercado, desde el punto de vista estrictamente jur\u00eddico, lo que puede permitir solventar algunas dudas dentro de la doctrina cient\u00edfica, sobre su total rechazo y constantes cr\u00edticas al citado valor.  a su vez, se define un concepto de valor jur\u00eddico tributario, qu<\/p>\n<p>&nbsp;<\/p>\n<h3>Datos acad\u00e9micos de la tesis doctoral \u00ab<strong>Valor catastral y capacidad econ\u00f3mica en el ibi. su referencia al valor de mercado<\/strong>\u00ab<\/h3>\n<ul>\n<li><strong>T\u00edtulo de la tesis:<\/strong>\u00a0 Valor catastral y capacidad econ\u00f3mica en el ibi. su referencia al valor de mercado <\/li>\n<li><strong>Autor:<\/strong>\u00a0  Pineda Colorado Carmen Elena <\/li>\n<li><strong>Universidad:<\/strong>\u00a0 Granada<\/li>\n<li><strong>Fecha de lectura de la tesis:<\/strong>\u00a0 29\/11\/2002<\/li>\n<\/ul>\n<p>&nbsp;<\/p>\n<h3>Direcci\u00f3n y tribunal<\/h3>\n<ul>\n<li><strong>Director de la tesis<\/strong>\n<ul>\n<li> Fern\u00e1ndez Pav\u00e9s M. Jos\u00e9<\/li>\n<\/ul>\n<\/li>\n<li><strong>Tribunal<\/strong>\n<ul>\n<li>Presidente del tribunal: antonia Agull\u00f3 ag\u00ed\u00bcero <\/li>\n<li>guillermo Nu\u00f1ez p\u00e9rez (vocal)<\/li>\n<li>gabriel Casado ollero (vocal)<\/li>\n<li>Ana Mar\u00eda Mu\u00f1oz merino (vocal)<\/li>\n<\/ul>\n<\/li>\n<\/ul>\n<p>&nbsp;<\/p>\n","protected":false},"excerpt":{"rendered":"<p>Tesis doctoral de Pineda Colorado Carmen Elena La estructura del trabajo est\u00e1 formada por un primer cap\u00edtulo que analiza los [&hellip;]<\/p>\n","protected":false},"author":1,"featured_media":0,"comment_status":"open","ping_status":"open","sticky":false,"template":"","format":"standard","meta":{"site-sidebar-layout":"default","site-content-layout":"","ast-site-content-layout":"","site-content-style":"default","site-sidebar-style":"default","ast-global-header-display":"","ast-banner-title-visibility":"","ast-main-header-display":"","ast-hfb-above-header-display":"","ast-hfb-below-header-display":"","ast-hfb-mobile-header-display":"","site-post-title":"","ast-breadcrumbs-content":"","ast-featured-img":"","footer-sml-layout":"","theme-transparent-header-meta":"","adv-header-id-meta":"","stick-header-meta":"","header-above-stick-meta":"","header-main-stick-meta":"","header-below-stick-meta":"","astra-migrate-meta-layouts":"default","ast-page-background-enabled":"default","ast-page-background-meta":{"desktop":{"background-color":"var(--ast-global-color-4)","background-image":"","background-repeat":"repeat","background-position":"center center","background-size":"auto","background-attachment":"scroll","background-type":"","background-media":"","overlay-type":"","overlay-color":"","overlay-gradient":""},"tablet":{"background-color":"","background-image":"","background-repeat":"repeat","background-position":"center center","background-size":"auto","background-attachment":"scroll","background-type":"","background-media":"","overlay-type":"","overlay-color":"","overlay-gradient":""},"mobile":{"background-color":"","background-image":"","background-repeat":"repeat","background-position":"center center","background-size":"auto","background-attachment":"scroll","background-type":"","background-media":"","overlay-type":"","overlay-color":"","overlay-gradient":""}},"ast-content-background-meta":{"desktop":{"background-color":"var(--ast-global-color-5)","background-image":"","background-repeat":"repeat","background-position":"center center","background-size":"auto","background-attachment":"scroll","background-type":"","background-media":"","overlay-type":"","overlay-color":"","overlay-gradient":""},"tablet":{"background-color":"var(--ast-global-color-5)","background-image":"","background-repeat":"repeat","background-position":"center center","background-size":"auto","background-attachment":"scroll","background-type":"","background-media":"","overlay-type":"","overlay-color":"","overlay-gradient":""},"mobile":{"background-color":"var(--ast-global-color-5)","background-image":"","background-repeat":"repeat","background-position":"center center","background-size":"auto","background-attachment":"scroll","background-type":"","background-media":"","overlay-type":"","overlay-color":"","overlay-gradient":""}},"footnotes":""},"categories":[612,23362,797,979,3193],"tags":[18014,40857,61618,2261,38200,61617],"class_list":["post-20221","post","type-post","status-publish","format-standard","hentry","category-ciencias-juridicas-y-derecho","category-derecho-estatutario","category-derecho-fiscal","category-derecho-y-legislacion-nacionales","category-teoria-y-metodos-generales-del-derecho","tag-ana-maria-munoz-merino","tag-antonia-agullo-agiero","tag-fernandez-paves-m-jose","tag-gabriel-casado-ollero","tag-guillermo-nunez-perez","tag-pineda-colorado-carmen-elena"],"_links":{"self":[{"href":"https:\/\/www.deberes.net\/tesis\/wp-json\/wp\/v2\/posts\/20221","targetHints":{"allow":["GET"]}}],"collection":[{"href":"https:\/\/www.deberes.net\/tesis\/wp-json\/wp\/v2\/posts"}],"about":[{"href":"https:\/\/www.deberes.net\/tesis\/wp-json\/wp\/v2\/types\/post"}],"author":[{"embeddable":true,"href":"https:\/\/www.deberes.net\/tesis\/wp-json\/wp\/v2\/users\/1"}],"replies":[{"embeddable":true,"href":"https:\/\/www.deberes.net\/tesis\/wp-json\/wp\/v2\/comments?post=20221"}],"version-history":[{"count":0,"href":"https:\/\/www.deberes.net\/tesis\/wp-json\/wp\/v2\/posts\/20221\/revisions"}],"wp:attachment":[{"href":"https:\/\/www.deberes.net\/tesis\/wp-json\/wp\/v2\/media?parent=20221"}],"wp:term":[{"taxonomy":"category","embeddable":true,"href":"https:\/\/www.deberes.net\/tesis\/wp-json\/wp\/v2\/categories?post=20221"},{"taxonomy":"post_tag","embeddable":true,"href":"https:\/\/www.deberes.net\/tesis\/wp-json\/wp\/v2\/tags?post=20221"}],"curies":[{"name":"wp","href":"https:\/\/api.w.org\/{rel}","templated":true}]}}