{"id":20245,"date":"2018-03-09T09:09:30","date_gmt":"2018-03-09T09:09:30","guid":{"rendered":"https:\/\/www.deberes.net\/tesis\/sin-categoria\/estudio-genetico-en-el-carcinoma-medular-de-tiroides-aplicacion-en-el-diagnostico-y-en-la-valoracion-de-sus-factores-pronosticos\/"},"modified":"2018-03-09T09:09:30","modified_gmt":"2018-03-09T09:09:30","slug":"estudio-genetico-en-el-carcinoma-medular-de-tiroides-aplicacion-en-el-diagnostico-y-en-la-valoracion-de-sus-factores-pronosticos","status":"publish","type":"post","link":"https:\/\/www.deberes.net\/tesis\/sevilla\/estudio-genetico-en-el-carcinoma-medular-de-tiroides-aplicacion-en-el-diagnostico-y-en-la-valoracion-de-sus-factores-pronosticos\/","title":{"rendered":"Estudio gen\u00e9tico en el carcinoma medular de tiroides. aplicaci\u00f3n en el diagn\u00f3stico y en la valoraci\u00f3n de sus factores pron\u00f3sticos"},"content":{"rendered":"<h2>Tesis doctoral de <strong> Hip\u00f3lito Silva Manzano <\/strong><\/h2>\n<p>&nbsp;<\/p>\n<h3>Datos acad\u00e9micos de la tesis doctoral \u00ab<strong>Estudio gen\u00e9tico en el carcinoma medular de tiroides. aplicaci\u00f3n en el diagn\u00f3stico y en la valoraci\u00f3n de sus factores pron\u00f3sticos<\/strong>\u00ab<\/h3>\n<ul>\n<li><strong>T\u00edtulo de la tesis:<\/strong>\u00a0 Estudio gen\u00e9tico en el carcinoma medular de tiroides. aplicaci\u00f3n en el diagn\u00f3stico y en la valoraci\u00f3n de sus factores pron\u00f3sticos <\/li>\n<li><strong>Autor:<\/strong>\u00a0 Hip\u00f3lito Silva Manzano <\/li>\n<li><strong>Universidad:<\/strong>\u00a0 Sevilla<\/li>\n<li><strong>Fecha de lectura de la tesis:<\/strong>\u00a0 29\/11\/2002<\/li>\n<\/ul>\n<p>&nbsp;<\/p>\n<h3>Direcci\u00f3n y tribunal<\/h3>\n<ul>\n<li><strong>Director de la tesis<\/strong>\n<ul>\n<li>Ricardo Astorga Jimenez<\/li>\n<\/ul>\n<\/li>\n<li><strong>Tribunal<\/strong>\n<ul>\n<li>Presidente del tribunal:  Tebar mass\u00f3 fco. javier <\/li>\n<li>gonzalo Carranza albarr\u00e1n (vocal)<\/li>\n<li>salud Borrego l\u00f3pez (vocal)<\/li>\n<li>Luis Forga llenas (vocal)<\/li>\n<\/ul>\n<\/li>\n<\/ul>\n<p>&nbsp;<\/p>\n","protected":false},"excerpt":{"rendered":"<p>Tesis doctoral de Hip\u00f3lito Silva Manzano &nbsp; Datos acad\u00e9micos de la tesis doctoral \u00abEstudio gen\u00e9tico en el carcinoma medular de [&hellip;]<\/p>\n","protected":false},"author":1,"featured_media":0,"comment_status":"open","ping_status":"open","sticky":false,"template":"","format":"standard","meta":{"site-sidebar-layout":"default","site-content-layout":"","ast-site-content-layout":"","site-content-style":"default","site-sidebar-style":"default","ast-global-header-display":"","ast-banner-title-visibility":"","ast-main-header-display":"","ast-hfb-above-header-display":"","ast-hfb-below-header-display":"","ast-hfb-mobile-header-display":"","site-post-title":"","ast-breadcrumbs-content":"","ast-featured-img":"","footer-sml-layout":"","theme-transparent-header-meta":"","adv-header-id-meta":"","stick-header-meta":"","header-above-stick-meta":"","header-main-stick-meta":"","header-below-stick-meta":"","astra-migrate-meta-layouts":"default","ast-page-background-enabled":"default","ast-page-background-meta":{"desktop":{"background-color":"var(--ast-global-color-4)","background-image":"","background-repeat":"repeat","background-position":"center center","background-size":"auto","background-attachment":"scroll","background-type":"","background-media":"","overlay-type":"","overlay-color":"","overlay-gradient":""},"tablet":{"background-color":"","background-image":"","background-repeat":"repeat","background-position":"center center","background-size":"auto","background-attachment":"scroll","background-type":"","background-media":"","overlay-type":"","overlay-color":"","overlay-gradient":""},"mobile":{"background-color":"","background-image":"","background-repeat":"repeat","background-position":"center center","background-size":"auto","background-attachment":"scroll","background-type":"","background-media":"","overlay-type":"","overlay-color":"","overlay-gradient":""}},"ast-content-background-meta":{"desktop":{"background-color":"var(--ast-global-color-5)","background-image":"","background-repeat":"repeat","background-position":"center center","background-size":"auto","background-attachment":"scroll","background-type":"","background-media":"","overlay-type":"","overlay-color":"","overlay-gradient":""},"tablet":{"background-color":"var(--ast-global-color-5)","background-image":"","background-repeat":"repeat","background-position":"center center","background-size":"auto","background-attachment":"scroll","background-type":"","background-media":"","overlay-type":"","overlay-color":"","overlay-gradient":""},"mobile":{"background-color":"var(--ast-global-color-5)","background-image":"","background-repeat":"repeat","background-position":"center center","background-size":"auto","background-attachment":"scroll","background-type":"","background-media":"","overlay-type":"","overlay-color":"","overlay-gradient":""}},"footnotes":""},"categories":[10715],"tags":[59702,61674,61677,20689,61676,61675],"class_list":["post-20245","post","type-post","status-publish","format-standard","hentry","category-sevilla","tag-gonzalo-carranza-albarran","tag-hipolito-silva-manzano","tag-luis-forga-llenas","tag-ricardo-astorga-jimenez","tag-salud-borrego-lopez","tag-tebar-masso-fco-javier"],"_links":{"self":[{"href":"https:\/\/www.deberes.net\/tesis\/wp-json\/wp\/v2\/posts\/20245","targetHints":{"allow":["GET"]}}],"collection":[{"href":"https:\/\/www.deberes.net\/tesis\/wp-json\/wp\/v2\/posts"}],"about":[{"href":"https:\/\/www.deberes.net\/tesis\/wp-json\/wp\/v2\/types\/post"}],"author":[{"embeddable":true,"href":"https:\/\/www.deberes.net\/tesis\/wp-json\/wp\/v2\/users\/1"}],"replies":[{"embeddable":true,"href":"https:\/\/www.deberes.net\/tesis\/wp-json\/wp\/v2\/comments?post=20245"}],"version-history":[{"count":0,"href":"https:\/\/www.deberes.net\/tesis\/wp-json\/wp\/v2\/posts\/20245\/revisions"}],"wp:attachment":[{"href":"https:\/\/www.deberes.net\/tesis\/wp-json\/wp\/v2\/media?parent=20245"}],"wp:term":[{"taxonomy":"category","embeddable":true,"href":"https:\/\/www.deberes.net\/tesis\/wp-json\/wp\/v2\/categories?post=20245"},{"taxonomy":"post_tag","embeddable":true,"href":"https:\/\/www.deberes.net\/tesis\/wp-json\/wp\/v2\/tags?post=20245"}],"curies":[{"name":"wp","href":"https:\/\/api.w.org\/{rel}","templated":true}]}}