{"id":20261,"date":"2018-03-09T09:09:32","date_gmt":"2018-03-09T09:09:32","guid":{"rendered":"https:\/\/www.deberes.net\/tesis\/sin-categoria\/arquitectura-y-genero\/"},"modified":"2018-03-09T09:09:32","modified_gmt":"2018-03-09T09:09:32","slug":"arquitectura-y-genero","status":"publish","type":"post","link":"https:\/\/www.deberes.net\/tesis\/politecnica-de-catalunya\/arquitectura-y-genero\/","title":{"rendered":"Arquitectura y g\u00e9nero"},"content":{"rendered":"<h2>Tesis doctoral de <strong> M\u00f3nica Cevedio Mart\u00edn <\/strong><\/h2>\n<p>Esta investigaci\u00f3n trata de ser una reflexi\u00f3n cr\u00edtica sobre la concepci\u00f3n androc\u00e9ntrica dominante en la historia de la arquitectura occidental.  para ello, he querido manifestar el v\u00ednculo entre arquitectura, g\u00e9nero y pol\u00edtica; entrelaz\u00e1ndollos para analizar la idea de \u00abespacio\u00bb.  se trata de repensar el espacio bajo una nueva mirada la del g\u00e9nero &#8211; es decir a trav\u00e9s de las diferencias culturales entre hombres y mujeres &#8211; ya coo sexo se entiende las diferencias biol\u00f3gicas.  intento romper con los par\u00e1metros masculinos, con un nuevo pensamiento puesto en la diferencia, para eliminar los antagonismos culturales entre hombres y mujeres.  el reivindicar esta cultura de la diferencia es cuestionar los par\u00e1metros con los que nos movemos, com las oposiciones binarias, masculino &#8211; femenino, dentro &#8211; fuera, p\u00fablico &#8211; privado, productivo &#8211; improductivo, &#8230; Oposiciones que son estructuras jer\u00e1rquicas.  la conclusi\u00f3n a la que arribo, finalmente, es que, incidiendo y rompiendo con las valorizaciones materiales y culturales que el sistema capitalista nos transmite a tra v\u00e9s de la superestructura, entre tareas productivas e improductivas, y la diferenciaci\u00f3n que \u00e9stas generan con los espacios privados y p\u00fablicos, se cambiar\u00e1n las estructuras que mantienen las diferencias entre los g\u00e9neros, en el uso y la apropiaci\u00f3n del espacio.<\/p>\n<p>&nbsp;<\/p>\n<h3>Datos acad\u00e9micos de la tesis doctoral \u00ab<strong>Arquitectura y g\u00e9nero<\/strong>\u00ab<\/h3>\n<ul>\n<li><strong>T\u00edtulo de la tesis:<\/strong>\u00a0 Arquitectura y g\u00e9nero <\/li>\n<li><strong>Autor:<\/strong>\u00a0 M\u00f3nica Cevedio Mart\u00edn <\/li>\n<li><strong>Universidad:<\/strong>\u00a0 Polit\u00e9cnica de catalunya<\/li>\n<li><strong>Fecha de lectura de la tesis:<\/strong>\u00a0 29\/11\/2002<\/li>\n<\/ul>\n<p>&nbsp;<\/p>\n<h3>Direcci\u00f3n y tribunal<\/h3>\n<ul>\n<li><strong>Director de la tesis<\/strong>\n<ul>\n<li>Josep Munta\u00f1ola Thornbergs<\/li>\n<\/ul>\n<\/li>\n<li><strong>Tribunal<\/strong>\n<ul>\n<li>Presidente del tribunal: Marta Llorente d\u00edaz <\/li>\n<li>montserrat Moreno marim\u00f3n (vocal)<\/li>\n<li>rosa Junyent comas (vocal)<\/li>\n<li> Sanahuja illana Mar\u00eda  encarna (vocal)<\/li>\n<\/ul>\n<\/li>\n<\/ul>\n<p>&nbsp;<\/p>\n","protected":false},"excerpt":{"rendered":"<p>Tesis doctoral de M\u00f3nica Cevedio Mart\u00edn Esta investigaci\u00f3n trata de ser una reflexi\u00f3n cr\u00edtica sobre la concepci\u00f3n androc\u00e9ntrica dominante en [&hellip;]<\/p>\n","protected":false},"author":1,"featured_media":0,"comment_status":"open","ping_status":"open","sticky":false,"template":"","format":"standard","meta":{"site-sidebar-layout":"default","site-content-layout":"","ast-site-content-layout":"","site-content-style":"default","site-sidebar-style":"default","ast-global-header-display":"","ast-banner-title-visibility":"","ast-main-header-display":"","ast-hfb-above-header-display":"","ast-hfb-below-header-display":"","ast-hfb-mobile-header-display":"","site-post-title":"","ast-breadcrumbs-content":"","ast-featured-img":"","footer-sml-layout":"","theme-transparent-header-meta":"","adv-header-id-meta":"","stick-header-meta":"","header-above-stick-meta":"","header-main-stick-meta":"","header-below-stick-meta":"","astra-migrate-meta-layouts":"default","ast-page-background-enabled":"default","ast-page-background-meta":{"desktop":{"background-color":"var(--ast-global-color-4)","background-image":"","background-repeat":"repeat","background-position":"center center","background-size":"auto","background-attachment":"scroll","background-type":"","background-media":"","overlay-type":"","overlay-color":"","overlay-gradient":""},"tablet":{"background-color":"","background-image":"","background-repeat":"repeat","background-position":"center center","background-size":"auto","background-attachment":"scroll","background-type":"","background-media":"","overlay-type":"","overlay-color":"","overlay-gradient":""},"mobile":{"background-color":"","background-image":"","background-repeat":"repeat","background-position":"center center","background-size":"auto","background-attachment":"scroll","background-type":"","background-media":"","overlay-type":"","overlay-color":"","overlay-gradient":""}},"ast-content-background-meta":{"desktop":{"background-color":"var(--ast-global-color-5)","background-image":"","background-repeat":"repeat","background-position":"center center","background-size":"auto","background-attachment":"scroll","background-type":"","background-media":"","overlay-type":"","overlay-color":"","overlay-gradient":""},"tablet":{"background-color":"var(--ast-global-color-5)","background-image":"","background-repeat":"repeat","background-position":"center center","background-size":"auto","background-attachment":"scroll","background-type":"","background-media":"","overlay-type":"","overlay-color":"","overlay-gradient":""},"mobile":{"background-color":"var(--ast-global-color-5)","background-image":"","background-repeat":"repeat","background-position":"center center","background-size":"auto","background-attachment":"scroll","background-type":"","background-media":"","overlay-type":"","overlay-color":"","overlay-gradient":""}},"footnotes":""},"categories":[15596],"tags":[15638,30484,61723,5,61724,61725],"class_list":["post-20261","post","type-post","status-publish","format-standard","hentry","category-politecnica-de-catalunya","tag-josep-muntanola-thornbergs","tag-marta-llorente-diaz","tag-monica-cevedio-martin","tag-montserrat-moreno-marimon","tag-rosa-junyent-comas","tag-sanahuja-illana-maria-encarna"],"_links":{"self":[{"href":"https:\/\/www.deberes.net\/tesis\/wp-json\/wp\/v2\/posts\/20261","targetHints":{"allow":["GET"]}}],"collection":[{"href":"https:\/\/www.deberes.net\/tesis\/wp-json\/wp\/v2\/posts"}],"about":[{"href":"https:\/\/www.deberes.net\/tesis\/wp-json\/wp\/v2\/types\/post"}],"author":[{"embeddable":true,"href":"https:\/\/www.deberes.net\/tesis\/wp-json\/wp\/v2\/users\/1"}],"replies":[{"embeddable":true,"href":"https:\/\/www.deberes.net\/tesis\/wp-json\/wp\/v2\/comments?post=20261"}],"version-history":[{"count":0,"href":"https:\/\/www.deberes.net\/tesis\/wp-json\/wp\/v2\/posts\/20261\/revisions"}],"wp:attachment":[{"href":"https:\/\/www.deberes.net\/tesis\/wp-json\/wp\/v2\/media?parent=20261"}],"wp:term":[{"taxonomy":"category","embeddable":true,"href":"https:\/\/www.deberes.net\/tesis\/wp-json\/wp\/v2\/categories?post=20261"},{"taxonomy":"post_tag","embeddable":true,"href":"https:\/\/www.deberes.net\/tesis\/wp-json\/wp\/v2\/tags?post=20261"}],"curies":[{"name":"wp","href":"https:\/\/api.w.org\/{rel}","templated":true}]}}