{"id":20282,"date":"2018-03-09T09:09:34","date_gmt":"2018-03-09T09:09:34","guid":{"rendered":"https:\/\/www.deberes.net\/tesis\/sin-categoria\/estudio-anatomico-topografico-de-las-superficies-linguales-de-los-dientes-permanentes\/"},"modified":"2018-03-09T09:09:34","modified_gmt":"2018-03-09T09:09:34","slug":"estudio-anatomico-topografico-de-las-superficies-linguales-de-los-dientes-permanentes","status":"publish","type":"post","link":"https:\/\/www.deberes.net\/tesis\/sin-categoria\/estudio-anatomico-topografico-de-las-superficies-linguales-de-los-dientes-permanentes\/","title":{"rendered":"Estudio anatomico topogr\u00e1fico de las superficies linguales de los dientes permanentes"},"content":{"rendered":"<h2>Tesis doctoral de <strong> Vicente Olmos Balanguer <\/strong><\/h2>\n<p>Los avances realizados en la rehabilitaci\u00f3n ortod\u00f3ncica, precisan para aplicar una t\u00e9cnica lingual, adem\u00e1s de un profundo conocimiento anat\u00f3mico descriptivo de las superficies linguales de los \u00f3rganos dentales, una delimitaci\u00f3n topogr\u00e1fica milim\u00e9trica de dichas superficies linguales que nos permitan conocer la concavidad o convexidad de las superficies, as\u00ed como el valor milim\u00e9trico de sus radios para poder delimitar en cada uno de dichos \u00f3rganos dentales la superficie que mejor pueda recibir la adhesi\u00f3n del bracket, as\u00ed como las diferencias que se evidencian en los tipos faciales: dolicofacila, mesofacial y branquifacial.  este estudio realizado sobre 30 denticiones, agrupadas en 10 dolicofacilaes, 10 mesofaciales y 10 braquifacilaes, nos ha permitido, utilizando el escaneado como metodolog\u00eda de trabajo y el correspondiente an\u00e1lisis estad\u00edstico de las valoraciones que delimitan curvaturas, radios y superficies de adaptaci\u00f3n id\u00f3nea en cada uno de los tipos faciales, hallar la superficie \u00f3ptima para el cementado del bracket.<\/p>\n<p>&nbsp;<\/p>\n<h3>Datos acad\u00e9micos de la tesis doctoral \u00ab<strong>Estudio anatomico topogr\u00e1fico de las superficies linguales de los dientes permanentes<\/strong>\u00ab<\/h3>\n<ul>\n<li><strong>T\u00edtulo de la tesis:<\/strong>\u00a0 Estudio anatomico topogr\u00e1fico de las superficies linguales de los dientes permanentes <\/li>\n<li><strong>Autor:<\/strong>\u00a0 Vicente Olmos Balanguer <\/li>\n<li><strong>Universidad:<\/strong>\u00a0 Universitat de val\u00e9ncia (estudi general)<\/li>\n<li><strong>Fecha de lectura de la tesis:<\/strong>\u00a0 30\/11\/2002<\/li>\n<\/ul>\n<p>&nbsp;<\/p>\n<h3>Direcci\u00f3n y tribunal<\/h3>\n<ul>\n<li><strong>Director de la tesis<\/strong>\n<ul>\n<li>Adelina Victoria Fuster<\/li>\n<\/ul>\n<\/li>\n<li><strong>Tribunal<\/strong>\n<ul>\n<li>Presidente del tribunal: m. Montesinos castro.girana <\/li>\n<li>c. Manzanares (vocal)<\/li>\n<li>f. Cllia fern\u00e1ndez (vocal)<\/li>\n<li>a.j. \u00e1lvaez morujo (vocal)<\/li>\n<\/ul>\n<\/li>\n<\/ul>\n<p>&nbsp;<\/p>\n","protected":false},"excerpt":{"rendered":"<p>Tesis doctoral de Vicente Olmos Balanguer Los avances realizados en la rehabilitaci\u00f3n ortod\u00f3ncica, precisan para aplicar una t\u00e9cnica lingual, adem\u00e1s [&hellip;]<\/p>\n","protected":false},"author":1,"featured_media":0,"comment_status":"open","ping_status":"open","sticky":false,"template":"","format":"standard","meta":{"site-sidebar-layout":"default","site-content-layout":"","ast-site-content-layout":"","site-content-style":"default","site-sidebar-style":"default","ast-global-header-display":"","ast-banner-title-visibility":"","ast-main-header-display":"","ast-hfb-above-header-display":"","ast-hfb-below-header-display":"","ast-hfb-mobile-header-display":"","site-post-title":"","ast-breadcrumbs-content":"","ast-featured-img":"","footer-sml-layout":"","theme-transparent-header-meta":"","adv-header-id-meta":"","stick-header-meta":"","header-above-stick-meta":"","header-main-stick-meta":"","header-below-stick-meta":"","astra-migrate-meta-layouts":"default","ast-page-background-enabled":"default","ast-page-background-meta":{"desktop":{"background-color":"var(--ast-global-color-4)","background-image":"","background-repeat":"repeat","background-position":"center center","background-size":"auto","background-attachment":"scroll","background-type":"","background-media":"","overlay-type":"","overlay-color":"","overlay-gradient":""},"tablet":{"background-color":"","background-image":"","background-repeat":"repeat","background-position":"center center","background-size":"auto","background-attachment":"scroll","background-type":"","background-media":"","overlay-type":"","overlay-color":"","overlay-gradient":""},"mobile":{"background-color":"","background-image":"","background-repeat":"repeat","background-position":"center center","background-size":"auto","background-attachment":"scroll","background-type":"","background-media":"","overlay-type":"","overlay-color":"","overlay-gradient":""}},"ast-content-background-meta":{"desktop":{"background-color":"var(--ast-global-color-5)","background-image":"","background-repeat":"repeat","background-position":"center center","background-size":"auto","background-attachment":"scroll","background-type":"","background-media":"","overlay-type":"","overlay-color":"","overlay-gradient":""},"tablet":{"background-color":"var(--ast-global-color-5)","background-image":"","background-repeat":"repeat","background-position":"center center","background-size":"auto","background-attachment":"scroll","background-type":"","background-media":"","overlay-type":"","overlay-color":"","overlay-gradient":""},"mobile":{"background-color":"var(--ast-global-color-5)","background-image":"","background-repeat":"repeat","background-position":"center center","background-size":"auto","background-attachment":"scroll","background-type":"","background-media":"","overlay-type":"","overlay-color":"","overlay-gradient":""}},"footnotes":""},"categories":[1],"tags":[61783,20632,61781,61782,61780,61779],"class_list":["post-20282","post","type-post","status-publish","format-standard","hentry","category-sin-categoria","tag-a-j-alvaez-morujo","tag-adelina-victoria-fuster","tag-c-manzanares","tag-f-cllia-fernandez","tag-m-montesinos-castro-girana","tag-vicente-olmos-balanguer"],"_links":{"self":[{"href":"https:\/\/www.deberes.net\/tesis\/wp-json\/wp\/v2\/posts\/20282","targetHints":{"allow":["GET"]}}],"collection":[{"href":"https:\/\/www.deberes.net\/tesis\/wp-json\/wp\/v2\/posts"}],"about":[{"href":"https:\/\/www.deberes.net\/tesis\/wp-json\/wp\/v2\/types\/post"}],"author":[{"embeddable":true,"href":"https:\/\/www.deberes.net\/tesis\/wp-json\/wp\/v2\/users\/1"}],"replies":[{"embeddable":true,"href":"https:\/\/www.deberes.net\/tesis\/wp-json\/wp\/v2\/comments?post=20282"}],"version-history":[{"count":0,"href":"https:\/\/www.deberes.net\/tesis\/wp-json\/wp\/v2\/posts\/20282\/revisions"}],"wp:attachment":[{"href":"https:\/\/www.deberes.net\/tesis\/wp-json\/wp\/v2\/media?parent=20282"}],"wp:term":[{"taxonomy":"category","embeddable":true,"href":"https:\/\/www.deberes.net\/tesis\/wp-json\/wp\/v2\/categories?post=20282"},{"taxonomy":"post_tag","embeddable":true,"href":"https:\/\/www.deberes.net\/tesis\/wp-json\/wp\/v2\/tags?post=20282"}],"curies":[{"name":"wp","href":"https:\/\/api.w.org\/{rel}","templated":true}]}}