{"id":20285,"date":"2002-02-12T00:00:00","date_gmt":"2002-02-12T00:00:00","guid":{"rendered":"https:\/\/www.deberes.net\/tesis\/sin-categoria\/analisis-de-estereotipos-de-genero-en-las-imagenes-de-los-libros-de-lengua-y-literatura-de-la-ensenanza-secundaria-obligatoria\/"},"modified":"2002-02-12T00:00:00","modified_gmt":"2002-02-12T00:00:00","slug":"analisis-de-estereotipos-de-genero-en-las-imagenes-de-los-libros-de-lengua-y-literatura-de-la-ensenanza-secundaria-obligatoria","status":"publish","type":"post","link":"https:\/\/www.deberes.net\/tesis\/sociologia\/analisis-de-estereotipos-de-genero-en-las-imagenes-de-los-libros-de-lengua-y-literatura-de-la-ensenanza-secundaria-obligatoria\/","title":{"rendered":"Analisis de estereotipos de g\u00e9nero en las im\u00e1genes de los libros de lengua y literatura de la ense\u00f1anza secundaria obligatoria"},"content":{"rendered":"<h2>Tesis doctoral de <strong> M\u00aa Rosa Luengo Gonz\u00e1lez <\/strong><\/h2>\n<p>El objeto de esta tesis es analizar los estereotipos de g\u00e9nero en las im\u00e1genes de los libros de texto de lengua y literatura de la eso, pretendiendo conocer, finalmente, si existen tales estereotipos tal como nos lo planteamos en el problema de la investigaci\u00f3n.  despu\u00e9s de la revisi\u00f3n de la literatura y comprobados los estudios ya realizados y los aspectos trabajados, como el lenguaje escrito, los contenidos en las diferentes \u00e1reas de conocimiento, etc., Delimitamos al campo y decidimos trabajar sobre un elemento novedoso: el lenguaje ic\u00f3nico, a\u00fan siendo consciente de las dificultades que entra\u00f1a un tema como el de la imagen por los contenidos impl\u00edcitos y los mensajes subliminales que de ellas se desprenden y que transmiten de modo oculto la estereotipia.  con este trabajo, queremos realizar una aportaci\u00f3n m\u00e1s, desde el campo de la educaci\u00f3n, al debate abierto que desde hace unos a\u00f1os se desarrolla en todos los estamentos de la sociedad y que propone, la liberaci\u00f3n de la mujer, de todo aquello que la ha mantenido en una posici\u00f3n de subordinaci\u00f3n, de discriminaci\u00f3n u opresi\u00f3n, para conseguir una igualdad efectiva y real, m\u00e1s acorde con la sociedad que hoy estamos construyendo. As\u00ed mismo, ofrecer elementos de reflexi\u00f3n y an\u00e1lisis a los que en definitiva tienen que utilizar los libros de texto en sus aulas, es decir, los docentes que, por otra parte, son los responsables tambi\u00e9n de la elecci\u00f3n de los libros y determinan qu\u00e9 textos se utilizar\u00e1n en cada curso y en cada aula.  hemos estructurado nuestro trabajo en dos partes \u00edntimamente relacionadas: la primera parte la dedicamos a la fundamentaci\u00f3n cient\u00edfica de todos los temas relacionados con el objetivo de nuestro trabajo, algunos de los cuales sobrepasan al \u00e1mbito puramente educativo. Esbozamos la teor\u00eda de g\u00e9nero, ligada al pensamiento feminista y otras corrientes de pensamiento, que nos ayudan a argumentar la relaci\u00f3n entre educaci\u00f3n y la discrimina<\/p>\n<p>&nbsp;<\/p>\n<h3>Datos acad\u00e9micos de la tesis doctoral \u00ab<strong>Analisis de estereotipos de g\u00e9nero en las im\u00e1genes de los libros de lengua y literatura de la ense\u00f1anza secundaria obligatoria<\/strong>\u00ab<\/h3>\n<ul>\n<li><strong>T\u00edtulo de la tesis:<\/strong>\u00a0 Analisis de estereotipos de g\u00e9nero en las im\u00e1genes de los libros de lengua y literatura de la ense\u00f1anza secundaria obligatoria <\/li>\n<li><strong>Autor:<\/strong>\u00a0 M\u00aa Rosa Luengo Gonz\u00e1lez <\/li>\n<li><strong>Universidad:<\/strong>\u00a0 Extremadura<\/li>\n<li><strong>Fecha de lectura de la tesis:<\/strong>\u00a0 02\/12\/2002<\/li>\n<\/ul>\n<p>&nbsp;<\/p>\n<h3>Direcci\u00f3n y tribunal<\/h3>\n<ul>\n<li><strong>Director de la tesis<\/strong>\n<ul>\n<li>Florentino Bl\u00e1zquez Entonado<\/li>\n<\/ul>\n<\/li>\n<li><strong>Tribunal<\/strong>\n<ul>\n<li>Presidente del tribunal: consuelo Flecha Garc\u00eda <\/li>\n<li>Antonio Rodr\u00edguez dieguez (vocal)<\/li>\n<li>felicidad S\u00e1nchez pascua (vocal)<\/li>\n<li>enrique Barcia mendo (vocal)<\/li>\n<\/ul>\n<\/li>\n<\/ul>\n<p>&nbsp;<\/p>\n","protected":false},"excerpt":{"rendered":"<p>Tesis doctoral de M\u00aa Rosa Luengo Gonz\u00e1lez El objeto de esta tesis es analizar los estereotipos de g\u00e9nero en las [&hellip;]<\/p>\n","protected":false},"author":1,"featured_media":0,"comment_status":"open","ping_status":"open","sticky":false,"template":"","format":"standard","meta":{"site-sidebar-layout":"default","site-content-layout":"","ast-site-content-layout":"","site-content-style":"default","site-sidebar-style":"default","ast-global-header-display":"","ast-banner-title-visibility":"","ast-main-header-display":"","ast-hfb-above-header-display":"","ast-hfb-below-header-display":"","ast-hfb-mobile-header-display":"","site-post-title":"","ast-breadcrumbs-content":"","ast-featured-img":"","footer-sml-layout":"","theme-transparent-header-meta":"","adv-header-id-meta":"","stick-header-meta":"","header-above-stick-meta":"","header-main-stick-meta":"","header-below-stick-meta":"","astra-migrate-meta-layouts":"default","ast-page-background-enabled":"default","ast-page-background-meta":{"desktop":{"background-color":"var(--ast-global-color-4)","background-image":"","background-repeat":"repeat","background-position":"center center","background-size":"auto","background-attachment":"scroll","background-type":"","background-media":"","overlay-type":"","overlay-color":"","overlay-gradient":""},"tablet":{"background-color":"","background-image":"","background-repeat":"repeat","background-position":"center center","background-size":"auto","background-attachment":"scroll","background-type":"","background-media":"","overlay-type":"","overlay-color":"","overlay-gradient":""},"mobile":{"background-color":"","background-image":"","background-repeat":"repeat","background-position":"center center","background-size":"auto","background-attachment":"scroll","background-type":"","background-media":"","overlay-type":"","overlay-color":"","overlay-gradient":""}},"ast-content-background-meta":{"desktop":{"background-color":"var(--ast-global-color-5)","background-image":"","background-repeat":"repeat","background-position":"center center","background-size":"auto","background-attachment":"scroll","background-type":"","background-media":"","overlay-type":"","overlay-color":"","overlay-gradient":""},"tablet":{"background-color":"var(--ast-global-color-5)","background-image":"","background-repeat":"repeat","background-position":"center center","background-size":"auto","background-attachment":"scroll","background-type":"","background-media":"","overlay-type":"","overlay-color":"","overlay-gradient":""},"mobile":{"background-color":"var(--ast-global-color-5)","background-image":"","background-repeat":"repeat","background-position":"center center","background-size":"auto","background-attachment":"scroll","background-type":"","background-media":"","overlay-type":"","overlay-color":"","overlay-gradient":""}},"footnotes":""},"categories":[26060,6025,949,1140,291,1141,1340,8113,1288,324,269,1341],"tags":[9939,36381,46733,56534,33402,61791],"class_list":["post-20285","post","type-post","status-publish","format-standard","hentry","category-discriminacion","category-estudio-psicologico-de-cuestiones-sociales","category-extremadura","category-formacion-y-empleo-de-profesores","category-grupos-sociales","category-pedagogia","category-planes-de-estudios","category-posicion-social-de-la-mujer","category-preparacion-de-profesores","category-psicologia","category-sociologia","category-teoria-y-metodos-educativos","tag-antonio-rodriguez-dieguez","tag-consuelo-flecha-garcia","tag-enrique-barcia-mendo","tag-felicidad-sanchez-pascua","tag-florentino-blazquez-entonado","tag-ma-rosa-luengo-gonzalez"],"_links":{"self":[{"href":"https:\/\/www.deberes.net\/tesis\/wp-json\/wp\/v2\/posts\/20285","targetHints":{"allow":["GET"]}}],"collection":[{"href":"https:\/\/www.deberes.net\/tesis\/wp-json\/wp\/v2\/posts"}],"about":[{"href":"https:\/\/www.deberes.net\/tesis\/wp-json\/wp\/v2\/types\/post"}],"author":[{"embeddable":true,"href":"https:\/\/www.deberes.net\/tesis\/wp-json\/wp\/v2\/users\/1"}],"replies":[{"embeddable":true,"href":"https:\/\/www.deberes.net\/tesis\/wp-json\/wp\/v2\/comments?post=20285"}],"version-history":[{"count":0,"href":"https:\/\/www.deberes.net\/tesis\/wp-json\/wp\/v2\/posts\/20285\/revisions"}],"wp:attachment":[{"href":"https:\/\/www.deberes.net\/tesis\/wp-json\/wp\/v2\/media?parent=20285"}],"wp:term":[{"taxonomy":"category","embeddable":true,"href":"https:\/\/www.deberes.net\/tesis\/wp-json\/wp\/v2\/categories?post=20285"},{"taxonomy":"post_tag","embeddable":true,"href":"https:\/\/www.deberes.net\/tesis\/wp-json\/wp\/v2\/tags?post=20285"}],"curies":[{"name":"wp","href":"https:\/\/api.w.org\/{rel}","templated":true}]}}