{"id":20287,"date":"2002-02-12T00:00:00","date_gmt":"2002-02-12T00:00:00","guid":{"rendered":"https:\/\/www.deberes.net\/tesis\/sin-categoria\/diseno-e-implantacion-de-un-programa-de-prevencion-secundaria-y-terciaria-en-pacientes-con-infeccion-por-vih-sida\/"},"modified":"2002-02-12T00:00:00","modified_gmt":"2002-02-12T00:00:00","slug":"diseno-e-implantacion-de-un-programa-de-prevencion-secundaria-y-terciaria-en-pacientes-con-infeccion-por-vih-sida","status":"publish","type":"post","link":"https:\/\/www.deberes.net\/tesis\/ciencias-medicas\/diseno-e-implantacion-de-un-programa-de-prevencion-secundaria-y-terciaria-en-pacientes-con-infeccion-por-vih-sida\/","title":{"rendered":"Dise\u00f1o e implantaci\u00f3n de un programa de prevenci\u00f3n secundaria y terciaria en pacientes con infecci\u00f3n por vih\/sida"},"content":{"rendered":"<h2>Tesis doctoral de <strong> Amil L\u00f3pez Vi\u00e9itez <\/strong><\/h2>\n<p>En la actualidad existen entre 110.000 y 150.000 espa\u00f1oles infectados por vih\/sida, la tasa de incidencias se sit\u00faa entorno a 37,1 casos por millos de habitantes. La tasa de infecci\u00f3n es tres veces superior en hombres y 7 veces superior en los residentes en el medio urbano. Al menos una cuarta parte de los portadores ignoran su seropositividad.  la introducci\u00f3n de las nuevas terapias antirretrovirales en 1996-1997, ha alargado el per\u00edodo entre la transmisi\u00f3n y el desarrollo de criterios de sida, aumentado la supervivencia de las personas afectadas. Pero parad\u00f3jicamente ha disminuido la alerta social, aumentando las necesidades de prevenci\u00f3n: por un lado viven muchas m\u00e1s personas infectadas que pueden transmitir el virus; por otro, el \u00e9xito de los tratamientos ha motivado un cierto optimismo sobre la posible \u00abcuraci\u00f3n\u00bb; adem\u00e1s los j\u00f3venes que se inician en los comportamientos de riesgo lo han conocido a personas que hayan fallecido a causa del sida.  en general, los pacientes seropositivos mantienen de forma m\u00e1s permanente un adecuado estado nutricional pero presentan en algunos casos alteraciones digestivas, metab\u00f3licas y cambios en su composici\u00f3n corporal. Nos encontramos pues ante un nuevo modelo de enfermedad cr\u00f3nica que plantes la necesidad de intervenciones destinadas a la promoci\u00f3n del autoconocimiento, de los autocuidados, de la autonom\u00eda y de la integraci\u00f3n de estas personas en su entorno.  no existen en la bibliograf\u00eda estudios similares al nuestro, que apliquen las estrategias de la promoci\u00f3n de salud a un programa de prevenci\u00f3n secundaria y terciaria. El dise\u00f1o curricular de la formaci\u00f3n: charlas, unidad did\u00e1ctica y sitio web, tambi\u00e9n ha resultado innovador. Hemos demostrado que un programa educativo sobre alimentaci\u00f3n y nutrici\u00f3n dirigido a pacientes con infecci\u00f3n vih\/sida mejora la inmunocompetencia, calidad de vida y el estado de salud autopercibidos por el paciente seropositivo, as\u00ed como la<\/p>\n<p>&nbsp;<\/p>\n<h3>Datos acad\u00e9micos de la tesis doctoral \u00ab<strong>Dise\u00f1o e implantaci\u00f3n de un programa de prevenci\u00f3n secundaria y terciaria en pacientes con infecci\u00f3n por vih\/sida<\/strong>\u00ab<\/h3>\n<ul>\n<li><strong>T\u00edtulo de la tesis:<\/strong>\u00a0 Dise\u00f1o e implantaci\u00f3n de un programa de prevenci\u00f3n secundaria y terciaria en pacientes con infecci\u00f3n por vih\/sida <\/li>\n<li><strong>Autor:<\/strong>\u00a0 Amil L\u00f3pez Vi\u00e9itez <\/li>\n<li><strong>Universidad:<\/strong>\u00a0 Santiago de compostela<\/li>\n<li><strong>Fecha de lectura de la tesis:<\/strong>\u00a0 02\/12\/2002<\/li>\n<\/ul>\n<p>&nbsp;<\/p>\n<h3>Direcci\u00f3n y tribunal<\/h3>\n<ul>\n<li><strong>Director de la tesis<\/strong>\n<ul>\n<li>Jes\u00fas Varela Mallou<\/li>\n<\/ul>\n<\/li>\n<li><strong>Tribunal<\/strong>\n<ul>\n<li>Presidente del tribunal: rafael Tojo sierra <\/li>\n<li>pilar Garc\u00eda peris (vocal)<\/li>\n<li>Jos\u00e9 alfredo Martinez hernandez (vocal)<\/li>\n<li>olga Diaz fernandez (vocal)<\/li>\n<\/ul>\n<\/li>\n<\/ul>\n<p>&nbsp;<\/p>\n","protected":false},"excerpt":{"rendered":"<p>Tesis doctoral de Amil L\u00f3pez Vi\u00e9itez En la actualidad existen entre 110.000 y 150.000 espa\u00f1oles infectados por vih\/sida, la tasa [&hellip;]<\/p>\n","protected":false},"author":1,"featured_media":0,"comment_status":"open","ping_status":"open","sticky":false,"template":"","format":"standard","meta":{"site-sidebar-layout":"default","site-content-layout":"","ast-site-content-layout":"","site-content-style":"default","site-sidebar-style":"default","ast-global-header-display":"","ast-banner-title-visibility":"","ast-main-header-display":"","ast-hfb-above-header-display":"","ast-hfb-below-header-display":"","ast-hfb-mobile-header-display":"","site-post-title":"","ast-breadcrumbs-content":"","ast-featured-img":"","footer-sml-layout":"","theme-transparent-header-meta":"","adv-header-id-meta":"","stick-header-meta":"","header-above-stick-meta":"","header-main-stick-meta":"","header-below-stick-meta":"","astra-migrate-meta-layouts":"default","ast-page-background-enabled":"default","ast-page-background-meta":{"desktop":{"background-color":"var(--ast-global-color-4)","background-image":"","background-repeat":"repeat","background-position":"center center","background-size":"auto","background-attachment":"scroll","background-type":"","background-media":"","overlay-type":"","overlay-color":"","overlay-gradient":""},"tablet":{"background-color":"","background-image":"","background-repeat":"repeat","background-position":"center center","background-size":"auto","background-attachment":"scroll","background-type":"","background-media":"","overlay-type":"","overlay-color":"","overlay-gradient":""},"mobile":{"background-color":"","background-image":"","background-repeat":"repeat","background-position":"center center","background-size":"auto","background-attachment":"scroll","background-type":"","background-media":"","overlay-type":"","overlay-color":"","overlay-gradient":""}},"ast-content-background-meta":{"desktop":{"background-color":"var(--ast-global-color-5)","background-image":"","background-repeat":"repeat","background-position":"center center","background-size":"auto","background-attachment":"scroll","background-type":"","background-media":"","overlay-type":"","overlay-color":"","overlay-gradient":""},"tablet":{"background-color":"var(--ast-global-color-5)","background-image":"","background-repeat":"repeat","background-position":"center center","background-size":"auto","background-attachment":"scroll","background-type":"","background-media":"","overlay-type":"","overlay-color":"","overlay-gradient":""},"mobile":{"background-color":"var(--ast-global-color-5)","background-image":"","background-repeat":"repeat","background-position":"center center","background-size":"auto","background-attachment":"scroll","background-type":"","background-media":"","overlay-type":"","overlay-color":"","overlay-gradient":""}},"footnotes":""},"categories":[41497,4264,9,324,977],"tags":[61797,31627,18195,2952,61798,2517],"class_list":["post-20287","post","type-post","status-publish","format-standard","hentry","category-afrontamiento-de-la-enfermedad","category-asesoramiento-y-orientacion-psicologicas","category-ciencias-medicas","category-psicologia","category-santiago-de-compostela","tag-amil-lopez-vieitez","tag-jesus-varela-mallou","tag-jose-alfredo-Martinez-hernandez","tag-olga-diaz-fernandez","tag-pilar-garcia-peris","tag-rafael-tojo-sierra"],"_links":{"self":[{"href":"https:\/\/www.deberes.net\/tesis\/wp-json\/wp\/v2\/posts\/20287","targetHints":{"allow":["GET"]}}],"collection":[{"href":"https:\/\/www.deberes.net\/tesis\/wp-json\/wp\/v2\/posts"}],"about":[{"href":"https:\/\/www.deberes.net\/tesis\/wp-json\/wp\/v2\/types\/post"}],"author":[{"embeddable":true,"href":"https:\/\/www.deberes.net\/tesis\/wp-json\/wp\/v2\/users\/1"}],"replies":[{"embeddable":true,"href":"https:\/\/www.deberes.net\/tesis\/wp-json\/wp\/v2\/comments?post=20287"}],"version-history":[{"count":0,"href":"https:\/\/www.deberes.net\/tesis\/wp-json\/wp\/v2\/posts\/20287\/revisions"}],"wp:attachment":[{"href":"https:\/\/www.deberes.net\/tesis\/wp-json\/wp\/v2\/media?parent=20287"}],"wp:term":[{"taxonomy":"category","embeddable":true,"href":"https:\/\/www.deberes.net\/tesis\/wp-json\/wp\/v2\/categories?post=20287"},{"taxonomy":"post_tag","embeddable":true,"href":"https:\/\/www.deberes.net\/tesis\/wp-json\/wp\/v2\/tags?post=20287"}],"curies":[{"name":"wp","href":"https:\/\/api.w.org\/{rel}","templated":true}]}}