{"id":20297,"date":"2002-02-12T00:00:00","date_gmt":"2002-02-12T00:00:00","guid":{"rendered":"https:\/\/www.deberes.net\/tesis\/sin-categoria\/fundacion-docente-de-mineros-asturianos-estudio-historico-pedagogico\/"},"modified":"2002-02-12T00:00:00","modified_gmt":"2002-02-12T00:00:00","slug":"fundacion-docente-de-mineros-asturianos-estudio-historico-pedagogico","status":"publish","type":"post","link":"https:\/\/www.deberes.net\/tesis\/sin-categoria\/fundacion-docente-de-mineros-asturianos-estudio-historico-pedagogico\/","title":{"rendered":"Fundaci\u00f3n docente de mineros asturianos. estudio hist\u00f3rico-pedag\u00f3gico"},"content":{"rendered":"<h2>Tesis doctoral de <strong>  Hern\u00e1ndez Su\u00e1rez M. Mar <\/strong><\/h2>\n<p>La fundaci\u00f3n docente de mineros asturianos es una instituci\u00f3n que se creo en 1929 con el firme proposito de atender a las huerfanos de la mineria asturiana.  desde sus origenes hasta la actualidad ha tenido que pasar por diferentes etapas hist\u00f3ricas que le han influido.  en 1983 y con la llegada de su actual director, etelvino gonz\u00e1lez l\u00f3pez, se han producido grandes cambios tanto educativos como organizativos.  hoy d\u00eda la fundaci\u00f3n docente de mineros asturianos ofrece a los alumnos que all\u00ed acuden estudios de primaria, posee adem\u00e1s residencias tanto infantiles como de ense\u00f1anzas medias y universitarias, adem\u00e1s de diversas asociaciones, siendo una opci\u00f3n educativa m\u00e1s sin olvidar la atenci\u00f3n que sigue prestando a ni\u00f1os huerfanos la mineria.<\/p>\n<p>&nbsp;<\/p>\n<h3>Datos acad\u00e9micos de la tesis doctoral \u00ab<strong>Fundaci\u00f3n docente de mineros asturianos. estudio hist\u00f3rico-pedag\u00f3gico<\/strong>\u00ab<\/h3>\n<ul>\n<li><strong>T\u00edtulo de la tesis:<\/strong>\u00a0 Fundaci\u00f3n docente de mineros asturianos. estudio hist\u00f3rico-pedag\u00f3gico <\/li>\n<li><strong>Autor:<\/strong>\u00a0  Hern\u00e1ndez Su\u00e1rez M. Mar <\/li>\n<li><strong>Universidad:<\/strong>\u00a0 Complutense de Madrid<\/li>\n<li><strong>Fecha de lectura de la tesis:<\/strong>\u00a0 02\/12\/2002<\/li>\n<\/ul>\n<p>&nbsp;<\/p>\n<h3>Direcci\u00f3n y tribunal<\/h3>\n<ul>\n<li><strong>Director de la tesis<\/strong>\n<ul>\n<li>Mar\u00eda  Carmen Labrador Herr\u00e1iz<\/li>\n<\/ul>\n<\/li>\n<li><strong>Tribunal<\/strong>\n<ul>\n<li>Presidente del tribunal: angela Valle l\u00f3pez <\/li>\n<li>Juan  Manuel Cobo suero (vocal)<\/li>\n<li>Jos\u00e9 Crespo vasco (vocal)<\/li>\n<li>Mar\u00eda paz Lebrero baena (vocal)<\/li>\n<\/ul>\n<\/li>\n<\/ul>\n<p>&nbsp;<\/p>\n","protected":false},"excerpt":{"rendered":"<p>Tesis doctoral de Hern\u00e1ndez Su\u00e1rez M. Mar La fundaci\u00f3n docente de mineros asturianos es una instituci\u00f3n que se creo en [&hellip;]<\/p>\n","protected":false},"author":1,"featured_media":0,"comment_status":"open","ping_status":"open","sticky":false,"template":"","format":"standard","meta":{"site-sidebar-layout":"default","site-content-layout":"","ast-site-content-layout":"","site-content-style":"default","site-sidebar-style":"default","ast-global-header-display":"","ast-banner-title-visibility":"","ast-main-header-display":"","ast-hfb-above-header-display":"","ast-hfb-below-header-display":"","ast-hfb-mobile-header-display":"","site-post-title":"","ast-breadcrumbs-content":"","ast-featured-img":"","footer-sml-layout":"","theme-transparent-header-meta":"","adv-header-id-meta":"","stick-header-meta":"","header-above-stick-meta":"","header-main-stick-meta":"","header-below-stick-meta":"","astra-migrate-meta-layouts":"default","ast-page-background-enabled":"default","ast-page-background-meta":{"desktop":{"background-color":"var(--ast-global-color-4)","background-image":"","background-repeat":"repeat","background-position":"center center","background-size":"auto","background-attachment":"scroll","background-type":"","background-media":"","overlay-type":"","overlay-color":"","overlay-gradient":""},"tablet":{"background-color":"","background-image":"","background-repeat":"repeat","background-position":"center center","background-size":"auto","background-attachment":"scroll","background-type":"","background-media":"","overlay-type":"","overlay-color":"","overlay-gradient":""},"mobile":{"background-color":"","background-image":"","background-repeat":"repeat","background-position":"center center","background-size":"auto","background-attachment":"scroll","background-type":"","background-media":"","overlay-type":"","overlay-color":"","overlay-gradient":""}},"ast-content-background-meta":{"desktop":{"background-color":"var(--ast-global-color-5)","background-image":"","background-repeat":"repeat","background-position":"center center","background-size":"auto","background-attachment":"scroll","background-type":"","background-media":"","overlay-type":"","overlay-color":"","overlay-gradient":""},"tablet":{"background-color":"var(--ast-global-color-5)","background-image":"","background-repeat":"repeat","background-position":"center center","background-size":"auto","background-attachment":"scroll","background-type":"","background-media":"","overlay-type":"","overlay-color":"","overlay-gradient":""},"mobile":{"background-color":"var(--ast-global-color-5)","background-image":"","background-repeat":"repeat","background-position":"center center","background-size":"auto","background-attachment":"scroll","background-type":"","background-media":"","overlay-type":"","overlay-color":"","overlay-gradient":""}},"footnotes":""},"categories":[1],"tags":[61824,61823,5841,7696,7695,4615],"class_list":["post-20297","post","type-post","status-publish","format-standard","hentry","category-sin-categoria","tag-angela-valle-lopez","tag-hernandez-suarez-m-mar","tag-jose-crespo-vasco","tag-juan-manuel-cobo-suero","tag-maria-carmen-labrador-herraiz","tag-maria-paz-lebrero-baena"],"_links":{"self":[{"href":"https:\/\/www.deberes.net\/tesis\/wp-json\/wp\/v2\/posts\/20297","targetHints":{"allow":["GET"]}}],"collection":[{"href":"https:\/\/www.deberes.net\/tesis\/wp-json\/wp\/v2\/posts"}],"about":[{"href":"https:\/\/www.deberes.net\/tesis\/wp-json\/wp\/v2\/types\/post"}],"author":[{"embeddable":true,"href":"https:\/\/www.deberes.net\/tesis\/wp-json\/wp\/v2\/users\/1"}],"replies":[{"embeddable":true,"href":"https:\/\/www.deberes.net\/tesis\/wp-json\/wp\/v2\/comments?post=20297"}],"version-history":[{"count":0,"href":"https:\/\/www.deberes.net\/tesis\/wp-json\/wp\/v2\/posts\/20297\/revisions"}],"wp:attachment":[{"href":"https:\/\/www.deberes.net\/tesis\/wp-json\/wp\/v2\/media?parent=20297"}],"wp:term":[{"taxonomy":"category","embeddable":true,"href":"https:\/\/www.deberes.net\/tesis\/wp-json\/wp\/v2\/categories?post=20297"},{"taxonomy":"post_tag","embeddable":true,"href":"https:\/\/www.deberes.net\/tesis\/wp-json\/wp\/v2\/tags?post=20297"}],"curies":[{"name":"wp","href":"https:\/\/api.w.org\/{rel}","templated":true}]}}