{"id":20308,"date":"2002-02-12T00:00:00","date_gmt":"2002-02-12T00:00:00","guid":{"rendered":"https:\/\/www.deberes.net\/tesis\/sin-categoria\/memoria-impla%c2%adcita-y-expla%c2%adcita-en-la-esquizofrenia\/"},"modified":"2002-02-12T00:00:00","modified_gmt":"2002-02-12T00:00:00","slug":"memoria-impla%c2%adcita-y-expla%c2%adcita-en-la-esquizofrenia","status":"publish","type":"post","link":"https:\/\/www.deberes.net\/tesis\/sin-categoria\/memoria-impla%c2%adcita-y-expla%c2%adcita-en-la-esquizofrenia\/","title":{"rendered":"Memoria impl\u00edcita y expl\u00edcita en la esquizofrenia"},"content":{"rendered":"<h2>Tesis doctoral de <strong> Rosal\u00eda Hillers Rodr\u00edguez <\/strong><\/h2>\n<p>El objetivo de la tesis doctoral es describir por qu\u00e9 la memoria no constituye un \u00fanico  sistema sino un conjunto de ellos, cu\u00e1les son las dimensiones de la memoria, as\u00ed como su estructura, sus operaciones y sus procesos. sin embargo, la distinci\u00f3n fundamental de este trabajo se basa en un sistema dual de clasificaci\u00f3n de la memoria: expl\u00edcita versus impl\u00edcita (graf y schacter, 1985), de car\u00e1cter meramente descriptivo, referido a dos formas distintas de recuperar los eventos, y que constituy\u00f3 un hito para el estudio de las verdaderas capacidades mnem\u00f3nicas de ciertas poblaciones de pacientes con trastornos de memoria, como los pacientes con amnesia. Se pretende proporcionar una visi\u00f3n m\u00e1s completa de las deficiencias en los procesos de memoria que puedan ofrecer una explicaci\u00f3n a las alteraciones que los pacientes con esquizofrenia presentan en su funcionamiento mnem\u00f3nico en particular y cognitivo en general. En definitiva se pretende llegar a aislar los factores que afectan negativamente a la funci\u00f3n mnem\u00f3nica de estos pacientes, con el fin de manipularlos y mejorar su funcionamiento cognitivo global.  el esquema de la tesis doctoral para el abordaje de estas cuestiones es como sigue:  * en primer lugar, se describe la funci\u00f3n que desempe\u00f1a la memoria en la cognifici\u00f3n humana, as\u00ed como los distintos niveles de an\u00e1lisis que se ha adoptado para su estudio. Posteriormente se presentan las bases te\u00f3ricas e hist\u00f3ricas del estudio de la memoria de acuerdo a sus expresiones expl\u00edcita e impl\u00edcita, y de los distintos sistemas de memoria.  * a continuaci\u00f3n se analiza la naturaleza de la esquizofrenia, as\u00ed como la neuropsicolog\u00eda de este trastorno. Posteriormente, siempre haciendo hincapi\u00e9 en los procesos mnem\u00f3nicos en la esquizofrenia, se realiza un an\u00e1lisis detallado de las distintas expresiones de la memoria que se han estudiado en estos pacientes.  * el bloque experimental describe las tareas que se han emple<\/p>\n<p>&nbsp;<\/p>\n<h3>Datos acad\u00e9micos de la tesis doctoral \u00ab<strong>Memoria impl\u00edcita y expl\u00edcita en la esquizofrenia<\/strong>\u00ab<\/h3>\n<ul>\n<li><strong>T\u00edtulo de la tesis:<\/strong>\u00a0 Memoria impl\u00edcita y expl\u00edcita en la esquizofrenia <\/li>\n<li><strong>Autor:<\/strong>\u00a0 Rosal\u00eda Hillers Rodr\u00edguez <\/li>\n<li><strong>Universidad:<\/strong>\u00a0 Aut\u00f3noma de Madrid<\/li>\n<li><strong>Fecha de lectura de la tesis:<\/strong>\u00a0 02\/12\/2002<\/li>\n<\/ul>\n<p>&nbsp;<\/p>\n<h3>Direcci\u00f3n y tribunal<\/h3>\n<ul>\n<li><strong>Director de la tesis<\/strong>\n<ul>\n<li> Ruiz Vargas Jos\u00e9 M.<\/li>\n<\/ul>\n<\/li>\n<li><strong>Tribunal<\/strong>\n<ul>\n<li>Presidente del tribunal: Mar\u00eda  teresa Bajo molina <\/li>\n<li>isabel Cuevas fern\u00e1ndez (vocal)<\/li>\n<li>soledad Ballesteros jim\u00e9nez (vocal)<\/li>\n<li> L\u00f3pez frutos Jos\u00e9 Mar\u00eda (vocal)<\/li>\n<\/ul>\n<\/li>\n<\/ul>\n<p>&nbsp;<\/p>\n","protected":false},"excerpt":{"rendered":"<p>Tesis doctoral de Rosal\u00eda Hillers Rodr\u00edguez El objetivo de la tesis doctoral es describir por qu\u00e9 la memoria no constituye [&hellip;]<\/p>\n","protected":false},"author":1,"featured_media":0,"comment_status":"open","ping_status":"open","sticky":false,"template":"","format":"standard","meta":{"site-sidebar-layout":"default","site-content-layout":"","ast-site-content-layout":"","site-content-style":"default","site-sidebar-style":"default","ast-global-header-display":"","ast-banner-title-visibility":"","ast-main-header-display":"","ast-hfb-above-header-display":"","ast-hfb-below-header-display":"","ast-hfb-mobile-header-display":"","site-post-title":"","ast-breadcrumbs-content":"","ast-featured-img":"","footer-sml-layout":"","theme-transparent-header-meta":"","adv-header-id-meta":"","stick-header-meta":"","header-above-stick-meta":"","header-main-stick-meta":"","header-below-stick-meta":"","astra-migrate-meta-layouts":"default","ast-page-background-enabled":"default","ast-page-background-meta":{"desktop":{"background-color":"var(--ast-global-color-4)","background-image":"","background-repeat":"repeat","background-position":"center center","background-size":"auto","background-attachment":"scroll","background-type":"","background-media":"","overlay-type":"","overlay-color":"","overlay-gradient":""},"tablet":{"background-color":"","background-image":"","background-repeat":"repeat","background-position":"center center","background-size":"auto","background-attachment":"scroll","background-type":"","background-media":"","overlay-type":"","overlay-color":"","overlay-gradient":""},"mobile":{"background-color":"","background-image":"","background-repeat":"repeat","background-position":"center center","background-size":"auto","background-attachment":"scroll","background-type":"","background-media":"","overlay-type":"","overlay-color":"","overlay-gradient":""}},"ast-content-background-meta":{"desktop":{"background-color":"var(--ast-global-color-5)","background-image":"","background-repeat":"repeat","background-position":"center center","background-size":"auto","background-attachment":"scroll","background-type":"","background-media":"","overlay-type":"","overlay-color":"","overlay-gradient":""},"tablet":{"background-color":"var(--ast-global-color-5)","background-image":"","background-repeat":"repeat","background-position":"center center","background-size":"auto","background-attachment":"scroll","background-type":"","background-media":"","overlay-type":"","overlay-color":"","overlay-gradient":""},"mobile":{"background-color":"var(--ast-global-color-5)","background-image":"","background-repeat":"repeat","background-position":"center center","background-size":"auto","background-attachment":"scroll","background-type":"","background-media":"","overlay-type":"","overlay-color":"","overlay-gradient":""}},"footnotes":""},"categories":[1],"tags":[14553,61857,14557,61856,14554,2465],"class_list":["post-20308","post","type-post","status-publish","format-standard","hentry","category-sin-categoria","tag-isabel-cuevas-fernandez","tag-lopez-frutos-jose-maria","tag-maria-teresa-bajo-molina","tag-rosalia-hillers-rodriguez","tag-ruiz-vargas-jose-m","tag-soledad-ballesteros-jimenez"],"_links":{"self":[{"href":"https:\/\/www.deberes.net\/tesis\/wp-json\/wp\/v2\/posts\/20308","targetHints":{"allow":["GET"]}}],"collection":[{"href":"https:\/\/www.deberes.net\/tesis\/wp-json\/wp\/v2\/posts"}],"about":[{"href":"https:\/\/www.deberes.net\/tesis\/wp-json\/wp\/v2\/types\/post"}],"author":[{"embeddable":true,"href":"https:\/\/www.deberes.net\/tesis\/wp-json\/wp\/v2\/users\/1"}],"replies":[{"embeddable":true,"href":"https:\/\/www.deberes.net\/tesis\/wp-json\/wp\/v2\/comments?post=20308"}],"version-history":[{"count":0,"href":"https:\/\/www.deberes.net\/tesis\/wp-json\/wp\/v2\/posts\/20308\/revisions"}],"wp:attachment":[{"href":"https:\/\/www.deberes.net\/tesis\/wp-json\/wp\/v2\/media?parent=20308"}],"wp:term":[{"taxonomy":"category","embeddable":true,"href":"https:\/\/www.deberes.net\/tesis\/wp-json\/wp\/v2\/categories?post=20308"},{"taxonomy":"post_tag","embeddable":true,"href":"https:\/\/www.deberes.net\/tesis\/wp-json\/wp\/v2\/tags?post=20308"}],"curies":[{"name":"wp","href":"https:\/\/api.w.org\/{rel}","templated":true}]}}