{"id":20317,"date":"2002-03-12T00:00:00","date_gmt":"2002-03-12T00:00:00","guid":{"rendered":"https:\/\/www.deberes.net\/tesis\/sin-categoria\/la-violencia-escolar-en-contextos-interculturales-un-estudio-en-la-ciudad-autonoma-de-ceuta\/"},"modified":"2002-03-12T00:00:00","modified_gmt":"2002-03-12T00:00:00","slug":"la-violencia-escolar-en-contextos-interculturales-un-estudio-en-la-ciudad-autonoma-de-ceuta","status":"publish","type":"post","link":"https:\/\/www.deberes.net\/tesis\/psicologia\/la-violencia-escolar-en-contextos-interculturales-un-estudio-en-la-ciudad-autonoma-de-ceuta\/","title":{"rendered":"La violencia escolar en contextos interculturales: un estudio en la ciudad aut\u00f3noma de ceuta"},"content":{"rendered":"<h2>Tesis doctoral de <strong> Jos\u00e9 Antonio Pareja Fernandez De La Reguera <\/strong><\/h2>\n<p>Teniendo en cuenta la relevancia social que la violencia escolar est\u00e1 teniendo en nuestros d\u00edas, el autor de la tesis investiga sobre el nivel de incidencia que, en sus distintas categor\u00edas y modalidades, \u00e9sta tiene en un contexto escolar e intercultural como es el caso de los centros de educaci\u00f3n secundaria obligatoria de la ciudad aut\u00f3noma de ceuta.  en este sentido, y profundizando un poco m\u00e1s, tambi\u00e9n aporta datos al respecto de las distintas variables que afectan a esa incidencia (g\u00e9nero, edad, curso, &#8230;.) As\u00ed como las reacciones que los comportamientos violentos generan no s\u00f3lo en las v\u00edctimas sino tambi\u00e9n en los agregores y testigos.  tambi\u00e9n se ven reflejadas en esta investigaci\u00f3n las distintas modalidades de intervenci\u00f3n que en estos centros se est\u00e1n llevando a cabo para paliar dicho fen\u00f3meno as\u00ed como las percepciones que tanto profesorado como alumnado tienen al respecto.  igualmente contrasta los datos aportados por estos dos colectivos con los que, en su d\u00eda, aparecieron en el informe de \u00e1mbito nacional sobre violencia escolar realizado por el defensor del pueblo.<\/p>\n<p>&nbsp;<\/p>\n<h3>Datos acad\u00e9micos de la tesis doctoral \u00ab<strong>La violencia escolar en contextos interculturales: un estudio en la ciudad aut\u00f3noma de ceuta<\/strong>\u00ab<\/h3>\n<ul>\n<li><strong>T\u00edtulo de la tesis:<\/strong>\u00a0 La violencia escolar en contextos interculturales: un estudio en la ciudad aut\u00f3noma de ceuta <\/li>\n<li><strong>Autor:<\/strong>\u00a0 Jos\u00e9 Antonio Pareja Fernandez De La Reguera <\/li>\n<li><strong>Universidad:<\/strong>\u00a0 Granada<\/li>\n<li><strong>Fecha de lectura de la tesis:<\/strong>\u00a0 03\/12\/2002<\/li>\n<\/ul>\n<p>&nbsp;<\/p>\n<h3>Direcci\u00f3n y tribunal<\/h3>\n<ul>\n<li><strong>Director de la tesis<\/strong>\n<ul>\n<li>Manuel Lorenzo Delgado<\/li>\n<\/ul>\n<\/li>\n<li><strong>Tribunal<\/strong>\n<ul>\n<li>Presidente del tribunal: joaquin Gairin sallan <\/li>\n<li>mario Martin bris (vocal)<\/li>\n<li>pedro Aierve echevarr\u00eda (vocal)<\/li>\n<li>arturo Manuel Fuentes  vi\u00f1as (vocal)<\/li>\n<\/ul>\n<\/li>\n<\/ul>\n<p>&nbsp;<\/p>\n","protected":false},"excerpt":{"rendered":"<p>Tesis doctoral de Jos\u00e9 Antonio Pareja Fernandez De La Reguera Teniendo en cuenta la relevancia social que la violencia escolar [&hellip;]<\/p>\n","protected":false},"author":1,"featured_media":0,"comment_status":"open","ping_status":"open","sticky":false,"template":"","format":"standard","meta":{"site-sidebar-layout":"default","site-content-layout":"","ast-site-content-layout":"","site-content-style":"default","site-sidebar-style":"default","ast-global-header-display":"","ast-banner-title-visibility":"","ast-main-header-display":"","ast-hfb-above-header-display":"","ast-hfb-below-header-display":"","ast-hfb-mobile-header-display":"","site-post-title":"","ast-breadcrumbs-content":"","ast-featured-img":"","footer-sml-layout":"","theme-transparent-header-meta":"","adv-header-id-meta":"","stick-header-meta":"","header-above-stick-meta":"","header-main-stick-meta":"","header-below-stick-meta":"","astra-migrate-meta-layouts":"default","ast-page-background-enabled":"default","ast-page-background-meta":{"desktop":{"background-color":"var(--ast-global-color-4)","background-image":"","background-repeat":"repeat","background-position":"center center","background-size":"auto","background-attachment":"scroll","background-type":"","background-media":"","overlay-type":"","overlay-color":"","overlay-gradient":""},"tablet":{"background-color":"","background-image":"","background-repeat":"repeat","background-position":"center center","background-size":"auto","background-attachment":"scroll","background-type":"","background-media":"","overlay-type":"","overlay-color":"","overlay-gradient":""},"mobile":{"background-color":"","background-image":"","background-repeat":"repeat","background-position":"center center","background-size":"auto","background-attachment":"scroll","background-type":"","background-media":"","overlay-type":"","overlay-color":"","overlay-gradient":""}},"ast-content-background-meta":{"desktop":{"background-color":"var(--ast-global-color-5)","background-image":"","background-repeat":"repeat","background-position":"center center","background-size":"auto","background-attachment":"scroll","background-type":"","background-media":"","overlay-type":"","overlay-color":"","overlay-gradient":""},"tablet":{"background-color":"var(--ast-global-color-5)","background-image":"","background-repeat":"repeat","background-position":"center center","background-size":"auto","background-attachment":"scroll","background-type":"","background-media":"","overlay-type":"","overlay-color":"","overlay-gradient":""},"mobile":{"background-color":"var(--ast-global-color-5)","background-image":"","background-repeat":"repeat","background-position":"center center","background-size":"auto","background-attachment":"scroll","background-type":"","background-media":"","overlay-type":"","overlay-color":"","overlay-gradient":""}},"footnotes":""},"categories":[7611,1184,1141,324],"tags":[46498,6624,61877,8686,6621,61878],"class_list":["post-20317","post","type-post","status-publish","format-standard","hentry","category-organizacion-y-direccion-de-las-instituciones-educativas","category-organizacion-y-planificacion-de-la-educacion","category-pedagogia","category-psicologia","tag-arturo-manuel-fuentes-vinas","tag-joaquin-gairin-sallan","tag-jose-antonio-pareja-fernandez-de-la-reguera","tag-manuel-lorenzo-delgado","tag-mario-martin-bris","tag-pedro-aierve-echevarria"],"_links":{"self":[{"href":"https:\/\/www.deberes.net\/tesis\/wp-json\/wp\/v2\/posts\/20317","targetHints":{"allow":["GET"]}}],"collection":[{"href":"https:\/\/www.deberes.net\/tesis\/wp-json\/wp\/v2\/posts"}],"about":[{"href":"https:\/\/www.deberes.net\/tesis\/wp-json\/wp\/v2\/types\/post"}],"author":[{"embeddable":true,"href":"https:\/\/www.deberes.net\/tesis\/wp-json\/wp\/v2\/users\/1"}],"replies":[{"embeddable":true,"href":"https:\/\/www.deberes.net\/tesis\/wp-json\/wp\/v2\/comments?post=20317"}],"version-history":[{"count":0,"href":"https:\/\/www.deberes.net\/tesis\/wp-json\/wp\/v2\/posts\/20317\/revisions"}],"wp:attachment":[{"href":"https:\/\/www.deberes.net\/tesis\/wp-json\/wp\/v2\/media?parent=20317"}],"wp:term":[{"taxonomy":"category","embeddable":true,"href":"https:\/\/www.deberes.net\/tesis\/wp-json\/wp\/v2\/categories?post=20317"},{"taxonomy":"post_tag","embeddable":true,"href":"https:\/\/www.deberes.net\/tesis\/wp-json\/wp\/v2\/tags?post=20317"}],"curies":[{"name":"wp","href":"https:\/\/api.w.org\/{rel}","templated":true}]}}