{"id":20339,"date":"2002-04-12T00:00:00","date_gmt":"2002-04-12T00:00:00","guid":{"rendered":"https:\/\/www.deberes.net\/tesis\/sin-categoria\/estudio-jura%c2%addico-de-las-tecnicas-de-aproximacion-normativa-de-la-integracion-europea-en-el-ambito-de-la-fiscalidad\/"},"modified":"2002-04-12T00:00:00","modified_gmt":"2002-04-12T00:00:00","slug":"estudio-jura%c2%addico-de-las-tecnicas-de-aproximacion-normativa-de-la-integracion-europea-en-el-ambito-de-la-fiscalidad","status":"publish","type":"post","link":"https:\/\/www.deberes.net\/tesis\/ciencias-juridicas-y-derecho\/estudio-jura%c2%addico-de-las-tecnicas-de-aproximacion-normativa-de-la-integracion-europea-en-el-ambito-de-la-fiscalidad\/","title":{"rendered":"Estudio jur\u00eddico de las t\u00e9cnicas de aproximaci\u00f3n normativa de la integraci\u00f3n europea en el \u00e1mbito de la fiscalidad"},"content":{"rendered":"<h2>Tesis doctoral de <strong>  Cort\u00e9s Raposo M. Emilia <\/strong><\/h2>\n<p>Estudio jur\u00eddico sobre las t\u00e9cnicas de aproximaci\u00f3n normativa seguidas por la integraci\u00f3n europea en el \u00e1mbito de la fiscalidad. En \u00e9l se abordan en vigor y exhaustividad los aspectos t\u00e9cnico-jur\u00eddicos en la armonizaci\u00f3n as\u00ed como las dificultades que se siguen derivando de la persistencia de la diversidad jur\u00eddica entre los estados miembros en material tributario (particularmente detalladas en las segundas y terceras partes).<\/p>\n<p>&nbsp;<\/p>\n<h3>Datos acad\u00e9micos de la tesis doctoral \u00ab<strong>Estudio jur\u00eddico de las t\u00e9cnicas de aproximaci\u00f3n normativa de la integraci\u00f3n europea en el \u00e1mbito de la fiscalidad<\/strong>\u00ab<\/h3>\n<ul>\n<li><strong>T\u00edtulo de la tesis:<\/strong>\u00a0 Estudio jur\u00eddico de las t\u00e9cnicas de aproximaci\u00f3n normativa de la integraci\u00f3n europea en el \u00e1mbito de la fiscalidad <\/li>\n<li><strong>Autor:<\/strong>\u00a0  Cort\u00e9s Raposo M. Emilia <\/li>\n<li><strong>Universidad:<\/strong>\u00a0 Extremadura<\/li>\n<li><strong>Fecha de lectura de la tesis:<\/strong>\u00a0 04\/12\/2002<\/li>\n<\/ul>\n<p>&nbsp;<\/p>\n<h3>Direcci\u00f3n y tribunal<\/h3>\n<ul>\n<li><strong>Director de la tesis<\/strong>\n<ul>\n<li>Isaac Merino Jara<\/li>\n<\/ul>\n<\/li>\n<li><strong>Tribunal<\/strong>\n<ul>\n<li>Presidente del tribunal: clemente Checa gonz\u00e1lez <\/li>\n<li>alfonso Mart\u00ednez Garc\u00eda-monc\u00f3 (vocal)<\/li>\n<li>pilar Blanco-morales limones (vocal)<\/li>\n<li> Varona alabern Juan  enrique (vocal)<\/li>\n<\/ul>\n<\/li>\n<\/ul>\n<p>&nbsp;<\/p>\n","protected":false},"excerpt":{"rendered":"<p>Tesis doctoral de Cort\u00e9s Raposo M. Emilia Estudio jur\u00eddico sobre las t\u00e9cnicas de aproximaci\u00f3n normativa seguidas por la integraci\u00f3n europea [&hellip;]<\/p>\n","protected":false},"author":1,"featured_media":0,"comment_status":"open","ping_status":"open","sticky":false,"template":"","format":"standard","meta":{"site-sidebar-layout":"default","site-content-layout":"","ast-site-content-layout":"","site-content-style":"default","site-sidebar-style":"default","ast-global-header-display":"","ast-banner-title-visibility":"","ast-main-header-display":"","ast-hfb-above-header-display":"","ast-hfb-below-header-display":"","ast-hfb-mobile-header-display":"","site-post-title":"","ast-breadcrumbs-content":"","ast-featured-img":"","footer-sml-layout":"","theme-transparent-header-meta":"","adv-header-id-meta":"","stick-header-meta":"","header-above-stick-meta":"","header-main-stick-meta":"","header-below-stick-meta":"","astra-migrate-meta-layouts":"default","ast-page-background-enabled":"default","ast-page-background-meta":{"desktop":{"background-color":"var(--ast-global-color-4)","background-image":"","background-repeat":"repeat","background-position":"center center","background-size":"auto","background-attachment":"scroll","background-type":"","background-media":"","overlay-type":"","overlay-color":"","overlay-gradient":""},"tablet":{"background-color":"","background-image":"","background-repeat":"repeat","background-position":"center center","background-size":"auto","background-attachment":"scroll","background-type":"","background-media":"","overlay-type":"","overlay-color":"","overlay-gradient":""},"mobile":{"background-color":"","background-image":"","background-repeat":"repeat","background-position":"center center","background-size":"auto","background-attachment":"scroll","background-type":"","background-media":"","overlay-type":"","overlay-color":"","overlay-gradient":""}},"ast-content-background-meta":{"desktop":{"background-color":"var(--ast-global-color-5)","background-image":"","background-repeat":"repeat","background-position":"center center","background-size":"auto","background-attachment":"scroll","background-type":"","background-media":"","overlay-type":"","overlay-color":"","overlay-gradient":""},"tablet":{"background-color":"var(--ast-global-color-5)","background-image":"","background-repeat":"repeat","background-position":"center center","background-size":"auto","background-attachment":"scroll","background-type":"","background-media":"","overlay-type":"","overlay-color":"","overlay-gradient":""},"mobile":{"background-color":"var(--ast-global-color-5)","background-image":"","background-repeat":"repeat","background-position":"center center","background-size":"auto","background-attachment":"scroll","background-type":"","background-media":"","overlay-type":"","overlay-color":"","overlay-gradient":""}},"footnotes":""},"categories":[612,4927,797,1211,6334,979,949,3193],"tags":[61928,12214,61927,55644,61929,61930],"class_list":["post-20339","post","type-post","status-publish","format-standard","hentry","category-ciencias-juridicas-y-derecho","category-derecho-comparado","category-derecho-fiscal","category-derecho-internacional","category-derecho-internacional-publico","category-derecho-y-legislacion-nacionales","category-extremadura","category-teoria-y-metodos-generales-del-derecho","tag-alfonso-Martinez-garcia-monco","tag-clemente-checa-gonzalez","tag-cortes-raposo-m-emilia","tag-isaac-merino-jara","tag-pilar-blanco-morales-limones","tag-varona-alabern-juan-enrique"],"_links":{"self":[{"href":"https:\/\/www.deberes.net\/tesis\/wp-json\/wp\/v2\/posts\/20339","targetHints":{"allow":["GET"]}}],"collection":[{"href":"https:\/\/www.deberes.net\/tesis\/wp-json\/wp\/v2\/posts"}],"about":[{"href":"https:\/\/www.deberes.net\/tesis\/wp-json\/wp\/v2\/types\/post"}],"author":[{"embeddable":true,"href":"https:\/\/www.deberes.net\/tesis\/wp-json\/wp\/v2\/users\/1"}],"replies":[{"embeddable":true,"href":"https:\/\/www.deberes.net\/tesis\/wp-json\/wp\/v2\/comments?post=20339"}],"version-history":[{"count":0,"href":"https:\/\/www.deberes.net\/tesis\/wp-json\/wp\/v2\/posts\/20339\/revisions"}],"wp:attachment":[{"href":"https:\/\/www.deberes.net\/tesis\/wp-json\/wp\/v2\/media?parent=20339"}],"wp:term":[{"taxonomy":"category","embeddable":true,"href":"https:\/\/www.deberes.net\/tesis\/wp-json\/wp\/v2\/categories?post=20339"},{"taxonomy":"post_tag","embeddable":true,"href":"https:\/\/www.deberes.net\/tesis\/wp-json\/wp\/v2\/tags?post=20339"}],"curies":[{"name":"wp","href":"https:\/\/api.w.org\/{rel}","templated":true}]}}