{"id":20347,"date":"2002-04-12T00:00:00","date_gmt":"2002-04-12T00:00:00","guid":{"rendered":"https:\/\/www.deberes.net\/tesis\/sin-categoria\/aplicaciones-didacticas-de-la-educacion-plastico-visual-en-el-marco-de-la-educacion-no-formal\/"},"modified":"2002-04-12T00:00:00","modified_gmt":"2002-04-12T00:00:00","slug":"aplicaciones-didacticas-de-la-educacion-plastico-visual-en-el-marco-de-la-educacion-no-formal","status":"publish","type":"post","link":"https:\/\/www.deberes.net\/tesis\/sin-categoria\/aplicaciones-didacticas-de-la-educacion-plastico-visual-en-el-marco-de-la-educacion-no-formal\/","title":{"rendered":"Aplicaciones did\u00e1cticas de la educaci\u00f3n pl\u00e1stico-visual en el marco de la educaci\u00f3n no formal"},"content":{"rendered":"<h2>Tesis doctoral de <strong> Mar\u00eda Jes\u00fas Abad Tejerina <\/strong><\/h2>\n<p>Esta tesis recoge una experiencia de educaci\u00f3n art\u00edstica en una zona \u00abrural-residencial\u00bb cercana a Madrid, en la que se extrapolaron los m\u00e9todos aplicados en la educaci\u00f3n superior, (bellas artes), al marco de la educaci\u00f3n no formal.  estos cursos est\u00e1n recogidos dentro de un marco te\u00f3rico en el que se describe la situaci\u00f3n de la educaci\u00f3n art\u00edstica superior en la comunidad de Madrid y la de la educaci\u00f3n no formal.  el prop\u00f3sito de este estudio es el de extrapolar el enmara\u00f1ado panorama en educaci\u00f3n art\u00edstica no formal y en base a los resultados obtenidos en los cursos, aportar datos de diferente alcance que pueden servir de base a otras investigaciones.  los planteamientos en torno a los que gira la investigaci\u00f3n son:  * el an\u00e1lisis de los m\u00e9todos que se emplean en la educaci\u00f3n art\u00edstica superior.  * las limitaciones de los mismos cuando se aplican en educaci\u00f3n no formal.  * las insuficiencias que presenta la educaci\u00f3n pl\u00e1stico visual en el marco de la educaci\u00f3n no formal, y  * comprobar si la educaci\u00f3n art\u00edstica es un buen medio para la difusi\u00f3n de la cultura y el desarrollo intelectual.  el estudio es aplicable a otros contextos.<\/p>\n<p>&nbsp;<\/p>\n<h3>Datos acad\u00e9micos de la tesis doctoral \u00ab<strong>Aplicaciones did\u00e1cticas de la educaci\u00f3n pl\u00e1stico-visual en el marco de la educaci\u00f3n no formal<\/strong>\u00ab<\/h3>\n<ul>\n<li><strong>T\u00edtulo de la tesis:<\/strong>\u00a0 Aplicaciones did\u00e1cticas de la educaci\u00f3n pl\u00e1stico-visual en el marco de la educaci\u00f3n no formal <\/li>\n<li><strong>Autor:<\/strong>\u00a0 Mar\u00eda Jes\u00fas Abad Tejerina <\/li>\n<li><strong>Universidad:<\/strong>\u00a0 Complutense de Madrid<\/li>\n<li><strong>Fecha de lectura de la tesis:<\/strong>\u00a0 04\/12\/2002<\/li>\n<\/ul>\n<p>&nbsp;<\/p>\n<h3>Direcci\u00f3n y tribunal<\/h3>\n<ul>\n<li><strong>Director de la tesis<\/strong>\n<ul>\n<li>Manuel Sanchez Mendez<\/li>\n<\/ul>\n<\/li>\n<li><strong>Tribunal<\/strong>\n<ul>\n<li>Presidente del tribunal: javier Pereda piquer <\/li>\n<li>teresa Gil ameijeiras (vocal)<\/li>\n<li>tomas Garc\u00eda asensio (vocal)<\/li>\n<li>Mar\u00eda  del carmen Moreno saez (vocal)<\/li>\n<\/ul>\n<\/li>\n<\/ul>\n<p>&nbsp;<\/p>\n","protected":false},"excerpt":{"rendered":"<p>Tesis doctoral de Mar\u00eda Jes\u00fas Abad Tejerina Esta tesis recoge una experiencia de educaci\u00f3n art\u00edstica en una zona \u00abrural-residencial\u00bb cercana [&hellip;]<\/p>\n","protected":false},"author":1,"featured_media":0,"comment_status":"open","ping_status":"open","sticky":false,"template":"","format":"standard","meta":{"site-sidebar-layout":"default","site-content-layout":"","ast-site-content-layout":"","site-content-style":"default","site-sidebar-style":"default","ast-global-header-display":"","ast-banner-title-visibility":"","ast-main-header-display":"","ast-hfb-above-header-display":"","ast-hfb-below-header-display":"","ast-hfb-mobile-header-display":"","site-post-title":"","ast-breadcrumbs-content":"","ast-featured-img":"","footer-sml-layout":"","theme-transparent-header-meta":"","adv-header-id-meta":"","stick-header-meta":"","header-above-stick-meta":"","header-main-stick-meta":"","header-below-stick-meta":"","astra-migrate-meta-layouts":"default","ast-page-background-enabled":"default","ast-page-background-meta":{"desktop":{"background-color":"var(--ast-global-color-4)","background-image":"","background-repeat":"repeat","background-position":"center center","background-size":"auto","background-attachment":"scroll","background-type":"","background-media":"","overlay-type":"","overlay-color":"","overlay-gradient":""},"tablet":{"background-color":"","background-image":"","background-repeat":"repeat","background-position":"center center","background-size":"auto","background-attachment":"scroll","background-type":"","background-media":"","overlay-type":"","overlay-color":"","overlay-gradient":""},"mobile":{"background-color":"","background-image":"","background-repeat":"repeat","background-position":"center center","background-size":"auto","background-attachment":"scroll","background-type":"","background-media":"","overlay-type":"","overlay-color":"","overlay-gradient":""}},"ast-content-background-meta":{"desktop":{"background-color":"var(--ast-global-color-5)","background-image":"","background-repeat":"repeat","background-position":"center center","background-size":"auto","background-attachment":"scroll","background-type":"","background-media":"","overlay-type":"","overlay-color":"","overlay-gradient":""},"tablet":{"background-color":"var(--ast-global-color-5)","background-image":"","background-repeat":"repeat","background-position":"center center","background-size":"auto","background-attachment":"scroll","background-type":"","background-media":"","overlay-type":"","overlay-color":"","overlay-gradient":""},"mobile":{"background-color":"var(--ast-global-color-5)","background-image":"","background-repeat":"repeat","background-position":"center center","background-size":"auto","background-attachment":"scroll","background-type":"","background-media":"","overlay-type":"","overlay-color":"","overlay-gradient":""}},"footnotes":""},"categories":[1],"tags":[18457,4968,56250,61950,20270,61951],"class_list":["post-20347","post","type-post","status-publish","format-standard","hentry","category-sin-categoria","tag-javier-pereda-piquer","tag-manuel-sanchez-mendez","tag-maria-del-carmen-moreno-saez","tag-maria-jesus-abad-tejerina","tag-teresa-gil-ameijeiras","tag-tomas-garcia-asensio"],"_links":{"self":[{"href":"https:\/\/www.deberes.net\/tesis\/wp-json\/wp\/v2\/posts\/20347","targetHints":{"allow":["GET"]}}],"collection":[{"href":"https:\/\/www.deberes.net\/tesis\/wp-json\/wp\/v2\/posts"}],"about":[{"href":"https:\/\/www.deberes.net\/tesis\/wp-json\/wp\/v2\/types\/post"}],"author":[{"embeddable":true,"href":"https:\/\/www.deberes.net\/tesis\/wp-json\/wp\/v2\/users\/1"}],"replies":[{"embeddable":true,"href":"https:\/\/www.deberes.net\/tesis\/wp-json\/wp\/v2\/comments?post=20347"}],"version-history":[{"count":0,"href":"https:\/\/www.deberes.net\/tesis\/wp-json\/wp\/v2\/posts\/20347\/revisions"}],"wp:attachment":[{"href":"https:\/\/www.deberes.net\/tesis\/wp-json\/wp\/v2\/media?parent=20347"}],"wp:term":[{"taxonomy":"category","embeddable":true,"href":"https:\/\/www.deberes.net\/tesis\/wp-json\/wp\/v2\/categories?post=20347"},{"taxonomy":"post_tag","embeddable":true,"href":"https:\/\/www.deberes.net\/tesis\/wp-json\/wp\/v2\/tags?post=20347"}],"curies":[{"name":"wp","href":"https:\/\/api.w.org\/{rel}","templated":true}]}}