{"id":20425,"date":"2002-10-12T00:00:00","date_gmt":"2002-10-12T00:00:00","guid":{"rendered":"https:\/\/www.deberes.net\/tesis\/sin-categoria\/polimialgia-reumatica-y-arteritis-de-la-temporal-contribuciones-al-conocimiento-de-la-etiopatogenia-del-cuadro-cla%c2%adnico-y-del-tratamiento\/"},"modified":"2002-10-12T00:00:00","modified_gmt":"2002-10-12T00:00:00","slug":"polimialgia-reumatica-y-arteritis-de-la-temporal-contribuciones-al-conocimiento-de-la-etiopatogenia-del-cuadro-cla%c2%adnico-y-del-tratamiento","status":"publish","type":"post","link":"https:\/\/www.deberes.net\/tesis\/ciencias-medicas\/polimialgia-reumatica-y-arteritis-de-la-temporal-contribuciones-al-conocimiento-de-la-etiopatogenia-del-cuadro-cla%c2%adnico-y-del-tratamiento\/","title":{"rendered":"Polimialgia reum\u00e1tica y arteritis de la temporal; contribuciones al conocimiento de la etiopatogenia, del cuadro cl\u00ednico y del tratamiento"},"content":{"rendered":"<h2>Tesis doctoral de <strong> Francisco Javier Narv\u00e1ez Garc\u00eda <\/strong><\/h2>\n<p>La polimialgia reum\u00e1tica (pmr) es una enfermedad de etiolog\u00eda desconocida caracterizada por la existencia de dolor y rigidez en la regi\u00f3n cervical y en las cinturas escapular y pelviana. La arteritis de la temporal (at), denominada tambi\u00e9n arteritis de c\u00e9lulas gigantes o arteritis de horton, es una vasculitis sist\u00e9mica de etiolog\u00eda desconocida que afecta a vasos de mediano y gran calibre con una predilecci\u00f3n especial por las ramas extracraneales de la arteria car\u00f3tida. Entre ambas entidades existe una estrecha relaci\u00f3n que se sustenta en su frecuente coincidencia en un mismo paciente, as\u00ed como en una serie de similitudes demogr\u00e1ficas y en sus mecanismos patog\u00e9nicos. sin embargo, permanece a\u00fan por dilucidar si ambos procesos forman parte del espectro cl\u00ednico de una misma enfermedad o si son entidades diferentes que por alg\u00fan motivo desconocido tienden a asociarse en un mismo enfermo.  al margen de esta contorversia, y aunque durante los \u00faltimos a\u00f1os se ha avanzado de forma sustancial en el conocimiento de ambas enfermedades, existen a\u00fan muchas inc\u00f3gnitas en las mismas por despejar. En concreto, su etiolog\u00eda sigue siendo desconocida (se ha invocado la posible participaci\u00f3n de agentes infecciosos o de la radiaci\u00f3n solar, si bien ninguna de estas dos hip\u00f3tesis ha podido ser confirmada), poco se conoce acerca del posible papel modular de las hormonas sexuales en estas enfermedades (a pesar de su claro predominio por el sexo femenino), y se est\u00e1 revisando la caracterizaci\u00f3n cl\u00ednica de ambos procesos (fundamentalmente el espectro de manifestaciones m\u00fasculo-esquel\u00e9ticas). Por \u00faltimo, y aunque el tratamiento con glucocorticoides es obligado y efectivo, existen tambi\u00e9n muchos aspectos controvertidos del mismo, entre ellos, la duraci\u00f3n del tratamiento (datos contradictorios, ausencia de indicadores pron\u00f3sticos) y las recidivas (a pesar de suponer una de las mayores dificultades del tratamiento de estas enfermedades, n<\/p>\n<p>&nbsp;<\/p>\n<h3>Datos acad\u00e9micos de la tesis doctoral \u00ab<strong>Polimialgia reum\u00e1tica y arteritis de la temporal; contribuciones al conocimiento de la etiopatogenia, del cuadro cl\u00ednico y del tratamiento<\/strong>\u00ab<\/h3>\n<ul>\n<li><strong>T\u00edtulo de la tesis:<\/strong>\u00a0 Polimialgia reum\u00e1tica y arteritis de la temporal; contribuciones al conocimiento de la etiopatogenia, del cuadro cl\u00ednico y del tratamiento <\/li>\n<li><strong>Autor:<\/strong>\u00a0 Francisco Javier Narv\u00e1ez Garc\u00eda <\/li>\n<li><strong>Universidad:<\/strong>\u00a0 Barcelona<\/li>\n<li><strong>Fecha de lectura de la tesis:<\/strong>\u00a0 10\/12\/2002<\/li>\n<\/ul>\n<p>&nbsp;<\/p>\n<h3>Direcci\u00f3n y tribunal<\/h3>\n<ul>\n<li><strong>Director de la tesis<\/strong>\n<ul>\n<li>Joan Miquel Nolla Sole<\/li>\n<\/ul>\n<\/li>\n<li><strong>Tribunal<\/strong>\n<ul>\n<li>Presidente del tribunal: vicente Rodriguez valverde <\/li>\n<li>francesc Gudiol munt\u00e9 (vocal)<\/li>\n<li>raimon Sanmart\u00ed sala (vocal)<\/li>\n<li>  (vocal)<\/li>\n<\/ul>\n<\/li>\n<\/ul>\n<p>&nbsp;<\/p>\n","protected":false},"excerpt":{"rendered":"<p>Tesis doctoral de Francisco Javier Narv\u00e1ez Garc\u00eda La polimialgia reum\u00e1tica (pmr) es una enfermedad de etiolog\u00eda desconocida caracterizada por la [&hellip;]<\/p>\n","protected":false},"author":1,"featured_media":0,"comment_status":"open","ping_status":"open","sticky":false,"template":"","format":"standard","meta":{"site-sidebar-layout":"default","site-content-layout":"","ast-site-content-layout":"","site-content-style":"default","site-sidebar-style":"default","ast-global-header-display":"","ast-banner-title-visibility":"","ast-main-header-display":"","ast-hfb-above-header-display":"","ast-hfb-below-header-display":"","ast-hfb-mobile-header-display":"","site-post-title":"","ast-breadcrumbs-content":"","ast-featured-img":"","footer-sml-layout":"","theme-transparent-header-meta":"","adv-header-id-meta":"","stick-header-meta":"","header-above-stick-meta":"","header-main-stick-meta":"","header-below-stick-meta":"","astra-migrate-meta-layouts":"default","ast-page-background-enabled":"default","ast-page-background-meta":{"desktop":{"background-color":"var(--ast-global-color-4)","background-image":"","background-repeat":"repeat","background-position":"center center","background-size":"auto","background-attachment":"scroll","background-type":"","background-media":"","overlay-type":"","overlay-color":"","overlay-gradient":""},"tablet":{"background-color":"","background-image":"","background-repeat":"repeat","background-position":"center center","background-size":"auto","background-attachment":"scroll","background-type":"","background-media":"","overlay-type":"","overlay-color":"","overlay-gradient":""},"mobile":{"background-color":"","background-image":"","background-repeat":"repeat","background-position":"center center","background-size":"auto","background-attachment":"scroll","background-type":"","background-media":"","overlay-type":"","overlay-color":"","overlay-gradient":""}},"ast-content-background-meta":{"desktop":{"background-color":"var(--ast-global-color-5)","background-image":"","background-repeat":"repeat","background-position":"center center","background-size":"auto","background-attachment":"scroll","background-type":"","background-media":"","overlay-type":"","overlay-color":"","overlay-gradient":""},"tablet":{"background-color":"var(--ast-global-color-5)","background-image":"","background-repeat":"repeat","background-position":"center center","background-size":"auto","background-attachment":"scroll","background-type":"","background-media":"","overlay-type":"","overlay-color":"","overlay-gradient":""},"mobile":{"background-color":"var(--ast-global-color-5)","background-image":"","background-repeat":"repeat","background-position":"center center","background-size":"auto","background-attachment":"scroll","background-type":"","background-media":"","overlay-type":"","overlay-color":"","overlay-gradient":""}},"footnotes":""},"categories":[951,9,139,877],"tags":[33800,62170,62171,1204,10549],"class_list":["post-20425","post","type-post","status-publish","format-standard","hentry","category-barcelona","category-ciencias-medicas","category-medicina-interna","category-reumatologia","tag-francesc-gudiol-munte","tag-francisco-javier-narvaez-garcia","tag-joan-miquel-nolla-sole","tag-raimon-sanmarti-sala","tag-vicente-rodriguez-valverde"],"_links":{"self":[{"href":"https:\/\/www.deberes.net\/tesis\/wp-json\/wp\/v2\/posts\/20425","targetHints":{"allow":["GET"]}}],"collection":[{"href":"https:\/\/www.deberes.net\/tesis\/wp-json\/wp\/v2\/posts"}],"about":[{"href":"https:\/\/www.deberes.net\/tesis\/wp-json\/wp\/v2\/types\/post"}],"author":[{"embeddable":true,"href":"https:\/\/www.deberes.net\/tesis\/wp-json\/wp\/v2\/users\/1"}],"replies":[{"embeddable":true,"href":"https:\/\/www.deberes.net\/tesis\/wp-json\/wp\/v2\/comments?post=20425"}],"version-history":[{"count":0,"href":"https:\/\/www.deberes.net\/tesis\/wp-json\/wp\/v2\/posts\/20425\/revisions"}],"wp:attachment":[{"href":"https:\/\/www.deberes.net\/tesis\/wp-json\/wp\/v2\/media?parent=20425"}],"wp:term":[{"taxonomy":"category","embeddable":true,"href":"https:\/\/www.deberes.net\/tesis\/wp-json\/wp\/v2\/categories?post=20425"},{"taxonomy":"post_tag","embeddable":true,"href":"https:\/\/www.deberes.net\/tesis\/wp-json\/wp\/v2\/tags?post=20425"}],"curies":[{"name":"wp","href":"https:\/\/api.w.org\/{rel}","templated":true}]}}