{"id":2047,"date":"1994-01-01T00:00:00","date_gmt":"1994-01-01T00:00:00","guid":{"rendered":"https:\/\/www.deberes.net\/tesis\/1994\/01\/01\/estudio-del-desarrollo-evolutivo-y-una-comparacion-con-dislexicos-a-traves-del-potencial-p300-auditivo\/"},"modified":"1994-01-01T00:00:00","modified_gmt":"1994-01-01T00:00:00","slug":"estudio-del-desarrollo-evolutivo-y-una-comparacion-con-dislexicos-a-traves-del-potencial-p300-auditivo","status":"publish","type":"post","link":"https:\/\/www.deberes.net\/tesis\/psicologia\/estudio-del-desarrollo-evolutivo-y-una-comparacion-con-dislexicos-a-traves-del-potencial-p300-auditivo\/","title":{"rendered":"Estudio del desarrollo evolutivo y una comparacion con dislexicos a traves del potencial p300 auditivo."},"content":{"rendered":"<h2>Tesis doctoral de <strong> Mar\u00eda  Del Carmen Riquelme Martinez <\/strong><\/h2>\n<p>Se han realizado dos investigaciones:  -estudio del desarrollo con la edad (6-14 a\u00f1os) del potencial p300 auditivo en ni\u00f1os normales.  -Estudio comparativo del p300 auditivo en ni\u00f1os con dislexia de desarrollo. Las conclusiones mas importantes fueron:  -los estudios de regresion establecen una relacion lineal entre la latencia y la edad. Tanto en el componente endogeno-exogeno como el endogeno en los hemisferios.  -el analisis de regresion establece una relacion curvilinea entre la amplitud y la edad, ajustandose a una funcion cuadratica.  -en la dislexia la latencia del p300 es mayor, tanto en el componente endogeno-exogeno, como en el endogeno para ambos hemisferios.  -la amplitud en el componente endogeno-exogeno es mayor en dislexicos.  -en las edades mas jovenes es frecuente que el p300 tenga mas de un pico, que no se pueden asimilar ni al p3a ni al p3b clasicos.<\/p>\n<p>&nbsp;<\/p>\n<h3>Datos acad\u00e9micos de la tesis doctoral \u00ab<strong>Estudio del desarrollo evolutivo y una comparacion con dislexicos a traves del potencial p300 auditivo.<\/strong>\u00ab<\/h3>\n<ul>\n<li><strong>T\u00edtulo de la tesis:<\/strong>\u00a0 Estudio del desarrollo evolutivo y una comparacion con dislexicos a traves del potencial p300 auditivo. <\/li>\n<li><strong>Autor:<\/strong>\u00a0 Mar\u00eda  Del Carmen Riquelme Martinez <\/li>\n<li><strong>Universidad:<\/strong>\u00a0 Murcia<\/li>\n<li><strong>Fecha de lectura de la tesis:<\/strong>\u00a0 01\/01\/1994<\/li>\n<\/ul>\n<p>&nbsp;<\/p>\n<h3>Direcci\u00f3n y tribunal<\/h3>\n<ul>\n<li><strong>Director de la tesis<\/strong>\n<ul>\n<li>Jos\u00e9 Mar\u00eda Martinez Selva<\/li>\n<\/ul>\n<\/li>\n<li><strong>Tribunal<\/strong>\n<ul>\n<li>Presidente del tribunal: Luis Puelles Lopez <\/li>\n<li>Jos\u00e9 Antonio Carranza Carnicero (vocal)<\/li>\n<li>Fernando Cadaveira Mahia (vocal)<\/li>\n<li>Inmaculada Fuentes Dura (vocal)<\/li>\n<\/ul>\n<\/li>\n<\/ul>\n<p>&nbsp;<\/p>\n","protected":false},"excerpt":{"rendered":"<p>Tesis doctoral de Mar\u00eda Del Carmen Riquelme Martinez Se han realizado dos investigaciones: -estudio del desarrollo con la edad (6-14 [&hellip;]<\/p>\n","protected":false},"author":1,"featured_media":0,"comment_status":"open","ping_status":"open","sticky":false,"template":"","format":"standard","meta":{"site-sidebar-layout":"default","site-content-layout":"","ast-site-content-layout":"","site-content-style":"default","site-sidebar-style":"default","ast-global-header-display":"","ast-banner-title-visibility":"","ast-main-header-display":"","ast-hfb-above-header-display":"","ast-hfb-below-header-display":"","ast-hfb-mobile-header-display":"","site-post-title":"","ast-breadcrumbs-content":"","ast-featured-img":"","footer-sml-layout":"","theme-transparent-header-meta":"","adv-header-id-meta":"","stick-header-meta":"","header-above-stick-meta":"","header-main-stick-meta":"","header-below-stick-meta":"","astra-migrate-meta-layouts":"default","ast-page-background-enabled":"default","ast-page-background-meta":{"desktop":{"background-color":"var(--ast-global-color-4)","background-image":"","background-repeat":"repeat","background-position":"center center","background-size":"auto","background-attachment":"scroll","background-type":"","background-media":"","overlay-type":"","overlay-color":"","overlay-gradient":""},"tablet":{"background-color":"","background-image":"","background-repeat":"repeat","background-position":"center center","background-size":"auto","background-attachment":"scroll","background-type":"","background-media":"","overlay-type":"","overlay-color":"","overlay-gradient":""},"mobile":{"background-color":"","background-image":"","background-repeat":"repeat","background-position":"center center","background-size":"auto","background-attachment":"scroll","background-type":"","background-media":"","overlay-type":"","overlay-color":"","overlay-gradient":""}},"ast-content-background-meta":{"desktop":{"background-color":"var(--ast-global-color-5)","background-image":"","background-repeat":"repeat","background-position":"center center","background-size":"auto","background-attachment":"scroll","background-type":"","background-media":"","overlay-type":"","overlay-color":"","overlay-gradient":""},"tablet":{"background-color":"var(--ast-global-color-5)","background-image":"","background-repeat":"repeat","background-position":"center center","background-size":"auto","background-attachment":"scroll","background-type":"","background-media":"","overlay-type":"","overlay-color":"","overlay-gradient":""},"mobile":{"background-color":"var(--ast-global-color-5)","background-image":"","background-repeat":"repeat","background-position":"center center","background-size":"auto","background-attachment":"scroll","background-type":"","background-media":"","overlay-type":"","overlay-color":"","overlay-gradient":""}},"footnotes":""},"categories":[8235,324,2462,5110],"tags":[8758,8759,8757,8756,1823,8755],"class_list":["post-2047","post","type-post","status-publish","format-standard","hentry","category-murcia","category-psicologia","category-psicologia-experimental","category-psicologia-fisiologica","tag-fernando-cadaveira-mahia","tag-inmaculada-fuentes-dura","tag-jose-antonio-carranza-carnicero","tag-jose-maria-Martinez-selva","tag-luis-puelles-lopez","tag-maria-del-carmen-riquelme-Martinez"],"_links":{"self":[{"href":"https:\/\/www.deberes.net\/tesis\/wp-json\/wp\/v2\/posts\/2047","targetHints":{"allow":["GET"]}}],"collection":[{"href":"https:\/\/www.deberes.net\/tesis\/wp-json\/wp\/v2\/posts"}],"about":[{"href":"https:\/\/www.deberes.net\/tesis\/wp-json\/wp\/v2\/types\/post"}],"author":[{"embeddable":true,"href":"https:\/\/www.deberes.net\/tesis\/wp-json\/wp\/v2\/users\/1"}],"replies":[{"embeddable":true,"href":"https:\/\/www.deberes.net\/tesis\/wp-json\/wp\/v2\/comments?post=2047"}],"version-history":[{"count":0,"href":"https:\/\/www.deberes.net\/tesis\/wp-json\/wp\/v2\/posts\/2047\/revisions"}],"wp:attachment":[{"href":"https:\/\/www.deberes.net\/tesis\/wp-json\/wp\/v2\/media?parent=2047"}],"wp:term":[{"taxonomy":"category","embeddable":true,"href":"https:\/\/www.deberes.net\/tesis\/wp-json\/wp\/v2\/categories?post=2047"},{"taxonomy":"post_tag","embeddable":true,"href":"https:\/\/www.deberes.net\/tesis\/wp-json\/wp\/v2\/tags?post=2047"}],"curies":[{"name":"wp","href":"https:\/\/api.w.org\/{rel}","templated":true}]}}