{"id":20497,"date":"2002-12-12T00:00:00","date_gmt":"2002-12-12T00:00:00","guid":{"rendered":"https:\/\/www.deberes.net\/tesis\/sin-categoria\/analisis-diagnostico-y-modelizacion-del-enfriamiento-nocturno-y-de-las-nieblas-radiativas-asociadas-aplicacion-a-la-ciudad-de-leon\/"},"modified":"2002-12-12T00:00:00","modified_gmt":"2002-12-12T00:00:00","slug":"analisis-diagnostico-y-modelizacion-del-enfriamiento-nocturno-y-de-las-nieblas-radiativas-asociadas-aplicacion-a-la-ciudad-de-leon","status":"publish","type":"post","link":"https:\/\/www.deberes.net\/tesis\/leon\/analisis-diagnostico-y-modelizacion-del-enfriamiento-nocturno-y-de-las-nieblas-radiativas-asociadas-aplicacion-a-la-ciudad-de-leon\/","title":{"rendered":"An\u00e1lisis, diagn\u00f3stico y modelizaci\u00f3n del enfriamiento nocturno y de las nieblas radiativas asociadas: aplicaci\u00f3n a la ciudad de le\u00f3n"},"content":{"rendered":"<h2>Tesis doctoral de <strong>  Fern\u00e1ndez \u00e1lvarez Juan  Tom\u00e1s <\/strong><\/h2>\n<p>Se describe un protocolo para sondear la baja atm\u00f3sfera nocturna de la ciudad de le\u00f3n con un sistema de sondeo formado por un globo cautivo, una sonda tipo tethersonde y una estaci\u00f3n de tierra tipo adas.  se presentan las caracter\u00edsticas generales del comportamiento de los ochocientos primeros metros de la atm\u00f3sfera nocturna de la ciudad de le\u00f3n obtenidas del an\u00e1lisis general de tres campa\u00f1as de sondeos llevadas a cabo durante los periodos invernales de 1998-99, 1999-2000 y 2000-01.  se elaboran sendos modelos de niebla radiativa y de enfriamiento nocturno ajustados a las condiciones de la salud de le\u00f3n.  el modelo de niebla radiativa articulada el ciclo vital de la misma en cuatro fases consecutivas para las que se describen los procesos, factores, condiciones e ingredientes que intervienen en cada una de ellas.  el modelo de enfriamiento nocturno se articula en torno a la estratificaci\u00f3n de la atm\u00f3sfera sondeada en capas horizontales en equilibrio termodin\u00e1mico local. Se proponen ecuaciones originales para el c\u00e1lculo del flujo radiativo neto por capas para condiciones de atm\u00f3sfera despejada y de atm\u00f3sfera nubosa. se fijan las condiciones de contorno para la modelizaci\u00f3n de la baja atm\u00f3sfera nocturna de la ciudad de le\u00f3n.  se aplican ambos modelos a dos ciclos diferentes de sondeo, uno con condiciones atm\u00f3sfericas ideales para el desarrollo de nieblas radiativas y otro con condiciones atmosf\u00e9ricas no ideales.  con el an\u00e1lisis de estos dos periodos se elabora un modelo gr\u00e1fico cualitativo de la evoluci\u00f3n caracter\u00edstica de los par\u00e1metros atmosf\u00e9ricos m\u00e1s representativos durante el ciclo vital de la niebla. Se obtienen algunas conclusiones originales acerca de la intensidad y del desarrollo vertical de estas nieblas.  en cuanto al modelo de enfriamiento nocturno se presentan algunos ajustes relativos a las capas de interfase suelo-atm\u00f3sfera despejada, suelo-capa de niebla, capa de niebla-atm\u00f3sfera despejad<\/p>\n<p>&nbsp;<\/p>\n<h3>Datos acad\u00e9micos de la tesis doctoral \u00ab<strong>An\u00e1lisis, diagn\u00f3stico y modelizaci\u00f3n del enfriamiento nocturno y de las nieblas radiativas asociadas: aplicaci\u00f3n a la ciudad de le\u00f3n<\/strong>\u00ab<\/h3>\n<ul>\n<li><strong>T\u00edtulo de la tesis:<\/strong>\u00a0 An\u00e1lisis, diagn\u00f3stico y modelizaci\u00f3n del enfriamiento nocturno y de las nieblas radiativas asociadas: aplicaci\u00f3n a la ciudad de le\u00f3n <\/li>\n<li><strong>Autor:<\/strong>\u00a0  Fern\u00e1ndez \u00e1lvarez Juan  Tom\u00e1s <\/li>\n<li><strong>Universidad:<\/strong>\u00a0 Le\u00f3n<\/li>\n<li><strong>Fecha de lectura de la tesis:<\/strong>\u00a0 12\/12\/2002<\/li>\n<\/ul>\n<p>&nbsp;<\/p>\n<h3>Direcci\u00f3n y tribunal<\/h3>\n<ul>\n<li><strong>Director de la tesis<\/strong>\n<ul>\n<li> S\u00e1nchez G\u00f3mez Jos\u00e9 Luis<\/li>\n<\/ul>\n<\/li>\n<li><strong>Tribunal<\/strong>\n<ul>\n<li>Presidente del tribunal: Jos\u00e9 lu\u00eds Casanova roque <\/li>\n<li>amaya Castro izquierdo (vocal)<\/li>\n<li> De pablo d\u00e1vila Fernando (vocal)<\/li>\n<li>jean Dessens (vocal)<\/li>\n<\/ul>\n<\/li>\n<\/ul>\n<p>&nbsp;<\/p>\n","protected":false},"excerpt":{"rendered":"<p>Tesis doctoral de Fern\u00e1ndez \u00e1lvarez Juan Tom\u00e1s Se describe un protocolo para sondear la baja atm\u00f3sfera nocturna de la ciudad [&hellip;]<\/p>\n","protected":false},"author":1,"featured_media":0,"comment_status":"open","ping_status":"open","sticky":false,"template":"","format":"standard","meta":{"site-sidebar-layout":"default","site-content-layout":"","ast-site-content-layout":"","site-content-style":"default","site-sidebar-style":"default","ast-global-header-display":"","ast-banner-title-visibility":"","ast-main-header-display":"","ast-hfb-above-header-display":"","ast-hfb-below-header-display":"","ast-hfb-mobile-header-display":"","site-post-title":"","ast-breadcrumbs-content":"","ast-featured-img":"","footer-sml-layout":"","theme-transparent-header-meta":"","adv-header-id-meta":"","stick-header-meta":"","header-above-stick-meta":"","header-main-stick-meta":"","header-below-stick-meta":"","astra-migrate-meta-layouts":"default","ast-page-background-enabled":"default","ast-page-background-meta":{"desktop":{"background-color":"var(--ast-global-color-4)","background-image":"","background-repeat":"repeat","background-position":"center center","background-size":"auto","background-attachment":"scroll","background-type":"","background-media":"","overlay-type":"","overlay-color":"","overlay-gradient":""},"tablet":{"background-color":"","background-image":"","background-repeat":"repeat","background-position":"center center","background-size":"auto","background-attachment":"scroll","background-type":"","background-media":"","overlay-type":"","overlay-color":"","overlay-gradient":""},"mobile":{"background-color":"","background-image":"","background-repeat":"repeat","background-position":"center center","background-size":"auto","background-attachment":"scroll","background-type":"","background-media":"","overlay-type":"","overlay-color":"","overlay-gradient":""}},"ast-content-background-meta":{"desktop":{"background-color":"var(--ast-global-color-5)","background-image":"","background-repeat":"repeat","background-position":"center center","background-size":"auto","background-attachment":"scroll","background-type":"","background-media":"","overlay-type":"","overlay-color":"","overlay-gradient":""},"tablet":{"background-color":"var(--ast-global-color-5)","background-image":"","background-repeat":"repeat","background-position":"center center","background-size":"auto","background-attachment":"scroll","background-type":"","background-media":"","overlay-type":"","overlay-color":"","overlay-gradient":""},"mobile":{"background-color":"var(--ast-global-color-5)","background-image":"","background-repeat":"repeat","background-position":"center center","background-size":"auto","background-attachment":"scroll","background-type":"","background-media":"","overlay-type":"","overlay-color":"","overlay-gradient":""}},"footnotes":""},"categories":[4430],"tags":[36033,62341,62340,36034,6034,15350],"class_list":["post-20497","post","type-post","status-publish","format-standard","hentry","category-leon","tag-amaya-castro-izquierdo","tag-de-pablo-davila-fernando","tag-fernandez-alvarez-juan-tomas","tag-jean-dessens","tag-jose-luis-casanova-roque","tag-sanchez-gomez-jose-luis"],"_links":{"self":[{"href":"https:\/\/www.deberes.net\/tesis\/wp-json\/wp\/v2\/posts\/20497","targetHints":{"allow":["GET"]}}],"collection":[{"href":"https:\/\/www.deberes.net\/tesis\/wp-json\/wp\/v2\/posts"}],"about":[{"href":"https:\/\/www.deberes.net\/tesis\/wp-json\/wp\/v2\/types\/post"}],"author":[{"embeddable":true,"href":"https:\/\/www.deberes.net\/tesis\/wp-json\/wp\/v2\/users\/1"}],"replies":[{"embeddable":true,"href":"https:\/\/www.deberes.net\/tesis\/wp-json\/wp\/v2\/comments?post=20497"}],"version-history":[{"count":0,"href":"https:\/\/www.deberes.net\/tesis\/wp-json\/wp\/v2\/posts\/20497\/revisions"}],"wp:attachment":[{"href":"https:\/\/www.deberes.net\/tesis\/wp-json\/wp\/v2\/media?parent=20497"}],"wp:term":[{"taxonomy":"category","embeddable":true,"href":"https:\/\/www.deberes.net\/tesis\/wp-json\/wp\/v2\/categories?post=20497"},{"taxonomy":"post_tag","embeddable":true,"href":"https:\/\/www.deberes.net\/tesis\/wp-json\/wp\/v2\/tags?post=20497"}],"curies":[{"name":"wp","href":"https:\/\/api.w.org\/{rel}","templated":true}]}}