{"id":20503,"date":"2002-12-12T00:00:00","date_gmt":"2002-12-12T00:00:00","guid":{"rendered":"https:\/\/www.deberes.net\/tesis\/sin-categoria\/formas-de-organizacion-y-practica-religiosa-en-castilla-la-nueva-siglos-xiii-xvi\/"},"modified":"2002-12-12T00:00:00","modified_gmt":"2002-12-12T00:00:00","slug":"formas-de-organizacion-y-practica-religiosa-en-castilla-la-nueva-siglos-xiii-xvi","status":"publish","type":"post","link":"https:\/\/www.deberes.net\/tesis\/sin-categoria\/formas-de-organizacion-y-practica-religiosa-en-castilla-la-nueva-siglos-xiii-xvi\/","title":{"rendered":"Formas de organizaci\u00f3n y pr\u00e1ctica religiosa en castilla la nueva. siglos xiii-xvi."},"content":{"rendered":"<h2>Tesis doctoral de <strong> M. Raquel Torres Jim\u00e9nez <\/strong><\/h2>\n<p>Este trabajo se dedica a las formas de organizaci\u00f3n eclesi\u00e1stica y la vida religiosa en castilla la nueva durante la baja edad media, concretamente en el se\u00f1or\u00edo de la orden de calatrava en la meseta sur y, en particular, en el solar originario de la propia milicia: el campo de calatrava, entre los montes de toledo y sierra morena (aqu\u00ed fue donde la milicia proyect\u00f3 con mayor intensidad su autoridad en lo eclesi\u00e1stico, y por ello ofrece el inter\u00e9s de plantear el desarrollo de la religiosidad en unos cauces institucionales peculiares), aunque tambi\u00e9n se incluye el estudio del se\u00f1or\u00edo de esta orden militar en las tierras de la alcarria baja. Por lo tanto, el trabajo responde a la conjunci\u00f3n de dos l\u00edneas de inter\u00e9s tem\u00e1tico: la orden militar de calatrava como art\u00edfice de la ocupaci\u00f3n y la organizaci\u00f3n de un territorio en todos los aspectos, tambi\u00e9n los religiosos, de un lado; y de otro, la religiosidad del pueblo cristiano en el marco de la historia de la iglesia. Las abundantes investigaciones de los \u00faltimos decenios sobre diversos aspectos de los se\u00f1or\u00edos de \u00f3rdenes en este territorio no hab\u00eda cubierto sistem\u00e1ticametne la vida religiosa medieval de los pobladores de los dominios, aunque el tema de la religiosidad en la edad media se ha visto muy impulsado en la historiograf\u00eda reciente. La documentaci\u00f3n generada por la orden ha sido la principal v\u00eda de conocimiento, especialmente sus libros de visitas o registros de las inspecciones realizadas a las iglesias, concejos, ermitas, etc. Se prolonga el periodo estudiado hasta mediados del siglo xvi, lo que confirma que en las corrientes de piedad del pueblo predomina la permanencia sobre el cambio.  una primera parte del trabajo se centra en aspectos organizativos (basados tambi\u00e9n en documentaci\u00f3n jur\u00eddica de la orden y fuentes del arzobispado toledano): la situaci\u00f3n jurisdiccional eclesi\u00e1stica de unos territorios inmersos tanto en el se\u00f1or\u00edo de la orden de cal<\/p>\n<p>&nbsp;<\/p>\n<h3>Datos acad\u00e9micos de la tesis doctoral \u00ab<strong>Formas de organizaci\u00f3n y pr\u00e1ctica religiosa en castilla la nueva. siglos xiii-xvi.<\/strong>\u00ab<\/h3>\n<ul>\n<li><strong>T\u00edtulo de la tesis:<\/strong>\u00a0 Formas de organizaci\u00f3n y pr\u00e1ctica religiosa en castilla la nueva. siglos xiii-xvi. <\/li>\n<li><strong>Autor:<\/strong>\u00a0 M. Raquel Torres Jim\u00e9nez <\/li>\n<li><strong>Universidad:<\/strong>\u00a0 Complutense de Madrid<\/li>\n<li><strong>Fecha de lectura de la tesis:<\/strong>\u00a0 12\/12\/2002<\/li>\n<\/ul>\n<p>&nbsp;<\/p>\n<h3>Direcci\u00f3n y tribunal<\/h3>\n<ul>\n<li><strong>Director de la tesis<\/strong>\n<ul>\n<li>Miguel \u00e1ngel Ladero Quesada<\/li>\n<\/ul>\n<\/li>\n<li><strong>Tribunal<\/strong>\n<ul>\n<li>Presidente del tribunal: Jos\u00e9 manuel Nieto soria <\/li>\n<li>Francisco Ruiz g\u00f3mez (vocal)<\/li>\n<li>ricardo Izquierdo benito (vocal)<\/li>\n<li>iluminado Sanz sancho (vocal)<\/li>\n<\/ul>\n<\/li>\n<\/ul>\n<p>&nbsp;<\/p>\n","protected":false},"excerpt":{"rendered":"<p>Tesis doctoral de M. Raquel Torres Jim\u00e9nez Este trabajo se dedica a las formas de organizaci\u00f3n eclesi\u00e1stica y la vida [&hellip;]<\/p>\n","protected":false},"author":1,"featured_media":0,"comment_status":"open","ping_status":"open","sticky":false,"template":"","format":"standard","meta":{"site-sidebar-layout":"default","site-content-layout":"","ast-site-content-layout":"","site-content-style":"default","site-sidebar-style":"default","ast-global-header-display":"","ast-banner-title-visibility":"","ast-main-header-display":"","ast-hfb-above-header-display":"","ast-hfb-below-header-display":"","ast-hfb-mobile-header-display":"","site-post-title":"","ast-breadcrumbs-content":"","ast-featured-img":"","footer-sml-layout":"","theme-transparent-header-meta":"","adv-header-id-meta":"","stick-header-meta":"","header-above-stick-meta":"","header-main-stick-meta":"","header-below-stick-meta":"","astra-migrate-meta-layouts":"default","ast-page-background-enabled":"default","ast-page-background-meta":{"desktop":{"background-color":"var(--ast-global-color-4)","background-image":"","background-repeat":"repeat","background-position":"center center","background-size":"auto","background-attachment":"scroll","background-type":"","background-media":"","overlay-type":"","overlay-color":"","overlay-gradient":""},"tablet":{"background-color":"","background-image":"","background-repeat":"repeat","background-position":"center center","background-size":"auto","background-attachment":"scroll","background-type":"","background-media":"","overlay-type":"","overlay-color":"","overlay-gradient":""},"mobile":{"background-color":"","background-image":"","background-repeat":"repeat","background-position":"center center","background-size":"auto","background-attachment":"scroll","background-type":"","background-media":"","overlay-type":"","overlay-color":"","overlay-gradient":""}},"ast-content-background-meta":{"desktop":{"background-color":"var(--ast-global-color-5)","background-image":"","background-repeat":"repeat","background-position":"center center","background-size":"auto","background-attachment":"scroll","background-type":"","background-media":"","overlay-type":"","overlay-color":"","overlay-gradient":""},"tablet":{"background-color":"var(--ast-global-color-5)","background-image":"","background-repeat":"repeat","background-position":"center center","background-size":"auto","background-attachment":"scroll","background-type":"","background-media":"","overlay-type":"","overlay-color":"","overlay-gradient":""},"mobile":{"background-color":"var(--ast-global-color-5)","background-image":"","background-repeat":"repeat","background-position":"center center","background-size":"auto","background-attachment":"scroll","background-type":"","background-media":"","overlay-type":"","overlay-color":"","overlay-gradient":""}},"footnotes":""},"categories":[1],"tags":[44838,62355,5297,62354,5296,30784],"class_list":["post-20503","post","type-post","status-publish","format-standard","hentry","category-sin-categoria","tag-francisco-ruiz-gomez","tag-iluminado-sanz-sancho","tag-jose-manuel-nieto-soria","tag-m-raquel-torres-jimenez","tag-miguel-angel-ladero-quesada","tag-ricardo-izquierdo-benito"],"_links":{"self":[{"href":"https:\/\/www.deberes.net\/tesis\/wp-json\/wp\/v2\/posts\/20503","targetHints":{"allow":["GET"]}}],"collection":[{"href":"https:\/\/www.deberes.net\/tesis\/wp-json\/wp\/v2\/posts"}],"about":[{"href":"https:\/\/www.deberes.net\/tesis\/wp-json\/wp\/v2\/types\/post"}],"author":[{"embeddable":true,"href":"https:\/\/www.deberes.net\/tesis\/wp-json\/wp\/v2\/users\/1"}],"replies":[{"embeddable":true,"href":"https:\/\/www.deberes.net\/tesis\/wp-json\/wp\/v2\/comments?post=20503"}],"version-history":[{"count":0,"href":"https:\/\/www.deberes.net\/tesis\/wp-json\/wp\/v2\/posts\/20503\/revisions"}],"wp:attachment":[{"href":"https:\/\/www.deberes.net\/tesis\/wp-json\/wp\/v2\/media?parent=20503"}],"wp:term":[{"taxonomy":"category","embeddable":true,"href":"https:\/\/www.deberes.net\/tesis\/wp-json\/wp\/v2\/categories?post=20503"},{"taxonomy":"post_tag","embeddable":true,"href":"https:\/\/www.deberes.net\/tesis\/wp-json\/wp\/v2\/tags?post=20503"}],"curies":[{"name":"wp","href":"https:\/\/api.w.org\/{rel}","templated":true}]}}