{"id":20519,"date":"2002-12-12T00:00:00","date_gmt":"2002-12-12T00:00:00","guid":{"rendered":"https:\/\/www.deberes.net\/tesis\/sin-categoria\/analisis-bibliometrico-y-normalizacion-cienta%c2%adfica-de-la-revista-interuniversitaria-de-formacion-del-profesorado-1989-2002\/"},"modified":"2002-12-12T00:00:00","modified_gmt":"2002-12-12T00:00:00","slug":"analisis-bibliometrico-y-normalizacion-cienta%c2%adfica-de-la-revista-interuniversitaria-de-formacion-del-profesorado-1989-2002","status":"publish","type":"post","link":"https:\/\/www.deberes.net\/tesis\/valladolid\/analisis-bibliometrico-y-normalizacion-cienta%c2%adfica-de-la-revista-interuniversitaria-de-formacion-del-profesorado-1989-2002\/","title":{"rendered":"An\u00e1lisis bibliom\u00e9trico y normalizaci\u00f3n cient\u00edfica de la revista interuniversitaria de formaci\u00f3n del profesorado (1989-2002)"},"content":{"rendered":"<h2>Tesis doctoral de <strong> Luis Carro Sancristobal <\/strong><\/h2>\n<p>En esta investigaci\u00f3n se hace una revisi\u00f3n formal de la edici\u00f3n de la revista interuniversitaria de formaci\u00f3n del profesorado y su contenido. Para ello han sido analizados 90 par\u00e1metros de normalizaci\u00f3n, recogidos en las normas internacionales para la publicaci\u00f3n de revistas cient\u00edficas. Asimismo se ha realizado un exhaustivo an\u00e1lisis bibliom\u00e9trico de los 866 art\u00edculos publicados desde 1987 hasta el a\u00f1o 2001, usando 52 par\u00e1metros. Se ha observado una importante normalizaci\u00f3n editorial, as\u00ed como su ajuste a las leyes bilbiom\u00e9tricas. Las principales conclusiones que ofrece est\u00e1n recogidas como sugerencias para la edici\u00f3n de la revista y para los autores. La revista se ajustar\u00e1 a los criterios de calidad cient\u00edfica editorial y los autores tendr\u00e1n en cuenta las normas bibliom\u00e9tricas que permitan potenciar la calidad del contenido publicado.<\/p>\n<p>&nbsp;<\/p>\n<h3>Datos acad\u00e9micos de la tesis doctoral \u00ab<strong>An\u00e1lisis bibliom\u00e9trico y normalizaci\u00f3n cient\u00edfica de la revista interuniversitaria de formaci\u00f3n del profesorado (1989-2002)<\/strong>\u00ab<\/h3>\n<ul>\n<li><strong>T\u00edtulo de la tesis:<\/strong>\u00a0 An\u00e1lisis bibliom\u00e9trico y normalizaci\u00f3n cient\u00edfica de la revista interuniversitaria de formaci\u00f3n del profesorado (1989-2002) <\/li>\n<li><strong>Autor:<\/strong>\u00a0 Luis Carro Sancristobal <\/li>\n<li><strong>Universidad:<\/strong>\u00a0 Valladolid<\/li>\n<li><strong>Fecha de lectura de la tesis:<\/strong>\u00a0 12\/12\/2002<\/li>\n<\/ul>\n<p>&nbsp;<\/p>\n<h3>Direcci\u00f3n y tribunal<\/h3>\n<ul>\n<li><strong>Director de la tesis<\/strong>\n<ul>\n<li>M\u00aa Del Carmen G\u00f3mez Nieto<\/li>\n<\/ul>\n<\/li>\n<li><strong>Tribunal<\/strong>\n<ul>\n<li>Presidente del tribunal: Jos\u00e9 Mar\u00eda Roman sanchez <\/li>\n<li>Antonio Fern\u00e1ndez cano (vocal)<\/li>\n<li>justo Arnal agust\u00edn (vocal)<\/li>\n<li> Aliaga abad Francisco Jos\u00e9 (vocal)<\/li>\n<\/ul>\n<\/li>\n<\/ul>\n<p>&nbsp;<\/p>\n","protected":false},"excerpt":{"rendered":"<p>Tesis doctoral de Luis Carro Sancristobal En esta investigaci\u00f3n se hace una revisi\u00f3n formal de la edici\u00f3n de la revista [&hellip;]<\/p>\n","protected":false},"author":1,"featured_media":0,"comment_status":"open","ping_status":"open","sticky":false,"template":"","format":"standard","meta":{"site-sidebar-layout":"default","site-content-layout":"","ast-site-content-layout":"","site-content-style":"default","site-sidebar-style":"default","ast-global-header-display":"","ast-banner-title-visibility":"","ast-main-header-display":"","ast-hfb-above-header-display":"","ast-hfb-below-header-display":"","ast-hfb-mobile-header-display":"","site-post-title":"","ast-breadcrumbs-content":"","ast-featured-img":"","footer-sml-layout":"","theme-transparent-header-meta":"","adv-header-id-meta":"","stick-header-meta":"","header-above-stick-meta":"","header-main-stick-meta":"","header-below-stick-meta":"","astra-migrate-meta-layouts":"default","ast-page-background-enabled":"default","ast-page-background-meta":{"desktop":{"background-color":"var(--ast-global-color-4)","background-image":"","background-repeat":"repeat","background-position":"center center","background-size":"auto","background-attachment":"scroll","background-type":"","background-media":"","overlay-type":"","overlay-color":"","overlay-gradient":""},"tablet":{"background-color":"","background-image":"","background-repeat":"repeat","background-position":"center center","background-size":"auto","background-attachment":"scroll","background-type":"","background-media":"","overlay-type":"","overlay-color":"","overlay-gradient":""},"mobile":{"background-color":"","background-image":"","background-repeat":"repeat","background-position":"center center","background-size":"auto","background-attachment":"scroll","background-type":"","background-media":"","overlay-type":"","overlay-color":"","overlay-gradient":""}},"ast-content-background-meta":{"desktop":{"background-color":"var(--ast-global-color-5)","background-image":"","background-repeat":"repeat","background-position":"center center","background-size":"auto","background-attachment":"scroll","background-type":"","background-media":"","overlay-type":"","overlay-color":"","overlay-gradient":""},"tablet":{"background-color":"var(--ast-global-color-5)","background-image":"","background-repeat":"repeat","background-position":"center center","background-size":"auto","background-attachment":"scroll","background-type":"","background-media":"","overlay-type":"","overlay-color":"","overlay-gradient":""},"mobile":{"background-color":"var(--ast-global-color-5)","background-image":"","background-repeat":"repeat","background-position":"center center","background-size":"auto","background-attachment":"scroll","background-type":"","background-media":"","overlay-type":"","overlay-color":"","overlay-gradient":""}},"footnotes":""},"categories":[12451],"tags":[62397,22000,5139,7614,62395,62396],"class_list":["post-20519","post","type-post","status-publish","format-standard","hentry","category-valladolid","tag-aliaga-abad-francisco-jose","tag-antonio-fernandez-cano","tag-jose-maria-roman-sanchez","tag-justo-arnal-agustin","tag-luis-carro-sancristobal","tag-ma-del-carmen-gomez-nieto"],"_links":{"self":[{"href":"https:\/\/www.deberes.net\/tesis\/wp-json\/wp\/v2\/posts\/20519","targetHints":{"allow":["GET"]}}],"collection":[{"href":"https:\/\/www.deberes.net\/tesis\/wp-json\/wp\/v2\/posts"}],"about":[{"href":"https:\/\/www.deberes.net\/tesis\/wp-json\/wp\/v2\/types\/post"}],"author":[{"embeddable":true,"href":"https:\/\/www.deberes.net\/tesis\/wp-json\/wp\/v2\/users\/1"}],"replies":[{"embeddable":true,"href":"https:\/\/www.deberes.net\/tesis\/wp-json\/wp\/v2\/comments?post=20519"}],"version-history":[{"count":0,"href":"https:\/\/www.deberes.net\/tesis\/wp-json\/wp\/v2\/posts\/20519\/revisions"}],"wp:attachment":[{"href":"https:\/\/www.deberes.net\/tesis\/wp-json\/wp\/v2\/media?parent=20519"}],"wp:term":[{"taxonomy":"category","embeddable":true,"href":"https:\/\/www.deberes.net\/tesis\/wp-json\/wp\/v2\/categories?post=20519"},{"taxonomy":"post_tag","embeddable":true,"href":"https:\/\/www.deberes.net\/tesis\/wp-json\/wp\/v2\/tags?post=20519"}],"curies":[{"name":"wp","href":"https:\/\/api.w.org\/{rel}","templated":true}]}}