{"id":20521,"date":"2002-12-12T00:00:00","date_gmt":"2002-12-12T00:00:00","guid":{"rendered":"https:\/\/www.deberes.net\/tesis\/sin-categoria\/la-medicion-de-los-trastornos-psicomotores-en-la-depresion\/"},"modified":"2002-12-12T00:00:00","modified_gmt":"2002-12-12T00:00:00","slug":"la-medicion-de-los-trastornos-psicomotores-en-la-depresion","status":"publish","type":"post","link":"https:\/\/www.deberes.net\/tesis\/pais-vasco-euskal-herriko-unibertsitatea\/la-medicion-de-los-trastornos-psicomotores-en-la-depresion\/","title":{"rendered":"La medici\u00f3n de los trastornos psicomotores en la depresi\u00f3n"},"content":{"rendered":"<h2>Tesis doctoral de <strong> Jos\u00e9 Ignacio Quemada Ubis <\/strong><\/h2>\n<p>El presente trabajo contiene una importante secci\u00f3n de revisi\u00f3n hist\u00f3rica y psicopatol\u00f3gica de los trastornos psicomotores asociados a la depresi\u00f3n. dicha revisi\u00f3n permite seleccionar una gama de signos motores mucho m\u00e1s amplia que la cl\u00e1sica dicotom\u00eda entre inhibici\u00f3n y agitaci\u00f3n.  tanto la neurofisiolog\u00eda de la acci\u00f3n humana como los neuropsiquiatras que han estudiado en este campo proponen modelos te\u00f3ricos que potencialmente pueden resultar de inter\u00e9s para explicar signos como la catalepsia, la rigidez axial o la acinesia. Se constata falta de continuidad o coherencia entre los modelos propuestos por ambos grupos. La revisi\u00f3n de escalas, test y medidas de aspectos parciales del funcionamiento motor (habla, expresi\u00f3n facial, tiempo de reacci\u00f3n) constituye el tercer componente que contribuye al dise\u00f1o de una nueva medida espec\u00edfica, cuantificable y de potencial utilizaci\u00f3n diaria (demp: depresi\u00f3n examination of motor performance).  la segunda parte de la tesis se centra en la estandarizaci\u00f3n de dicho instrumento. e1 demp presenta una alta correlaci\u00f3n con las escalas ya disponibles que miden trastornos psicomotores en la depresi\u00f3n: su fiabilidad entre jueces es de 0,9; el instrumento se muestra sensible a las variaciones de estado afectivo y a cambios en variables que pueden tener que ver con predisposici\u00f3n a padecer depresi\u00f3n.<\/p>\n<p>&nbsp;<\/p>\n<h3>Datos acad\u00e9micos de la tesis doctoral \u00ab<strong>La medici\u00f3n de los trastornos psicomotores en la depresi\u00f3n<\/strong>\u00ab<\/h3>\n<ul>\n<li><strong>T\u00edtulo de la tesis:<\/strong>\u00a0 La medici\u00f3n de los trastornos psicomotores en la depresi\u00f3n <\/li>\n<li><strong>Autor:<\/strong>\u00a0 Jos\u00e9 Ignacio Quemada Ubis <\/li>\n<li><strong>Universidad:<\/strong>\u00a0 Pa\u00eds vasco\/euskal herriko unibertsitatea<\/li>\n<li><strong>Fecha de lectura de la tesis:<\/strong>\u00a0 12\/12\/2002<\/li>\n<\/ul>\n<p>&nbsp;<\/p>\n<h3>Direcci\u00f3n y tribunal<\/h3>\n<ul>\n<li><strong>Director de la tesis<\/strong>\n<ul>\n<li>Jose Guimon Ugartechea<\/li>\n<\/ul>\n<\/li>\n<li><strong>Tribunal<\/strong>\n<ul>\n<li>Presidente del tribunal: Luis Yll\u00e1 segura <\/li>\n<li>Antonio Bulbena vilarrasa (vocal)<\/li>\n<li>Antonio Seva d\u00edaz (vocal)<\/li>\n<li>filiberto Fuentenebro de diego (vocal)<\/li>\n<\/ul>\n<\/li>\n<\/ul>\n<p>&nbsp;<\/p>\n","protected":false},"excerpt":{"rendered":"<p>Tesis doctoral de Jos\u00e9 Ignacio Quemada Ubis El presente trabajo contiene una importante secci\u00f3n de revisi\u00f3n hist\u00f3rica y psicopatol\u00f3gica de [&hellip;]<\/p>\n","protected":false},"author":1,"featured_media":0,"comment_status":"open","ping_status":"open","sticky":false,"template":"","format":"standard","meta":{"site-sidebar-layout":"default","site-content-layout":"","ast-site-content-layout":"","site-content-style":"default","site-sidebar-style":"default","ast-global-header-display":"","ast-banner-title-visibility":"","ast-main-header-display":"","ast-hfb-above-header-display":"","ast-hfb-below-header-display":"","ast-hfb-mobile-header-display":"","site-post-title":"","ast-breadcrumbs-content":"","ast-featured-img":"","footer-sml-layout":"","theme-transparent-header-meta":"","adv-header-id-meta":"","stick-header-meta":"","header-above-stick-meta":"","header-main-stick-meta":"","header-below-stick-meta":"","astra-migrate-meta-layouts":"default","ast-page-background-enabled":"default","ast-page-background-meta":{"desktop":{"background-color":"var(--ast-global-color-4)","background-image":"","background-repeat":"repeat","background-position":"center center","background-size":"auto","background-attachment":"scroll","background-type":"","background-media":"","overlay-type":"","overlay-color":"","overlay-gradient":""},"tablet":{"background-color":"","background-image":"","background-repeat":"repeat","background-position":"center center","background-size":"auto","background-attachment":"scroll","background-type":"","background-media":"","overlay-type":"","overlay-color":"","overlay-gradient":""},"mobile":{"background-color":"","background-image":"","background-repeat":"repeat","background-position":"center center","background-size":"auto","background-attachment":"scroll","background-type":"","background-media":"","overlay-type":"","overlay-color":"","overlay-gradient":""}},"ast-content-background-meta":{"desktop":{"background-color":"var(--ast-global-color-5)","background-image":"","background-repeat":"repeat","background-position":"center center","background-size":"auto","background-attachment":"scroll","background-type":"","background-media":"","overlay-type":"","overlay-color":"","overlay-gradient":""},"tablet":{"background-color":"var(--ast-global-color-5)","background-image":"","background-repeat":"repeat","background-position":"center center","background-size":"auto","background-attachment":"scroll","background-type":"","background-media":"","overlay-type":"","overlay-color":"","overlay-gradient":""},"mobile":{"background-color":"var(--ast-global-color-5)","background-image":"","background-repeat":"repeat","background-position":"center center","background-size":"auto","background-attachment":"scroll","background-type":"","background-media":"","overlay-type":"","overlay-color":"","overlay-gradient":""}},"footnotes":""},"categories":[12909],"tags":[13481,9787,23452,28113,62400,7856],"class_list":["post-20521","post","type-post","status-publish","format-standard","hentry","category-pais-vasco-euskal-herriko-unibertsitatea","tag-antonio-bulbena-vilarrasa","tag-antonio-seva-diaz","tag-filiberto-fuentenebro-de-diego","tag-jose-guimon-ugartechea","tag-jose-ignacio-quemada-ubis","tag-luis-ylla-segura"],"_links":{"self":[{"href":"https:\/\/www.deberes.net\/tesis\/wp-json\/wp\/v2\/posts\/20521","targetHints":{"allow":["GET"]}}],"collection":[{"href":"https:\/\/www.deberes.net\/tesis\/wp-json\/wp\/v2\/posts"}],"about":[{"href":"https:\/\/www.deberes.net\/tesis\/wp-json\/wp\/v2\/types\/post"}],"author":[{"embeddable":true,"href":"https:\/\/www.deberes.net\/tesis\/wp-json\/wp\/v2\/users\/1"}],"replies":[{"embeddable":true,"href":"https:\/\/www.deberes.net\/tesis\/wp-json\/wp\/v2\/comments?post=20521"}],"version-history":[{"count":0,"href":"https:\/\/www.deberes.net\/tesis\/wp-json\/wp\/v2\/posts\/20521\/revisions"}],"wp:attachment":[{"href":"https:\/\/www.deberes.net\/tesis\/wp-json\/wp\/v2\/media?parent=20521"}],"wp:term":[{"taxonomy":"category","embeddable":true,"href":"https:\/\/www.deberes.net\/tesis\/wp-json\/wp\/v2\/categories?post=20521"},{"taxonomy":"post_tag","embeddable":true,"href":"https:\/\/www.deberes.net\/tesis\/wp-json\/wp\/v2\/tags?post=20521"}],"curies":[{"name":"wp","href":"https:\/\/api.w.org\/{rel}","templated":true}]}}