{"id":20535,"date":"2002-12-12T00:00:00","date_gmt":"2002-12-12T00:00:00","guid":{"rendered":"https:\/\/www.deberes.net\/tesis\/sin-categoria\/analisis-bibliometrico-internacional-sobre-la-educacion-de-adultos\/"},"modified":"2002-12-12T00:00:00","modified_gmt":"2002-12-12T00:00:00","slug":"analisis-bibliometrico-internacional-sobre-la-educacion-de-adultos","status":"publish","type":"post","link":"https:\/\/www.deberes.net\/tesis\/nacional-de-educacion-a-distancia\/analisis-bibliometrico-internacional-sobre-la-educacion-de-adultos\/","title":{"rendered":"An\u00e1lisis bibliom\u00e9trico internacional sobre la educaci\u00f3n de adultos"},"content":{"rendered":"<h2>Tesis doctoral de <strong> Ceferina Anta Cabreros <\/strong><\/h2>\n<p>El estudio consta de dos partes, en la primera se analizan las teor\u00edas y corrientes dominantes, tanto de la alfabetizaci\u00f3n y educaci\u00f3n b\u00e1sica de adultos, como de la informaci\u00f3n y documentaci\u00f3n cient\u00edfica. Se describen las bases de datos bibliogr\u00e1ficas especializadas en educaci\u00f3n (isoc; redinet; teseo; iresie y eric) de donde se han extra\u00eddo las referencias y se indica ,la metodolog\u00eda utilizada.  en la segunda, se muestran los resultados de 8.807 referencias bibliogr\u00e1ficas extra\u00eddas de bases de datos espa\u00f1olas, de m\u00e9xico y de estados unidos, analizadas a trav\u00e9s de los indicadores bibliom\u00e9tricos referidos a: a\u00f1os de publicaci\u00f3n, autor\u00edas, ind\u00edces de colaboraci\u00f3n; tipolog\u00eda documental; revistas espec\u00edficas y factor de impacto y toponimia. El contenido a que se han referido los documentos, se ha analizado a trav\u00e9s de 61 categor\u00edas espec\u00edficas en cada una de las disciplinas y partes en que se segmenta la informaci\u00f3n con el fin de trazar el mapa conceptual de ambas disciplinas en los distintos contextos analizados.<\/p>\n<p>&nbsp;<\/p>\n<h3>Datos acad\u00e9micos de la tesis doctoral \u00ab<strong>An\u00e1lisis bibliom\u00e9trico internacional sobre la educaci\u00f3n de adultos<\/strong>\u00ab<\/h3>\n<ul>\n<li><strong>T\u00edtulo de la tesis:<\/strong>\u00a0 An\u00e1lisis bibliom\u00e9trico internacional sobre la educaci\u00f3n de adultos <\/li>\n<li><strong>Autor:<\/strong>\u00a0 Ceferina Anta Cabreros <\/li>\n<li><strong>Universidad:<\/strong>\u00a0 Nacional de educaci\u00f3n a distancia<\/li>\n<li><strong>Fecha de lectura de la tesis:<\/strong>\u00a0 12\/12\/2002<\/li>\n<\/ul>\n<p>&nbsp;<\/p>\n<h3>Direcci\u00f3n y tribunal<\/h3>\n<ul>\n<li><strong>Director de la tesis<\/strong>\n<ul>\n<li>Gloria Perez Serrano<\/li>\n<\/ul>\n<\/li>\n<li><strong>Tribunal<\/strong>\n<ul>\n<li>Presidente del tribunal: Jos\u00e9 Mar\u00eda Quintana cabanas <\/li>\n<li>florentino Sanz fernandez (vocal)<\/li>\n<li>Jos\u00e9 vicente Merino fernandez (vocal)<\/li>\n<li>Luis Amador mu\u00f1oz (vocal)<\/li>\n<\/ul>\n<\/li>\n<\/ul>\n<p>&nbsp;<\/p>\n","protected":false},"excerpt":{"rendered":"<p>Tesis doctoral de Ceferina Anta Cabreros El estudio consta de dos partes, en la primera se analizan las teor\u00edas y [&hellip;]<\/p>\n","protected":false},"author":1,"featured_media":0,"comment_status":"open","ping_status":"open","sticky":false,"template":"","format":"standard","meta":{"site-sidebar-layout":"default","site-content-layout":"","ast-site-content-layout":"","site-content-style":"default","site-sidebar-style":"default","ast-global-header-display":"","ast-banner-title-visibility":"","ast-main-header-display":"","ast-hfb-above-header-display":"","ast-hfb-below-header-display":"","ast-hfb-mobile-header-display":"","site-post-title":"","ast-breadcrumbs-content":"","ast-featured-img":"","footer-sml-layout":"","theme-transparent-header-meta":"","adv-header-id-meta":"","stick-header-meta":"","header-above-stick-meta":"","header-main-stick-meta":"","header-below-stick-meta":"","astra-migrate-meta-layouts":"default","ast-page-background-enabled":"default","ast-page-background-meta":{"desktop":{"background-color":"var(--ast-global-color-4)","background-image":"","background-repeat":"repeat","background-position":"center center","background-size":"auto","background-attachment":"scroll","background-type":"","background-media":"","overlay-type":"","overlay-color":"","overlay-gradient":""},"tablet":{"background-color":"","background-image":"","background-repeat":"repeat","background-position":"center center","background-size":"auto","background-attachment":"scroll","background-type":"","background-media":"","overlay-type":"","overlay-color":"","overlay-gradient":""},"mobile":{"background-color":"","background-image":"","background-repeat":"repeat","background-position":"center center","background-size":"auto","background-attachment":"scroll","background-type":"","background-media":"","overlay-type":"","overlay-color":"","overlay-gradient":""}},"ast-content-background-meta":{"desktop":{"background-color":"var(--ast-global-color-5)","background-image":"","background-repeat":"repeat","background-position":"center center","background-size":"auto","background-attachment":"scroll","background-type":"","background-media":"","overlay-type":"","overlay-color":"","overlay-gradient":""},"tablet":{"background-color":"var(--ast-global-color-5)","background-image":"","background-repeat":"repeat","background-position":"center center","background-size":"auto","background-attachment":"scroll","background-type":"","background-media":"","overlay-type":"","overlay-color":"","overlay-gradient":""},"mobile":{"background-color":"var(--ast-global-color-5)","background-image":"","background-repeat":"repeat","background-position":"center center","background-size":"auto","background-attachment":"scroll","background-type":"","background-media":"","overlay-type":"","overlay-color":"","overlay-gradient":""}},"footnotes":""},"categories":[17070],"tags":[62439,7698,2628,1500,5842,54533],"class_list":["post-20535","post","type-post","status-publish","format-standard","hentry","category-nacional-de-educacion-a-distancia","tag-ceferina-anta-cabreros","tag-florentino-sanz-fernandez","tag-gloria-perez-serrano","tag-jose-maria-quintana-cabanas","tag-jose-vicente-merino-fernandez","tag-luis-amador-munoz"],"_links":{"self":[{"href":"https:\/\/www.deberes.net\/tesis\/wp-json\/wp\/v2\/posts\/20535","targetHints":{"allow":["GET"]}}],"collection":[{"href":"https:\/\/www.deberes.net\/tesis\/wp-json\/wp\/v2\/posts"}],"about":[{"href":"https:\/\/www.deberes.net\/tesis\/wp-json\/wp\/v2\/types\/post"}],"author":[{"embeddable":true,"href":"https:\/\/www.deberes.net\/tesis\/wp-json\/wp\/v2\/users\/1"}],"replies":[{"embeddable":true,"href":"https:\/\/www.deberes.net\/tesis\/wp-json\/wp\/v2\/comments?post=20535"}],"version-history":[{"count":0,"href":"https:\/\/www.deberes.net\/tesis\/wp-json\/wp\/v2\/posts\/20535\/revisions"}],"wp:attachment":[{"href":"https:\/\/www.deberes.net\/tesis\/wp-json\/wp\/v2\/media?parent=20535"}],"wp:term":[{"taxonomy":"category","embeddable":true,"href":"https:\/\/www.deberes.net\/tesis\/wp-json\/wp\/v2\/categories?post=20535"},{"taxonomy":"post_tag","embeddable":true,"href":"https:\/\/www.deberes.net\/tesis\/wp-json\/wp\/v2\/tags?post=20535"}],"curies":[{"name":"wp","href":"https:\/\/api.w.org\/{rel}","templated":true}]}}