{"id":20575,"date":"2018-03-09T09:09:57","date_gmt":"2018-03-09T09:09:57","guid":{"rendered":"https:\/\/www.deberes.net\/tesis\/sin-categoria\/analisis-de-la-marcha-humana-con-plataformas-dinamometricas-influencia-del-transporte-de-carga\/"},"modified":"2018-03-09T09:09:57","modified_gmt":"2018-03-09T09:09:57","slug":"analisis-de-la-marcha-humana-con-plataformas-dinamometricas-influencia-del-transporte-de-carga","status":"publish","type":"post","link":"https:\/\/www.deberes.net\/tesis\/sin-categoria\/analisis-de-la-marcha-humana-con-plataformas-dinamometricas-influencia-del-transporte-de-carga\/","title":{"rendered":"An\u00e1lisis de la marcha humana con plataformas dinamom\u00e9tricas. influencia del transporte de carga"},"content":{"rendered":"<h2>Tesis doctoral de <strong> Susana Collado Vazquez <\/strong><\/h2>\n<p>El estudio de la marcha ha interesado desde tiempos remotos y los m\u00e9todos para su evaluaci\u00f3n han avanzado mucho, se han perfeccionado y simplificado las t\u00e9cnicas para su an\u00e1lisis y se han desarrollado nuevos m\u00e9todos que permiten valorar los distintos par\u00e1metros de la marcha de forma objetiva y eficaz, apreciar los factores que pueden modificarla, diagnosticar alteraciones del patr\u00f3n de marcha en diversas patolog\u00edas y lesiones traum\u00e1ticas, y realizar un control y seguimiento de pacientes para observar la evoluci\u00f3n de los mismoas, valorar la efectividad del tratamiento, recuperaci\u00f3n tras una intervenci\u00f3n quir\u00fargica, necesidad de ayudas t\u00e9cnicas, etc.  con frecuencia durante la deambulaci\u00f3n se transportan cargas de mayor o menor peso, distribuidas de distinta forma, lo cu\u00e1l modifica el patr\u00f3n de marcha normal e incluso puede producir lesiones o agravar una patolog\u00eda preexistente, por ello en este estudio se ha pretendido evaluar la influencia del transporte de carga durante el proceso de marcha, a trav\u00e9s de un estudio cin\u00e9tico de la misma, para el que se han utilizado plataformas dinamom\u00e9tricas kistler de tipo piezoel\u00e9ctrico, sobre las que se han hecho caminar a 59 sujetos j\u00f3venes y sanos sin carga y con carga distribuida de manera diferente (a la espalda, en un hombro, en la mano a modo de cartera), para observar si se producen modificaciones de las fuerzas verticales, anteroposteriores y mediolaterales, y al mismo tiempo estudiar la influencia de factores individuales como el sexo, altura, y peso.  tras una introducci\u00f3n en que se realizan una revisi\u00f3n del estado actual del estudio de la marcha humana se expone el trabajo experimental con los objetivos, material y m\u00e9todo, resultados, discusi\u00f3n y conclusiones y de ellas destacamos la importancia de transportar la carga lo m\u00e1s cerca posible del tronco, pues se producen menores variaciones de las fuerzas mediolaterales, es decir, menores oscilaciones del centro de<\/p>\n<p>&nbsp;<\/p>\n<h3>Datos acad\u00e9micos de la tesis doctoral \u00ab<strong>An\u00e1lisis de la marcha humana con plataformas dinamom\u00e9tricas. influencia del transporte de carga<\/strong>\u00ab<\/h3>\n<ul>\n<li><strong>T\u00edtulo de la tesis:<\/strong>\u00a0 An\u00e1lisis de la marcha humana con plataformas dinamom\u00e9tricas. influencia del transporte de carga <\/li>\n<li><strong>Autor:<\/strong>\u00a0 Susana Collado Vazquez <\/li>\n<li><strong>Universidad:<\/strong>\u00a0 Complutense de Madrid<\/li>\n<li><strong>Fecha de lectura de la tesis:<\/strong>\u00a0 13\/12\/2002<\/li>\n<\/ul>\n<p>&nbsp;<\/p>\n<h3>Direcci\u00f3n y tribunal<\/h3>\n<ul>\n<li><strong>Director de la tesis<\/strong>\n<ul>\n<li>Felipe Pascual G\u00f3mez<\/li>\n<\/ul>\n<\/li>\n<li><strong>Tribunal<\/strong>\n<ul>\n<li>Presidente del tribunal: Luis pablo Rodriguez rodriguez <\/li>\n<li>ramiro Jover ruiz (vocal)<\/li>\n<li>eduardo Alvarez del palacio (vocal)<\/li>\n<li>Ana m. Aguila maturana (vocal)<\/li>\n<\/ul>\n<\/li>\n<\/ul>\n<p>&nbsp;<\/p>\n","protected":false},"excerpt":{"rendered":"<p>Tesis doctoral de Susana Collado Vazquez El estudio de la marcha ha interesado desde tiempos remotos y los m\u00e9todos para [&hellip;]<\/p>\n","protected":false},"author":1,"featured_media":0,"comment_status":"open","ping_status":"open","sticky":false,"template":"","format":"standard","meta":{"site-sidebar-layout":"default","site-content-layout":"","ast-site-content-layout":"","site-content-style":"default","site-sidebar-style":"default","ast-global-header-display":"","ast-banner-title-visibility":"","ast-main-header-display":"","ast-hfb-above-header-display":"","ast-hfb-below-header-display":"","ast-hfb-mobile-header-display":"","site-post-title":"","ast-breadcrumbs-content":"","ast-featured-img":"","footer-sml-layout":"","theme-transparent-header-meta":"","adv-header-id-meta":"","stick-header-meta":"","header-above-stick-meta":"","header-main-stick-meta":"","header-below-stick-meta":"","astra-migrate-meta-layouts":"default","ast-page-background-enabled":"default","ast-page-background-meta":{"desktop":{"background-color":"var(--ast-global-color-4)","background-image":"","background-repeat":"repeat","background-position":"center center","background-size":"auto","background-attachment":"scroll","background-type":"","background-media":"","overlay-type":"","overlay-color":"","overlay-gradient":""},"tablet":{"background-color":"","background-image":"","background-repeat":"repeat","background-position":"center center","background-size":"auto","background-attachment":"scroll","background-type":"","background-media":"","overlay-type":"","overlay-color":"","overlay-gradient":""},"mobile":{"background-color":"","background-image":"","background-repeat":"repeat","background-position":"center center","background-size":"auto","background-attachment":"scroll","background-type":"","background-media":"","overlay-type":"","overlay-color":"","overlay-gradient":""}},"ast-content-background-meta":{"desktop":{"background-color":"var(--ast-global-color-5)","background-image":"","background-repeat":"repeat","background-position":"center center","background-size":"auto","background-attachment":"scroll","background-type":"","background-media":"","overlay-type":"","overlay-color":"","overlay-gradient":""},"tablet":{"background-color":"var(--ast-global-color-5)","background-image":"","background-repeat":"repeat","background-position":"center center","background-size":"auto","background-attachment":"scroll","background-type":"","background-media":"","overlay-type":"","overlay-color":"","overlay-gradient":""},"mobile":{"background-color":"var(--ast-global-color-5)","background-image":"","background-repeat":"repeat","background-position":"center center","background-size":"auto","background-attachment":"scroll","background-type":"","background-media":"","overlay-type":"","overlay-color":"","overlay-gradient":""}},"footnotes":""},"categories":[1],"tags":[62539,4444,62538,5782,55941,62537],"class_list":["post-20575","post","type-post","status-publish","format-standard","hentry","category-sin-categoria","tag-ana-m-aguila-maturana","tag-eduardo-alvarez-del-palacio","tag-felipe-pascual-gomez","tag-luis-pablo-rodriguez-rodriguez","tag-ramiro-jover-ruiz","tag-susana-collado-vazquez"],"_links":{"self":[{"href":"https:\/\/www.deberes.net\/tesis\/wp-json\/wp\/v2\/posts\/20575","targetHints":{"allow":["GET"]}}],"collection":[{"href":"https:\/\/www.deberes.net\/tesis\/wp-json\/wp\/v2\/posts"}],"about":[{"href":"https:\/\/www.deberes.net\/tesis\/wp-json\/wp\/v2\/types\/post"}],"author":[{"embeddable":true,"href":"https:\/\/www.deberes.net\/tesis\/wp-json\/wp\/v2\/users\/1"}],"replies":[{"embeddable":true,"href":"https:\/\/www.deberes.net\/tesis\/wp-json\/wp\/v2\/comments?post=20575"}],"version-history":[{"count":0,"href":"https:\/\/www.deberes.net\/tesis\/wp-json\/wp\/v2\/posts\/20575\/revisions"}],"wp:attachment":[{"href":"https:\/\/www.deberes.net\/tesis\/wp-json\/wp\/v2\/media?parent=20575"}],"wp:term":[{"taxonomy":"category","embeddable":true,"href":"https:\/\/www.deberes.net\/tesis\/wp-json\/wp\/v2\/categories?post=20575"},{"taxonomy":"post_tag","embeddable":true,"href":"https:\/\/www.deberes.net\/tesis\/wp-json\/wp\/v2\/tags?post=20575"}],"curies":[{"name":"wp","href":"https:\/\/api.w.org\/{rel}","templated":true}]}}