{"id":20623,"date":"2018-03-09T09:10:01","date_gmt":"2018-03-09T09:10:01","guid":{"rendered":"https:\/\/www.deberes.net\/tesis\/sin-categoria\/la-guerra-civil-argelina-y-su-impacto-en-las-pola%c2%adticas-exteriores-de-francia-y-estados-unidos-respecto-a-argelia-1991-1999\/"},"modified":"2018-03-09T09:10:01","modified_gmt":"2018-03-09T09:10:01","slug":"la-guerra-civil-argelina-y-su-impacto-en-las-pola%c2%adticas-exteriores-de-francia-y-estados-unidos-respecto-a-argelia-1991-1999","status":"publish","type":"post","link":"https:\/\/www.deberes.net\/tesis\/sin-categoria\/la-guerra-civil-argelina-y-su-impacto-en-las-pola%c2%adticas-exteriores-de-francia-y-estados-unidos-respecto-a-argelia-1991-1999\/","title":{"rendered":"La guerra civil argelina y su impacto en las pol\u00edticas exteriores de francia y estados unidos respecto a argelia (1991-1999)"},"content":{"rendered":"<h2>Tesis doctoral de <strong> Laurence Thieux <\/strong><\/h2>\n<p>La tesis doctoral trata de las repercusiones de la crisis argelina sobre las relaciones de francia y estados unidos con argelia de 1990 a 1999. el enfoque principal del estudio fue valorar la incidencia que tuvo el protagonismo del islamismo en la crisis sobre la posici\u00f3n adoptada por las administraciones francesa y norteamericana respecto a la crisis argelina. para lograr este objetivo era preciso tener en cuenta m\u00faltiples factores como la historia de los v\u00ednculos que francia y estados unidos hab\u00eda tejido con argelia, as\u00ed como los v\u00ednculos humanos, econ\u00f3micos y estrat\u00e9gicos. la interrupci\u00f3n del proceso electoral en argelia del cual habr\u00eda salido ganador el frente isl\u00e1mico de salvaci\u00f3n (fis) en enero de 1992 plante\u00f3 una problem\u00e1tica a los gobiernos occidentales que respaldaron un golpe militar por miedo a la llegada al poder de un movimiento percibido como una amenaza para la seguridad de las sociedades occidentales.<\/p>\n<p>&nbsp;<\/p>\n<h3>Datos acad\u00e9micos de la tesis doctoral \u00ab<strong>La guerra civil argelina y su impacto en las pol\u00edticas exteriores de francia y estados unidos respecto a argelia (1991-1999)<\/strong>\u00ab<\/h3>\n<ul>\n<li><strong>T\u00edtulo de la tesis:<\/strong>\u00a0 La guerra civil argelina y su impacto en las pol\u00edticas exteriores de francia y estados unidos respecto a argelia (1991-1999) <\/li>\n<li><strong>Autor:<\/strong>\u00a0 Laurence Thieux <\/li>\n<li><strong>Universidad:<\/strong>\u00a0 Aut\u00f3noma de Madrid<\/li>\n<li><strong>Fecha de lectura de la tesis:<\/strong>\u00a0 13\/12\/2002<\/li>\n<\/ul>\n<p>&nbsp;<\/p>\n<h3>Direcci\u00f3n y tribunal<\/h3>\n<ul>\n<li><strong>Director de la tesis<\/strong>\n<ul>\n<li>Miguel Larramendi<\/li>\n<\/ul>\n<\/li>\n<li><strong>Tribunal<\/strong>\n<ul>\n<li>Presidente del tribunal: antoni Segura i mas <\/li>\n<li>laura Feliu mart\u00ednez (vocal)<\/li>\n<li>felipe Mara\u00f1a marcos (vocal)<\/li>\n<li>alejandro Lorca corrons (vocal)<\/li>\n<\/ul>\n<\/li>\n<\/ul>\n<p>&nbsp;<\/p>\n","protected":false},"excerpt":{"rendered":"<p>Tesis doctoral de Laurence Thieux La tesis doctoral trata de las repercusiones de la crisis argelina sobre las relaciones de [&hellip;]<\/p>\n","protected":false},"author":1,"featured_media":0,"comment_status":"open","ping_status":"open","sticky":false,"template":"","format":"standard","meta":{"site-sidebar-layout":"default","site-content-layout":"","ast-site-content-layout":"","site-content-style":"default","site-sidebar-style":"default","ast-global-header-display":"","ast-banner-title-visibility":"","ast-main-header-display":"","ast-hfb-above-header-display":"","ast-hfb-below-header-display":"","ast-hfb-mobile-header-display":"","site-post-title":"","ast-breadcrumbs-content":"","ast-featured-img":"","footer-sml-layout":"","theme-transparent-header-meta":"","adv-header-id-meta":"","stick-header-meta":"","header-above-stick-meta":"","header-main-stick-meta":"","header-below-stick-meta":"","astra-migrate-meta-layouts":"default","ast-page-background-enabled":"default","ast-page-background-meta":{"desktop":{"background-color":"var(--ast-global-color-4)","background-image":"","background-repeat":"repeat","background-position":"center center","background-size":"auto","background-attachment":"scroll","background-type":"","background-media":"","overlay-type":"","overlay-color":"","overlay-gradient":""},"tablet":{"background-color":"","background-image":"","background-repeat":"repeat","background-position":"center center","background-size":"auto","background-attachment":"scroll","background-type":"","background-media":"","overlay-type":"","overlay-color":"","overlay-gradient":""},"mobile":{"background-color":"","background-image":"","background-repeat":"repeat","background-position":"center center","background-size":"auto","background-attachment":"scroll","background-type":"","background-media":"","overlay-type":"","overlay-color":"","overlay-gradient":""}},"ast-content-background-meta":{"desktop":{"background-color":"var(--ast-global-color-5)","background-image":"","background-repeat":"repeat","background-position":"center center","background-size":"auto","background-attachment":"scroll","background-type":"","background-media":"","overlay-type":"","overlay-color":"","overlay-gradient":""},"tablet":{"background-color":"var(--ast-global-color-5)","background-image":"","background-repeat":"repeat","background-position":"center center","background-size":"auto","background-attachment":"scroll","background-type":"","background-media":"","overlay-type":"","overlay-color":"","overlay-gradient":""},"mobile":{"background-color":"var(--ast-global-color-5)","background-image":"","background-repeat":"repeat","background-position":"center center","background-size":"auto","background-attachment":"scroll","background-type":"","background-media":"","overlay-type":"","overlay-color":"","overlay-gradient":""}},"footnotes":""},"categories":[1],"tags":[15272,12941,24354,62648,62646,62647],"class_list":["post-20623","post","type-post","status-publish","format-standard","hentry","category-sin-categoria","tag-alejandro-lorca-corrons","tag-antoni-segura-i-mas","tag-felipe-marana-marcos","tag-laura-feliu-Martinez","tag-laurence-thieux","tag-miguel-larramendi"],"_links":{"self":[{"href":"https:\/\/www.deberes.net\/tesis\/wp-json\/wp\/v2\/posts\/20623","targetHints":{"allow":["GET"]}}],"collection":[{"href":"https:\/\/www.deberes.net\/tesis\/wp-json\/wp\/v2\/posts"}],"about":[{"href":"https:\/\/www.deberes.net\/tesis\/wp-json\/wp\/v2\/types\/post"}],"author":[{"embeddable":true,"href":"https:\/\/www.deberes.net\/tesis\/wp-json\/wp\/v2\/users\/1"}],"replies":[{"embeddable":true,"href":"https:\/\/www.deberes.net\/tesis\/wp-json\/wp\/v2\/comments?post=20623"}],"version-history":[{"count":0,"href":"https:\/\/www.deberes.net\/tesis\/wp-json\/wp\/v2\/posts\/20623\/revisions"}],"wp:attachment":[{"href":"https:\/\/www.deberes.net\/tesis\/wp-json\/wp\/v2\/media?parent=20623"}],"wp:term":[{"taxonomy":"category","embeddable":true,"href":"https:\/\/www.deberes.net\/tesis\/wp-json\/wp\/v2\/categories?post=20623"},{"taxonomy":"post_tag","embeddable":true,"href":"https:\/\/www.deberes.net\/tesis\/wp-json\/wp\/v2\/tags?post=20623"}],"curies":[{"name":"wp","href":"https:\/\/api.w.org\/{rel}","templated":true}]}}