{"id":20634,"date":"2018-03-09T09:10:02","date_gmt":"2018-03-09T09:10:02","guid":{"rendered":"https:\/\/www.deberes.net\/tesis\/sin-categoria\/perfiles-de-discapacidad-en-la-enfermedad-mental-somatica-y-los-trastornos-por-abuso-de-sustancias\/"},"modified":"2018-03-09T09:10:02","modified_gmt":"2018-03-09T09:10:02","slug":"perfiles-de-discapacidad-en-la-enfermedad-mental-somatica-y-los-trastornos-por-abuso-de-sustancias","status":"publish","type":"post","link":"https:\/\/www.deberes.net\/tesis\/deusto\/perfiles-de-discapacidad-en-la-enfermedad-mental-somatica-y-los-trastornos-por-abuso-de-sustancias\/","title":{"rendered":"Perfiles de discapacidad en la enfermedad mental, somatica y los trastornos por abuso de sustancias"},"content":{"rendered":"<h2>Tesis doctoral de <strong> Ana G\u00f3mez Silio <\/strong><\/h2>\n<p>El estudio de la discapacidad en distintos subtipos patol\u00f3gicos es importante, ya que la literatura en lo que se refiere a indicadores de salud y discapacidad s\u00f3lo hace referencia a la patolog\u00eda som\u00e1tica y dejaban de lado otras condiciones. una revisi\u00f3n a la litertura indica que no es posible meter a todos los individuos en el mismo saco sino, por el contrario, resaltar que cada patolog\u00eda -psiqui\u00e1trica, som\u00e1tica o por abuso de sustancias- afecta a los individuos de un modo diferente y supone un perfil de funcionamiento y discapacidad propio. El objetivo del presente estudio es analizar la discapacidad global que produce la enfermedad mental, som\u00e1tica y los trastornos por abuso de sustancias, as\u00ed como comparar que el funcionamiento de dichos subtipos patol\u00f3gicos en distitnas \u00e1reas de la vida diaria.  m\u00e9todo: estudio transversal con una muestra de 129 personas, pertenecientes a la comunidad aut\u00f3noma de cantabria, llevado a cabo entre los meses de septiembre y octubre de 1999. El an\u00e1lisis de resultados fue realizado a trav\u00e9s del programa estad\u00edstico spss. Se administraron el sf-36, el london handicap scale, la escala de valoraci\u00f3n del entrevistador, cuesitonarios sociodemogr\u00e1ficos y cl\u00ednicos, incluidas las variables \u00abedad\u00bb y \u00absexo\u00bb posteriormente analizadas. Destaca espacialmente la versi\u00f3n espa\u00f1ola del cuestionario who-das-ii-36 items, medida de discapacidad que determina, en una escala de 0 a 100, el grado de dificultad que experimetnan una persona para llevar a cabo sus actividades habituales en seis \u00e1reas de funcionamiento.  resultados: la poblaci\u00f3n muestral estuvo formada por 129 personas, de las cuales 41 (31.8%) de enfermos mentales, 58 (45%) de enfermos f\u00edsicos y 30 (23.2%) de enfermos por trastornos por abuso de sustancias. Los resultados indican que no existen diferencias significativas en el nivel global de discapacidad de cada subtipo patol\u00f3gico. Si bien, esto no es as\u00ed en cada uno de los dominios de<\/p>\n<p>&nbsp;<\/p>\n<h3>Datos acad\u00e9micos de la tesis doctoral \u00ab<strong>Perfiles de discapacidad en la enfermedad mental, somatica y los trastornos por abuso de sustancias<\/strong>\u00ab<\/h3>\n<ul>\n<li><strong>T\u00edtulo de la tesis:<\/strong>\u00a0 Perfiles de discapacidad en la enfermedad mental, somatica y los trastornos por abuso de sustancias <\/li>\n<li><strong>Autor:<\/strong>\u00a0 Ana G\u00f3mez Silio <\/li>\n<li><strong>Universidad:<\/strong>\u00a0 Deusto<\/li>\n<li><strong>Fecha de lectura de la tesis:<\/strong>\u00a0 13\/12\/2002<\/li>\n<\/ul>\n<p>&nbsp;<\/p>\n<h3>Direcci\u00f3n y tribunal<\/h3>\n<ul>\n<li><strong>Director de la tesis<\/strong>\n<ul>\n<li>Luis De Nicolas Martinez<\/li>\n<\/ul>\n<\/li>\n<li><strong>Tribunal<\/strong>\n<ul>\n<li>Presidente del tribunal: julio belarmino Bobes garcia <\/li>\n<li> Llorca diaz Francisco Javier (vocal)<\/li>\n<li>Juan  Francisco Diez manrique (vocal)<\/li>\n<li>imanol Amayra caro (vocal)<\/li>\n<\/ul>\n<\/li>\n<\/ul>\n<p>&nbsp;<\/p>\n","protected":false},"excerpt":{"rendered":"<p>Tesis doctoral de Ana G\u00f3mez Silio El estudio de la discapacidad en distintos subtipos patol\u00f3gicos es importante, ya que la [&hellip;]<\/p>\n","protected":false},"author":1,"featured_media":0,"comment_status":"open","ping_status":"open","sticky":false,"template":"","format":"standard","meta":{"site-sidebar-layout":"default","site-content-layout":"","ast-site-content-layout":"","site-content-style":"default","site-sidebar-style":"default","ast-global-header-display":"","ast-banner-title-visibility":"","ast-main-header-display":"","ast-hfb-above-header-display":"","ast-hfb-below-header-display":"","ast-hfb-mobile-header-display":"","site-post-title":"","ast-breadcrumbs-content":"","ast-featured-img":"","footer-sml-layout":"","theme-transparent-header-meta":"","adv-header-id-meta":"","stick-header-meta":"","header-above-stick-meta":"","header-main-stick-meta":"","header-below-stick-meta":"","astra-migrate-meta-layouts":"default","ast-page-background-enabled":"default","ast-page-background-meta":{"desktop":{"background-color":"var(--ast-global-color-4)","background-image":"","background-repeat":"repeat","background-position":"center center","background-size":"auto","background-attachment":"scroll","background-type":"","background-media":"","overlay-type":"","overlay-color":"","overlay-gradient":""},"tablet":{"background-color":"","background-image":"","background-repeat":"repeat","background-position":"center center","background-size":"auto","background-attachment":"scroll","background-type":"","background-media":"","overlay-type":"","overlay-color":"","overlay-gradient":""},"mobile":{"background-color":"","background-image":"","background-repeat":"repeat","background-position":"center center","background-size":"auto","background-attachment":"scroll","background-type":"","background-media":"","overlay-type":"","overlay-color":"","overlay-gradient":""}},"ast-content-background-meta":{"desktop":{"background-color":"var(--ast-global-color-5)","background-image":"","background-repeat":"repeat","background-position":"center center","background-size":"auto","background-attachment":"scroll","background-type":"","background-media":"","overlay-type":"","overlay-color":"","overlay-gradient":""},"tablet":{"background-color":"var(--ast-global-color-5)","background-image":"","background-repeat":"repeat","background-position":"center center","background-size":"auto","background-attachment":"scroll","background-type":"","background-media":"","overlay-type":"","overlay-color":"","overlay-gradient":""},"mobile":{"background-color":"var(--ast-global-color-5)","background-image":"","background-repeat":"repeat","background-position":"center center","background-size":"auto","background-attachment":"scroll","background-type":"","background-media":"","overlay-type":"","overlay-color":"","overlay-gradient":""}},"footnotes":""},"categories":[31910],"tags":[62675,31919,45940,8332,43632,28091],"class_list":["post-20634","post","type-post","status-publish","format-standard","hentry","category-deusto","tag-ana-gomez-silio","tag-imanol-amayra-caro","tag-juan-francisco-diez-manrique","tag-julio-belarmino-bobes-garcia","tag-llorca-diaz-francisco-javier","tag-luis-de-nicolas-Martinez"],"_links":{"self":[{"href":"https:\/\/www.deberes.net\/tesis\/wp-json\/wp\/v2\/posts\/20634","targetHints":{"allow":["GET"]}}],"collection":[{"href":"https:\/\/www.deberes.net\/tesis\/wp-json\/wp\/v2\/posts"}],"about":[{"href":"https:\/\/www.deberes.net\/tesis\/wp-json\/wp\/v2\/types\/post"}],"author":[{"embeddable":true,"href":"https:\/\/www.deberes.net\/tesis\/wp-json\/wp\/v2\/users\/1"}],"replies":[{"embeddable":true,"href":"https:\/\/www.deberes.net\/tesis\/wp-json\/wp\/v2\/comments?post=20634"}],"version-history":[{"count":0,"href":"https:\/\/www.deberes.net\/tesis\/wp-json\/wp\/v2\/posts\/20634\/revisions"}],"wp:attachment":[{"href":"https:\/\/www.deberes.net\/tesis\/wp-json\/wp\/v2\/media?parent=20634"}],"wp:term":[{"taxonomy":"category","embeddable":true,"href":"https:\/\/www.deberes.net\/tesis\/wp-json\/wp\/v2\/categories?post=20634"},{"taxonomy":"post_tag","embeddable":true,"href":"https:\/\/www.deberes.net\/tesis\/wp-json\/wp\/v2\/tags?post=20634"}],"curies":[{"name":"wp","href":"https:\/\/api.w.org\/{rel}","templated":true}]}}