{"id":20790,"date":"2018-03-09T09:10:18","date_gmt":"2018-03-09T09:10:18","guid":{"rendered":"https:\/\/www.deberes.net\/tesis\/sin-categoria\/las-ventas-una-arquitectura-rural-singularizada-por-la-funcion-las-ventas-en-la-provincia-de-albacete\/"},"modified":"2018-03-09T09:10:18","modified_gmt":"2018-03-09T09:10:18","slug":"las-ventas-una-arquitectura-rural-singularizada-por-la-funcion-las-ventas-en-la-provincia-de-albacete","status":"publish","type":"post","link":"https:\/\/www.deberes.net\/tesis\/politecnica-de-valencia\/las-ventas-una-arquitectura-rural-singularizada-por-la-funcion-las-ventas-en-la-provincia-de-albacete\/","title":{"rendered":"Las ventas: una arquitectura rural singularizada por la funci\u00f3n. las ventas en la provincia de albacete"},"content":{"rendered":"<h2>Tesis doctoral de <strong>  Garc\u00eda S\u00e1ez Joaquin Francisco <\/strong><\/h2>\n<p>En primer lugar, como punto de partida, y descendiendo de lo general a lo particular, el presente trabajo reflexiona sobre determinadas denominaciones de arquitectura (rural, popular, vern\u00e1cula, culta, ..) Para acabar centr\u00e1ndose en la arquitectura popular (campo de la arquitectura donde habitualmente se han situado las ventas en los estudios existentes), de la que se pretende dar una idea de la evoluci\u00f3n hist\u00f3rica de su estudio (relativamente reciente) por un lado y de su propia historia por otro, ya que la arquitectura popular tambi\u00e9n tiene su evoluci\u00f3n a lo largo del tiempo. No es un hecho inmutable como hasta hace poco se cre\u00eda.  la evoluci\u00f3n hist\u00f3rica del estudio de la arquitectura popular se analiza a trav\u00e9s de las reflexiones sobre tres libros emblem\u00e1ticos dedicados a la arquitectura popular publicados en \u00e9pocas distintas, y, por tanto, con enfoques distintos que nos marcan dicha evoluci\u00f3n: \u00abla casa popular en espa\u00f1a\u00bb de fernando garc\u00eda mercadal (1930), \u00abarquitectura popular espa\u00f1ola\u00bb de carlos flores l\u00f3pez (1973) y \u00abarquitectura popular en espa\u00f1a\u00bb (1990) de varios autores.  se describen loc condicionantes de la arquitectura para clarificar, en la medida de lo posible, que las ventas son un caso particular, con una funci\u00f3n determinada, de dicho tipo de arquitectura. \u00e9sta es la funic\u00f3n hospedera.  se trata de definir la relaci\u00f3n de cualquier edificio de la arquitectura popular con los distintos par\u00e1metros que pueden llegar a caracterizarlos como edificio dentro de este tipo de arquitectura: las relaciones entre el edificio y elmedio (paisaje, ubicaci\u00f3n, parcelaci\u00f3n, mecanismos de adaptaci\u00f3n al terreno o la climatolog\u00eda, etc.), Entre el edificio y la funci\u00f3n (la cruj\u00eda, elelentos funcionales, elementos de conexi\u00f3n, sistemas de accesos, el papel del fuego, etc.), Entre el edificio y la construcci\u00f3n (materiales, estructura, cubiertas, etc.), Entre el edificio y la sociedad (usuarios, propiedad, normati<\/p>\n<p>&nbsp;<\/p>\n<h3>Datos acad\u00e9micos de la tesis doctoral \u00ab<strong>Las ventas: una arquitectura rural singularizada por la funci\u00f3n. las ventas en la provincia de albacete<\/strong>\u00ab<\/h3>\n<ul>\n<li><strong>T\u00edtulo de la tesis:<\/strong>\u00a0 Las ventas: una arquitectura rural singularizada por la funci\u00f3n. las ventas en la provincia de albacete <\/li>\n<li><strong>Autor:<\/strong>\u00a0  Garc\u00eda S\u00e1ez Joaquin Francisco <\/li>\n<li><strong>Universidad:<\/strong>\u00a0 Polit\u00e9cnica de Valencia<\/li>\n<li><strong>Fecha de lectura de la tesis:<\/strong>\u00a0 17\/12\/2002<\/li>\n<\/ul>\n<p>&nbsp;<\/p>\n<h3>Direcci\u00f3n y tribunal<\/h3>\n<ul>\n<li><strong>Director de la tesis<\/strong>\n<ul>\n<li>Carmen Jord\u00e1 Such<\/li>\n<\/ul>\n<\/li>\n<li><strong>Tribunal<\/strong>\n<ul>\n<li>Presidente del tribunal:  Rey aynat Juan  Miguel del <\/li>\n<li>Fernando Aranda navarro (vocal)<\/li>\n<li>Andr\u00e9s Martinez medina (vocal)<\/li>\n<li> Sim\u00f3n Garc\u00eda Jos\u00e9 Luis (vocal)<\/li>\n<\/ul>\n<\/li>\n<\/ul>\n<p>&nbsp;<\/p>\n","protected":false},"excerpt":{"rendered":"<p>Tesis doctoral de Garc\u00eda S\u00e1ez Joaquin Francisco En primer lugar, como punto de partida, y descendiendo de lo general a [&hellip;]<\/p>\n","protected":false},"author":1,"featured_media":0,"comment_status":"open","ping_status":"open","sticky":false,"template":"","format":"standard","meta":{"site-sidebar-layout":"default","site-content-layout":"","ast-site-content-layout":"","site-content-style":"default","site-sidebar-style":"default","ast-global-header-display":"","ast-banner-title-visibility":"","ast-main-header-display":"","ast-hfb-above-header-display":"","ast-hfb-below-header-display":"","ast-hfb-mobile-header-display":"","site-post-title":"","ast-breadcrumbs-content":"","ast-featured-img":"","footer-sml-layout":"","theme-transparent-header-meta":"","adv-header-id-meta":"","stick-header-meta":"","header-above-stick-meta":"","header-main-stick-meta":"","header-below-stick-meta":"","astra-migrate-meta-layouts":"default","ast-page-background-enabled":"default","ast-page-background-meta":{"desktop":{"background-color":"var(--ast-global-color-4)","background-image":"","background-repeat":"repeat","background-position":"center center","background-size":"auto","background-attachment":"scroll","background-type":"","background-media":"","overlay-type":"","overlay-color":"","overlay-gradient":""},"tablet":{"background-color":"","background-image":"","background-repeat":"repeat","background-position":"center center","background-size":"auto","background-attachment":"scroll","background-type":"","background-media":"","overlay-type":"","overlay-color":"","overlay-gradient":""},"mobile":{"background-color":"","background-image":"","background-repeat":"repeat","background-position":"center center","background-size":"auto","background-attachment":"scroll","background-type":"","background-media":"","overlay-type":"","overlay-color":"","overlay-gradient":""}},"ast-content-background-meta":{"desktop":{"background-color":"var(--ast-global-color-5)","background-image":"","background-repeat":"repeat","background-position":"center center","background-size":"auto","background-attachment":"scroll","background-type":"","background-media":"","overlay-type":"","overlay-color":"","overlay-gradient":""},"tablet":{"background-color":"var(--ast-global-color-5)","background-image":"","background-repeat":"repeat","background-position":"center center","background-size":"auto","background-attachment":"scroll","background-type":"","background-media":"","overlay-type":"","overlay-color":"","overlay-gradient":""},"mobile":{"background-color":"var(--ast-global-color-5)","background-image":"","background-repeat":"repeat","background-position":"center center","background-size":"auto","background-attachment":"scroll","background-type":"","background-media":"","overlay-type":"","overlay-color":"","overlay-gradient":""}},"footnotes":""},"categories":[16820],"tags":[63086,61111,30264,63084,63085,19473],"class_list":["post-20790","post","type-post","status-publish","format-standard","hentry","category-politecnica-de-valencia","tag-andres-Martinez-medina","tag-carmen-jorda-such","tag-fernando-aranda-navarro","tag-garcia-saez-joaquin-francisco","tag-rey-aynat-juan-miguel-del","tag-simon-garcia-jose-luis"],"_links":{"self":[{"href":"https:\/\/www.deberes.net\/tesis\/wp-json\/wp\/v2\/posts\/20790","targetHints":{"allow":["GET"]}}],"collection":[{"href":"https:\/\/www.deberes.net\/tesis\/wp-json\/wp\/v2\/posts"}],"about":[{"href":"https:\/\/www.deberes.net\/tesis\/wp-json\/wp\/v2\/types\/post"}],"author":[{"embeddable":true,"href":"https:\/\/www.deberes.net\/tesis\/wp-json\/wp\/v2\/users\/1"}],"replies":[{"embeddable":true,"href":"https:\/\/www.deberes.net\/tesis\/wp-json\/wp\/v2\/comments?post=20790"}],"version-history":[{"count":0,"href":"https:\/\/www.deberes.net\/tesis\/wp-json\/wp\/v2\/posts\/20790\/revisions"}],"wp:attachment":[{"href":"https:\/\/www.deberes.net\/tesis\/wp-json\/wp\/v2\/media?parent=20790"}],"wp:term":[{"taxonomy":"category","embeddable":true,"href":"https:\/\/www.deberes.net\/tesis\/wp-json\/wp\/v2\/categories?post=20790"},{"taxonomy":"post_tag","embeddable":true,"href":"https:\/\/www.deberes.net\/tesis\/wp-json\/wp\/v2\/tags?post=20790"}],"curies":[{"name":"wp","href":"https:\/\/api.w.org\/{rel}","templated":true}]}}