{"id":20821,"date":"2018-03-09T09:10:20","date_gmt":"2018-03-09T09:10:20","guid":{"rendered":"https:\/\/www.deberes.net\/tesis\/sin-categoria\/el-subjuntivo-en-la-tradicion-gramatico-textual-espanola-1771-1973\/"},"modified":"2018-03-09T09:10:20","modified_gmt":"2018-03-09T09:10:20","slug":"el-subjuntivo-en-la-tradicion-gramatico-textual-espanola-1771-1973","status":"publish","type":"post","link":"https:\/\/www.deberes.net\/tesis\/historia\/el-subjuntivo-en-la-tradicion-gramatico-textual-espanola-1771-1973\/","title":{"rendered":"El subjuntivo en la tradici\u00f3n gram\u00e1tico-textual espa\u00f1ola (1771-1973)"},"content":{"rendered":"<h2>Tesis doctoral de <strong> Alfonso Zamorano Aguilar <\/strong><\/h2>\n<p>La presente tesis doctoral se inscribe en el marco de la historiograf\u00eda ling\u00ed\u00bc\u00edstica interna y, m\u00e1s concretamente, en la gramaticograf\u00eda del espa\u00f1ol.  tres son los pilares b\u00e1sicos de la investigaci\u00f3n:  1,- revisi\u00f3n y an\u00e1lisis del concepto \u00absubjuntivo\u00bb en el panorama ling\u00ed\u00bc\u00edstico actual (m\u00e1ximo a\u00f1os 20 del siglo xx), as\u00ed como de otros conceptos con \u00e9l relacionados: \u00abmodo verbal\u00bb, \u00abmodalidad ling\u00ed\u00bc\u00edstica\u00bb, etc.  2,- estudio del subjuntivo en la historia de la gram\u00e1tica espa\u00f1ola desde 1771 hasta 1973, sobre un corpues de 64 tratados. Este segundo bloque es el centro de la tesis y en \u00e9l abordamos:  a,- estructuras formales (a trav\u00e9s de un m\u00e9todo estad\u00edstico) y criterios de definici\u00f3n del \u00abverbo\u00bb, \u00abmodo\u00bb y \u00absubjuntivo\u00bb en el per\u00edodo acotado.  b,- el subjuntivo y su relaci\u00f3n con el resto de mdoos del sistema espa\u00f1ol, deducibles en virtud de los diversos programas te\u00f3ricos analizados en el corpus.  c,- an\u00e1lisis del contraste establecido entre la definici\u00f3n general aportada por cada gram\u00e1tico y los ejemplos empleados para su materializaci\u00f3n.  d,- el subjuntivo en funci\u00f3n del tipo de estructura sint\u00e1ctica en la que se encuadra.  e,- la categor\u00eda \u00abtiempo\u00bb en el subjuntivo espa\u00f1ol (1771-1973): concepto y an\u00e1lisis de las unidades que lo integran.  3,- ensayo de un m\u00e9todo de integraci\u00f3n historiograf\u00eda ling\u00ed\u00bc\u00edstica-historia de la lengua. Para ello, comparamos los resultados de la investigaci\u00f3n gramaticogr\u00e1fica con los deducibles de un corpus hist\u00f3rico de 1771 a 1973, con el fin de establecer los rasgos de semejanza y divergencia entre el espa\u00f1ol descrito y prescrito en las gram\u00e1ticas y el espa\u00f1ol escrito en los textos.<\/p>\n<p>&nbsp;<\/p>\n<h3>Datos acad\u00e9micos de la tesis doctoral \u00ab<strong>El subjuntivo en la tradici\u00f3n gram\u00e1tico-textual espa\u00f1ola (1771-1973)<\/strong>\u00ab<\/h3>\n<ul>\n<li><strong>T\u00edtulo de la tesis:<\/strong>\u00a0 El subjuntivo en la tradici\u00f3n gram\u00e1tico-textual espa\u00f1ola (1771-1973) <\/li>\n<li><strong>Autor:<\/strong>\u00a0 Alfonso Zamorano Aguilar <\/li>\n<li><strong>Universidad:<\/strong>\u00a0 C\u00f3rdoba<\/li>\n<li><strong>Fecha de lectura de la tesis:<\/strong>\u00a0 18\/12\/2002<\/li>\n<\/ul>\n<p>&nbsp;<\/p>\n<h3>Direcci\u00f3n y tribunal<\/h3>\n<ul>\n<li><strong>Director de la tesis<\/strong>\n<ul>\n<li>Mar\u00eda  Luisa Calero Vaquera<\/li>\n<\/ul>\n<\/li>\n<li><strong>Tribunal<\/strong>\n<ul>\n<li>Presidente del tribunal: joaquin Mellado rodriguez <\/li>\n<li> De molina redondo  Jos\u00e9 Andr\u00e9s (vocal)<\/li>\n<li>feliciano Delgado leon (vocal)<\/li>\n<li>margarita Lliteras poncel (vocal)<\/li>\n<\/ul>\n<\/li>\n<\/ul>\n<p>&nbsp;<\/p>\n","protected":false},"excerpt":{"rendered":"<p>Tesis doctoral de Alfonso Zamorano Aguilar La presente tesis doctoral se inscribe en el marco de la historiograf\u00eda ling\u00ed\u00bc\u00edstica interna [&hellip;]<\/p>\n","protected":false},"author":1,"featured_media":0,"comment_status":"open","ping_status":"open","sticky":false,"template":"","format":"standard","meta":{"site-sidebar-layout":"default","site-content-layout":"","ast-site-content-layout":"","site-content-style":"default","site-sidebar-style":"default","ast-global-header-display":"","ast-banner-title-visibility":"","ast-main-header-display":"","ast-hfb-above-header-display":"","ast-hfb-below-header-display":"","ast-hfb-mobile-header-display":"","site-post-title":"","ast-breadcrumbs-content":"","ast-featured-img":"","footer-sml-layout":"","theme-transparent-header-meta":"","adv-header-id-meta":"","stick-header-meta":"","header-above-stick-meta":"","header-main-stick-meta":"","header-below-stick-meta":"","astra-migrate-meta-layouts":"default","ast-page-background-enabled":"default","ast-page-background-meta":{"desktop":{"background-color":"var(--ast-global-color-4)","background-image":"","background-repeat":"repeat","background-position":"center center","background-size":"auto","background-attachment":"scroll","background-type":"","background-media":"","overlay-type":"","overlay-color":"","overlay-gradient":""},"tablet":{"background-color":"","background-image":"","background-repeat":"repeat","background-position":"center center","background-size":"auto","background-attachment":"scroll","background-type":"","background-media":"","overlay-type":"","overlay-color":"","overlay-gradient":""},"mobile":{"background-color":"","background-image":"","background-repeat":"repeat","background-position":"center center","background-size":"auto","background-attachment":"scroll","background-type":"","background-media":"","overlay-type":"","overlay-color":"","overlay-gradient":""}},"ast-content-background-meta":{"desktop":{"background-color":"var(--ast-global-color-5)","background-image":"","background-repeat":"repeat","background-position":"center center","background-size":"auto","background-attachment":"scroll","background-type":"","background-media":"","overlay-type":"","overlay-color":"","overlay-gradient":""},"tablet":{"background-color":"var(--ast-global-color-5)","background-image":"","background-repeat":"repeat","background-position":"center center","background-size":"auto","background-attachment":"scroll","background-type":"","background-media":"","overlay-type":"","overlay-color":"","overlay-gradient":""},"mobile":{"background-color":"var(--ast-global-color-5)","background-image":"","background-repeat":"repeat","background-position":"center center","background-size":"auto","background-attachment":"scroll","background-type":"","background-media":"","overlay-type":"","overlay-color":"","overlay-gradient":""}},"footnotes":""},"categories":[973,104,3824,222],"tags":[63169,1517,2102,2371,63170,40532],"class_list":["post-20821","post","type-post","status-publish","format-standard","hentry","category-cordoba","category-historia","category-historia-de-la-linguistica","category-historias-especializadas","tag-alfonso-zamorano-aguilar","tag-de-molina-redondo-jose-andres","tag-feliciano-delgado-leon","tag-joaquin-mellado-rodriguez","tag-margarita-lliteras-poncel","tag-maria-luisa-calero-vaquera"],"_links":{"self":[{"href":"https:\/\/www.deberes.net\/tesis\/wp-json\/wp\/v2\/posts\/20821","targetHints":{"allow":["GET"]}}],"collection":[{"href":"https:\/\/www.deberes.net\/tesis\/wp-json\/wp\/v2\/posts"}],"about":[{"href":"https:\/\/www.deberes.net\/tesis\/wp-json\/wp\/v2\/types\/post"}],"author":[{"embeddable":true,"href":"https:\/\/www.deberes.net\/tesis\/wp-json\/wp\/v2\/users\/1"}],"replies":[{"embeddable":true,"href":"https:\/\/www.deberes.net\/tesis\/wp-json\/wp\/v2\/comments?post=20821"}],"version-history":[{"count":0,"href":"https:\/\/www.deberes.net\/tesis\/wp-json\/wp\/v2\/posts\/20821\/revisions"}],"wp:attachment":[{"href":"https:\/\/www.deberes.net\/tesis\/wp-json\/wp\/v2\/media?parent=20821"}],"wp:term":[{"taxonomy":"category","embeddable":true,"href":"https:\/\/www.deberes.net\/tesis\/wp-json\/wp\/v2\/categories?post=20821"},{"taxonomy":"post_tag","embeddable":true,"href":"https:\/\/www.deberes.net\/tesis\/wp-json\/wp\/v2\/tags?post=20821"}],"curies":[{"name":"wp","href":"https:\/\/api.w.org\/{rel}","templated":true}]}}