{"id":20839,"date":"2018-03-09T09:10:21","date_gmt":"2018-03-09T09:10:21","guid":{"rendered":"https:\/\/www.deberes.net\/tesis\/sin-categoria\/la-educacion-en-el-virreinato-de-peru-escuelas-de-primeras-letras-1545-1821\/"},"modified":"2018-03-09T09:10:21","modified_gmt":"2018-03-09T09:10:21","slug":"la-educacion-en-el-virreinato-de-peru-escuelas-de-primeras-letras-1545-1821","status":"publish","type":"post","link":"https:\/\/www.deberes.net\/tesis\/sin-categoria\/la-educacion-en-el-virreinato-de-peru-escuelas-de-primeras-letras-1545-1821\/","title":{"rendered":"La educaci\u00f3n en el virreinato de per\u00fa: escuelas de primeras letras (1545-1821)"},"content":{"rendered":"<h2>Tesis doctoral de <strong>  Ayuso Manso M. Jes\u00fas <\/strong><\/h2>\n<p>La presente tesis trata sobre la historia de la educaci\u00f3n en per\u00fa, durante el virreinato, es decir durante el periodo en el que per\u00fa pertenece a espa\u00f1a. estudia el nacimiento y desarrollo de las escuelas de primeras letras desde 1545 en que se funda el virreinato hasta 1821 en que se proclama la independencia.  tras un breve estudio sociol\u00f3gico e hist\u00f3rico, se desarrollan ampliamente las escuelas elementales empezando con las de maestros seglares de lima, continuando con las de religiosos, los internados cuyo nivel escolar es el primario y por \u00faltimo las escuelas de ni\u00f1as. Hemos desarrollado tambi\u00e9n los contenidos educativos de las primeras letras, el material utilizado, la metodolog\u00eda seguida, etc.  representa una contribuci\u00f3n importante a la historia general, y en especial a la historia de la educaci\u00f3n, da a conocer un aspecto de la actuaci\u00f3n educativa, hasta hoy desconocido.<\/p>\n<p>&nbsp;<\/p>\n<h3>Datos acad\u00e9micos de la tesis doctoral \u00ab<strong>La educaci\u00f3n en el virreinato de per\u00fa: escuelas de primeras letras (1545-1821)<\/strong>\u00ab<\/h3>\n<ul>\n<li><strong>T\u00edtulo de la tesis:<\/strong>\u00a0 La educaci\u00f3n en el virreinato de per\u00fa: escuelas de primeras letras (1545-1821) <\/li>\n<li><strong>Autor:<\/strong>\u00a0  Ayuso Manso M. Jes\u00fas <\/li>\n<li><strong>Universidad:<\/strong>\u00a0 Complutense de Madrid<\/li>\n<li><strong>Fecha de lectura de la tesis:<\/strong>\u00a0 18\/12\/2002<\/li>\n<\/ul>\n<p>&nbsp;<\/p>\n<h3>Direcci\u00f3n y tribunal<\/h3>\n<ul>\n<li><strong>Director de la tesis<\/strong>\n<ul>\n<li> Valle L\u00f3pez Angela Del<\/li>\n<\/ul>\n<\/li>\n<li><strong>Tribunal<\/strong>\n<ul>\n<li>Presidente del tribunal: Mar\u00eda  carmen Labrador herr\u00e1iz <\/li>\n<li>gloria Perez serrano (vocal)<\/li>\n<li>Jos\u00e9 Crespo vasco (vocal)<\/li>\n<li>margarita Bartolom\u00e9 pina (vocal)<\/li>\n<\/ul>\n<\/li>\n<\/ul>\n<p>&nbsp;<\/p>\n","protected":false},"excerpt":{"rendered":"<p>Tesis doctoral de Ayuso Manso M. Jes\u00fas La presente tesis trata sobre la historia de la educaci\u00f3n en per\u00fa, durante [&hellip;]<\/p>\n","protected":false},"author":1,"featured_media":0,"comment_status":"open","ping_status":"open","sticky":false,"template":"","format":"standard","meta":{"site-sidebar-layout":"default","site-content-layout":"","ast-site-content-layout":"","site-content-style":"default","site-sidebar-style":"default","ast-global-header-display":"","ast-banner-title-visibility":"","ast-main-header-display":"","ast-hfb-above-header-display":"","ast-hfb-below-header-display":"","ast-hfb-mobile-header-display":"","site-post-title":"","ast-breadcrumbs-content":"","ast-featured-img":"","footer-sml-layout":"","theme-transparent-header-meta":"","adv-header-id-meta":"","stick-header-meta":"","header-above-stick-meta":"","header-main-stick-meta":"","header-below-stick-meta":"","astra-migrate-meta-layouts":"default","ast-page-background-enabled":"default","ast-page-background-meta":{"desktop":{"background-color":"var(--ast-global-color-4)","background-image":"","background-repeat":"repeat","background-position":"center center","background-size":"auto","background-attachment":"scroll","background-type":"","background-media":"","overlay-type":"","overlay-color":"","overlay-gradient":""},"tablet":{"background-color":"","background-image":"","background-repeat":"repeat","background-position":"center center","background-size":"auto","background-attachment":"scroll","background-type":"","background-media":"","overlay-type":"","overlay-color":"","overlay-gradient":""},"mobile":{"background-color":"","background-image":"","background-repeat":"repeat","background-position":"center center","background-size":"auto","background-attachment":"scroll","background-type":"","background-media":"","overlay-type":"","overlay-color":"","overlay-gradient":""}},"ast-content-background-meta":{"desktop":{"background-color":"var(--ast-global-color-5)","background-image":"","background-repeat":"repeat","background-position":"center center","background-size":"auto","background-attachment":"scroll","background-type":"","background-media":"","overlay-type":"","overlay-color":"","overlay-gradient":""},"tablet":{"background-color":"var(--ast-global-color-5)","background-image":"","background-repeat":"repeat","background-position":"center center","background-size":"auto","background-attachment":"scroll","background-type":"","background-media":"","overlay-type":"","overlay-color":"","overlay-gradient":""},"mobile":{"background-color":"var(--ast-global-color-5)","background-image":"","background-repeat":"repeat","background-position":"center center","background-size":"auto","background-attachment":"scroll","background-type":"","background-media":"","overlay-type":"","overlay-color":"","overlay-gradient":""}},"footnotes":""},"categories":[1],"tags":[63209,2628,5841,13978,7695,22781],"class_list":["post-20839","post","type-post","status-publish","format-standard","hentry","category-sin-categoria","tag-ayuso-manso-m-jesus","tag-gloria-perez-serrano","tag-jose-crespo-vasco","tag-margarita-bartolome-pina","tag-maria-carmen-labrador-herraiz","tag-valle-lopez-angela-del"],"_links":{"self":[{"href":"https:\/\/www.deberes.net\/tesis\/wp-json\/wp\/v2\/posts\/20839","targetHints":{"allow":["GET"]}}],"collection":[{"href":"https:\/\/www.deberes.net\/tesis\/wp-json\/wp\/v2\/posts"}],"about":[{"href":"https:\/\/www.deberes.net\/tesis\/wp-json\/wp\/v2\/types\/post"}],"author":[{"embeddable":true,"href":"https:\/\/www.deberes.net\/tesis\/wp-json\/wp\/v2\/users\/1"}],"replies":[{"embeddable":true,"href":"https:\/\/www.deberes.net\/tesis\/wp-json\/wp\/v2\/comments?post=20839"}],"version-history":[{"count":0,"href":"https:\/\/www.deberes.net\/tesis\/wp-json\/wp\/v2\/posts\/20839\/revisions"}],"wp:attachment":[{"href":"https:\/\/www.deberes.net\/tesis\/wp-json\/wp\/v2\/media?parent=20839"}],"wp:term":[{"taxonomy":"category","embeddable":true,"href":"https:\/\/www.deberes.net\/tesis\/wp-json\/wp\/v2\/categories?post=20839"},{"taxonomy":"post_tag","embeddable":true,"href":"https:\/\/www.deberes.net\/tesis\/wp-json\/wp\/v2\/tags?post=20839"}],"curies":[{"name":"wp","href":"https:\/\/api.w.org\/{rel}","templated":true}]}}