{"id":20867,"date":"2018-03-09T09:10:24","date_gmt":"2018-03-09T09:10:24","guid":{"rendered":"https:\/\/www.deberes.net\/tesis\/sin-categoria\/la-poesa%c2%ada-de-joseph-brodsky-analisis-de-a-part-of-speech\/"},"modified":"2018-03-09T09:10:24","modified_gmt":"2018-03-09T09:10:24","slug":"la-poesa%c2%ada-de-joseph-brodsky-analisis-de-a-part-of-speech","status":"publish","type":"post","link":"https:\/\/www.deberes.net\/tesis\/navarra\/la-poesa%c2%ada-de-joseph-brodsky-analisis-de-a-part-of-speech\/","title":{"rendered":"La poes\u00edade joseph brodsky. an\u00e1lisis de \u00aba part of speech\u00bb"},"content":{"rendered":"<h2>Tesis doctoral de <strong> Antonio Mart\u00ednez Ill\u00e1n <\/strong><\/h2>\n<p>Esta investigaci\u00f3n tiene por objeto el estudio de \u00aba part of speech\u00bb un poemario escrito por joseph brodsky (1940-1996), poeta ruso, obligado a exiliarse de la uni\u00f3n sovi\u00e9tica en 1972 y que desde entonces vivi\u00f3 en estados unidos. El an\u00e1lisis parte de un estudio de los contextos y busca establecer algunas claves del pensamiento po\u00e9tico de este autor a parti8r de estudio cr\u00edtico de sus poemas. En concreto de un ciclo de 15 poemas escritos entre 1975 y 1976 y que muestran la relaci\u00f3n del poeta con el lenguaje, con el exilio y con la poes\u00eda.  en el primer cap\u00edtulo se introducen algunos rasgos del contexto en el que se produjo la obra: los datos biogr\u00e1ficos, el contexto hist\u00f3rico y la tradici\u00f3n literaria en el que brodsky se form\u00f3 como poeta y, finalmente, la historia del libro en el se encuentran los poemas analizados.  el segundo cap\u00edtulo est\u00e1 dedicado al an\u00e1lisis de los poemas. Cada poema es tomado como unidad y son descritos los niveles ling\u00ed\u00bc\u00edsticos que los conforman: la prosodia, el l\u00e9xico, la morfolog\u00eda, la sintaxis y el nivel sem\u00e1ntico. Procedimiendo en todo momento de lo concreto a lo abstracto.  en el cap\u00edtulo final se ponen en relaci\u00f3n las ideas de brodsly sobre la poes\u00eda, el tiempo el lenguaje con los versos estudiados. Se explica la noci\u00f3n de la poes\u00eda como un modo de pensamiento sint\u00e9tico y, tambi\u00e9n, la unidad del ciclo como distintos momentos de un di\u00e1logo que le poeta mantiene con la lengua y con el tiempo.<\/p>\n<p>&nbsp;<\/p>\n<h3>Datos acad\u00e9micos de la tesis doctoral \u00ab<strong>La poes\u00edade joseph brodsky. an\u00e1lisis de \u00aba part of speech\u00bb<\/strong>\u00ab<\/h3>\n<ul>\n<li><strong>T\u00edtulo de la tesis:<\/strong>\u00a0 La poes\u00edade joseph brodsky. an\u00e1lisis de \u00aba part of speech\u00bb <\/li>\n<li><strong>Autor:<\/strong>\u00a0 Antonio Mart\u00ednez Ill\u00e1n <\/li>\n<li><strong>Universidad:<\/strong>\u00a0 Navarra<\/li>\n<li><strong>Fecha de lectura de la tesis:<\/strong>\u00a0 18\/12\/2002<\/li>\n<\/ul>\n<p>&nbsp;<\/p>\n<h3>Direcci\u00f3n y tribunal<\/h3>\n<ul>\n<li><strong>Director de la tesis<\/strong>\n<ul>\n<li>\u00e1lvaro Mar\u00eda De La Rica Aranguren<\/li>\n<\/ul>\n<\/li>\n<li><strong>Tribunal<\/strong>\n<ul>\n<li>Presidente del tribunal: Jaime Siles ruiz <\/li>\n<li>\u00c1lvaro Ferrari ojeda (vocal)<\/li>\n<li>pedro Luis Ladr\u00f3n de guevara mellado (vocal)<\/li>\n<li>eduardo Terrasa messuti (vocal)<\/li>\n<\/ul>\n<\/li>\n<\/ul>\n<p>&nbsp;<\/p>\n","protected":false},"excerpt":{"rendered":"<p>Tesis doctoral de Antonio Mart\u00ednez Ill\u00e1n Esta investigaci\u00f3n tiene por objeto el estudio de \u00aba part of speech\u00bb un poemario [&hellip;]<\/p>\n","protected":false},"author":1,"featured_media":0,"comment_status":"open","ping_status":"open","sticky":false,"template":"","format":"standard","meta":{"site-sidebar-layout":"default","site-content-layout":"","ast-site-content-layout":"","site-content-style":"default","site-sidebar-style":"default","ast-global-header-display":"","ast-banner-title-visibility":"","ast-main-header-display":"","ast-hfb-above-header-display":"","ast-hfb-below-header-display":"","ast-hfb-mobile-header-display":"","site-post-title":"","ast-breadcrumbs-content":"","ast-featured-img":"","footer-sml-layout":"","theme-transparent-header-meta":"","adv-header-id-meta":"","stick-header-meta":"","header-above-stick-meta":"","header-main-stick-meta":"","header-below-stick-meta":"","astra-migrate-meta-layouts":"default","ast-page-background-enabled":"default","ast-page-background-meta":{"desktop":{"background-color":"var(--ast-global-color-4)","background-image":"","background-repeat":"repeat","background-position":"center center","background-size":"auto","background-attachment":"scroll","background-type":"","background-media":"","overlay-type":"","overlay-color":"","overlay-gradient":""},"tablet":{"background-color":"","background-image":"","background-repeat":"repeat","background-position":"center center","background-size":"auto","background-attachment":"scroll","background-type":"","background-media":"","overlay-type":"","overlay-color":"","overlay-gradient":""},"mobile":{"background-color":"","background-image":"","background-repeat":"repeat","background-position":"center center","background-size":"auto","background-attachment":"scroll","background-type":"","background-media":"","overlay-type":"","overlay-color":"","overlay-gradient":""}},"ast-content-background-meta":{"desktop":{"background-color":"var(--ast-global-color-5)","background-image":"","background-repeat":"repeat","background-position":"center center","background-size":"auto","background-attachment":"scroll","background-type":"","background-media":"","overlay-type":"","overlay-color":"","overlay-gradient":""},"tablet":{"background-color":"var(--ast-global-color-5)","background-image":"","background-repeat":"repeat","background-position":"center center","background-size":"auto","background-attachment":"scroll","background-type":"","background-media":"","overlay-type":"","overlay-color":"","overlay-gradient":""},"mobile":{"background-color":"var(--ast-global-color-5)","background-image":"","background-repeat":"repeat","background-position":"center center","background-size":"auto","background-attachment":"scroll","background-type":"","background-media":"","overlay-type":"","overlay-color":"","overlay-gradient":""}},"footnotes":""},"categories":[17749],"tags":[63273,53873,63272,36458,25770,3272],"class_list":["post-20867","post","type-post","status-publish","format-standard","hentry","category-navarra","tag-alvaro-ferrari-ojeda","tag-alvaro-maria-de-la-rica-aranguren","tag-antonio-Martinez-illan","tag-eduardo-terrasa-messuti","tag-jaime-siles-ruiz","tag-pedro-luis-ladron-de-guevara-mellado"],"_links":{"self":[{"href":"https:\/\/www.deberes.net\/tesis\/wp-json\/wp\/v2\/posts\/20867","targetHints":{"allow":["GET"]}}],"collection":[{"href":"https:\/\/www.deberes.net\/tesis\/wp-json\/wp\/v2\/posts"}],"about":[{"href":"https:\/\/www.deberes.net\/tesis\/wp-json\/wp\/v2\/types\/post"}],"author":[{"embeddable":true,"href":"https:\/\/www.deberes.net\/tesis\/wp-json\/wp\/v2\/users\/1"}],"replies":[{"embeddable":true,"href":"https:\/\/www.deberes.net\/tesis\/wp-json\/wp\/v2\/comments?post=20867"}],"version-history":[{"count":0,"href":"https:\/\/www.deberes.net\/tesis\/wp-json\/wp\/v2\/posts\/20867\/revisions"}],"wp:attachment":[{"href":"https:\/\/www.deberes.net\/tesis\/wp-json\/wp\/v2\/media?parent=20867"}],"wp:term":[{"taxonomy":"category","embeddable":true,"href":"https:\/\/www.deberes.net\/tesis\/wp-json\/wp\/v2\/categories?post=20867"},{"taxonomy":"post_tag","embeddable":true,"href":"https:\/\/www.deberes.net\/tesis\/wp-json\/wp\/v2\/tags?post=20867"}],"curies":[{"name":"wp","href":"https:\/\/api.w.org\/{rel}","templated":true}]}}