{"id":20889,"date":"2018-03-09T09:10:26","date_gmt":"2018-03-09T09:10:26","guid":{"rendered":"https:\/\/www.deberes.net\/tesis\/sin-categoria\/incidencia-de-un-programa-de-intervencion-motriz-en-el-autoconcepto-de-ninos-con-paralisis-cerebral\/"},"modified":"2018-03-09T09:10:26","modified_gmt":"2018-03-09T09:10:26","slug":"incidencia-de-un-programa-de-intervencion-motriz-en-el-autoconcepto-de-ninos-con-paralisis-cerebral","status":"publish","type":"post","link":"https:\/\/www.deberes.net\/tesis\/psicologia\/incidencia-de-un-programa-de-intervencion-motriz-en-el-autoconcepto-de-ninos-con-paralisis-cerebral\/","title":{"rendered":"Incidencia de un programa de intervenci\u00f3n motriz en el autoconcepto de ni\u00f1os con par\u00e1lisis cerebral"},"content":{"rendered":"<h2>Tesis doctoral de <strong> Jos\u00e9 Gallego Antonio <\/strong><\/h2>\n<p>La baja o nula participaci\u00f3n activa del alumnado con discapacidad motora (par\u00e1lisis cerebral y espina b\u00edfida), con 10-11 a\u00f1os, escolarizados en educaci\u00f3n primaria, durante las clases de educaci\u00f3n f\u00edsica, tiempo de recreo y actividades extraescolares, suele producir una disminuci\u00f3n de la capacidad f\u00edsica y fisiol\u00f3gica, en el desarrollo motor, en las habilidades sociales y en el autoconcepto.  un programa de intervenci\u00f3n motriz escolar y extraescolar, dise\u00f1ado para mejorar la capacidad f\u00edsica, fisiol\u00f3gica y el autoconcepto se ha mostrado eficaz, produci\u00e9ndose un mayor nivel de participaci\u00f3n en el grupo-clase principalmente en las categor\u00edas observadas de ejecucci\u00f3n en tareas, tiempo de realizaci\u00f3n autonom\u00eda, dependencia y actitud.  por \u00faltimo, de este estudio surgen varias l\u00edneas de investigaci\u00f3n como la realizaci\u00f3n de estudios del clima social familiar, contextos normalizados de ense\u00f1anza-aprendizaje, as\u00ed como la necesidad de realizar estudios de car\u00e1cter interdisciplinar.<\/p>\n<p>&nbsp;<\/p>\n<h3>Datos acad\u00e9micos de la tesis doctoral \u00ab<strong>Incidencia de un programa de intervenci\u00f3n motriz en el autoconcepto de ni\u00f1os con par\u00e1lisis cerebral<\/strong>\u00ab<\/h3>\n<ul>\n<li><strong>T\u00edtulo de la tesis:<\/strong>\u00a0 Incidencia de un programa de intervenci\u00f3n motriz en el autoconcepto de ni\u00f1os con par\u00e1lisis cerebral <\/li>\n<li><strong>Autor:<\/strong>\u00a0 Jos\u00e9 Gallego Antonio <\/li>\n<li><strong>Universidad:<\/strong>\u00a0 Granada<\/li>\n<li><strong>Fecha de lectura de la tesis:<\/strong>\u00a0 19\/12\/2002<\/li>\n<\/ul>\n<p>&nbsp;<\/p>\n<h3>Direcci\u00f3n y tribunal<\/h3>\n<ul>\n<li><strong>Director de la tesis<\/strong>\n<ul>\n<li>Juan  Miguel Arr\u00e1ez Martinez<\/li>\n<\/ul>\n<\/li>\n<li><strong>Tribunal<\/strong>\n<ul>\n<li>Presidente del tribunal: eduardo Fern\u00e1ndez de haro <\/li>\n<li>david Padilla gongora (vocal)<\/li>\n<li>nuria Mendoza laiz (vocal)<\/li>\n<li>margarita Gomendio alberdi (vocal)<\/li>\n<\/ul>\n<\/li>\n<\/ul>\n<p>&nbsp;<\/p>\n","protected":false},"excerpt":{"rendered":"<p>Tesis doctoral de Jos\u00e9 Gallego Antonio La baja o nula participaci\u00f3n activa del alumnado con discapacidad motora (par\u00e1lisis cerebral y [&hellip;]<\/p>\n","protected":false},"author":1,"featured_media":0,"comment_status":"open","ping_status":"open","sticky":false,"template":"","format":"standard","meta":{"site-sidebar-layout":"default","site-content-layout":"","ast-site-content-layout":"","site-content-style":"default","site-sidebar-style":"default","ast-global-header-display":"","ast-banner-title-visibility":"","ast-main-header-display":"","ast-hfb-above-header-display":"","ast-hfb-below-header-display":"","ast-hfb-mobile-header-display":"","site-post-title":"","ast-breadcrumbs-content":"","ast-featured-img":"","footer-sml-layout":"","theme-transparent-header-meta":"","adv-header-id-meta":"","stick-header-meta":"","header-above-stick-meta":"","header-main-stick-meta":"","header-below-stick-meta":"","astra-migrate-meta-layouts":"default","ast-page-background-enabled":"default","ast-page-background-meta":{"desktop":{"background-color":"var(--ast-global-color-4)","background-image":"","background-repeat":"repeat","background-position":"center center","background-size":"auto","background-attachment":"scroll","background-type":"","background-media":"","overlay-type":"","overlay-color":"","overlay-gradient":""},"tablet":{"background-color":"","background-image":"","background-repeat":"repeat","background-position":"center center","background-size":"auto","background-attachment":"scroll","background-type":"","background-media":"","overlay-type":"","overlay-color":"","overlay-gradient":""},"mobile":{"background-color":"","background-image":"","background-repeat":"repeat","background-position":"center center","background-size":"auto","background-attachment":"scroll","background-type":"","background-media":"","overlay-type":"","overlay-color":"","overlay-gradient":""}},"ast-content-background-meta":{"desktop":{"background-color":"var(--ast-global-color-5)","background-image":"","background-repeat":"repeat","background-position":"center center","background-size":"auto","background-attachment":"scroll","background-type":"","background-media":"","overlay-type":"","overlay-color":"","overlay-gradient":""},"tablet":{"background-color":"var(--ast-global-color-5)","background-image":"","background-repeat":"repeat","background-position":"center center","background-size":"auto","background-attachment":"scroll","background-type":"","background-media":"","overlay-type":"","overlay-color":"","overlay-gradient":""},"mobile":{"background-color":"var(--ast-global-color-5)","background-image":"","background-repeat":"repeat","background-position":"center center","background-size":"auto","background-attachment":"scroll","background-type":"","background-media":"","overlay-type":"","overlay-color":"","overlay-gradient":""}},"footnotes":""},"categories":[3289,6222,1184,1141,324,970],"tags":[63334,3579,63333,35335,63336,63335],"class_list":["post-20889","post","type-post","status-publish","format-standard","hentry","category-deficiencia-mental-del-nino-y-del-adolescente","category-educacion-especial","category-organizacion-y-planificacion-de-la-educacion","category-pedagogia","category-psicologia","category-psicologia-del-nino-y-del-adolescente","tag-david-padilla-gongora","tag-eduardo-fernandez-de-haro","tag-jose-gallego-antonio","tag-juan-miguel-arraez-Martinez","tag-margarita-gomendio-alberdi","tag-nuria-mendoza-laiz"],"_links":{"self":[{"href":"https:\/\/www.deberes.net\/tesis\/wp-json\/wp\/v2\/posts\/20889","targetHints":{"allow":["GET"]}}],"collection":[{"href":"https:\/\/www.deberes.net\/tesis\/wp-json\/wp\/v2\/posts"}],"about":[{"href":"https:\/\/www.deberes.net\/tesis\/wp-json\/wp\/v2\/types\/post"}],"author":[{"embeddable":true,"href":"https:\/\/www.deberes.net\/tesis\/wp-json\/wp\/v2\/users\/1"}],"replies":[{"embeddable":true,"href":"https:\/\/www.deberes.net\/tesis\/wp-json\/wp\/v2\/comments?post=20889"}],"version-history":[{"count":0,"href":"https:\/\/www.deberes.net\/tesis\/wp-json\/wp\/v2\/posts\/20889\/revisions"}],"wp:attachment":[{"href":"https:\/\/www.deberes.net\/tesis\/wp-json\/wp\/v2\/media?parent=20889"}],"wp:term":[{"taxonomy":"category","embeddable":true,"href":"https:\/\/www.deberes.net\/tesis\/wp-json\/wp\/v2\/categories?post=20889"},{"taxonomy":"post_tag","embeddable":true,"href":"https:\/\/www.deberes.net\/tesis\/wp-json\/wp\/v2\/tags?post=20889"}],"curies":[{"name":"wp","href":"https:\/\/api.w.org\/{rel}","templated":true}]}}