{"id":20903,"date":"2018-03-09T09:10:27","date_gmt":"2018-03-09T09:10:27","guid":{"rendered":"https:\/\/www.deberes.net\/tesis\/sin-categoria\/articulacion-jurisdiccional-y-dinamica-socioeconomica-de-un-espacio-natural-la-cuenca-del-alberche-siglos-xii-xv\/"},"modified":"2018-03-09T09:10:27","modified_gmt":"2018-03-09T09:10:27","slug":"articulacion-jurisdiccional-y-dinamica-socioeconomica-de-un-espacio-natural-la-cuenca-del-alberche-siglos-xii-xv","status":"publish","type":"post","link":"https:\/\/www.deberes.net\/tesis\/sin-categoria\/articulacion-jurisdiccional-y-dinamica-socioeconomica-de-un-espacio-natural-la-cuenca-del-alberche-siglos-xii-xv\/","title":{"rendered":"Articulaci\u00f3n jurisdiccional y din\u00e1mica socioecon\u00f3mica de un espacio natural: la cuenca del alberche (siglos xii-xv)"},"content":{"rendered":"<h2>Tesis doctoral de <strong>  Garc\u00eda Garcimart\u00edn Hugo Joaquin <\/strong><\/h2>\n<p>A trav\u00e9s del estudio de un territorio concreto, la cuenca del alberche, se analizan diversos aspectos de la evoluci\u00f3n demogr\u00e1fica, econ\u00f3mica, social y jurisdiccional de la castilla bajomedieval. La importancia de este territorio radica en la coincidencia en el mismo espacio natural de distintos \u00e1mbitos de poder: concejil, nobiliario y mon\u00e1stico. Al estar situada en los extremos de los concejos de \u00e1vila, de segovia y del arzobispado de toledo, el trazado de los l\u00edmites territoriales de los tres \u00e1mbitos en los siglos xii y xiii fue complejo. Los peque\u00f1os se\u00f1or\u00edos que se crearon al sur de \u00e1vila marcaron el l\u00edmite a la expansi\u00f3n concejil y, al mismo tiempo, constituyeron zonas de expansi\u00f3n para la naciente nobleza urbana local y para la nueva nobleza del siglo xv (don \u00e1lvaro de luna, mendoza, pacheco, beltr\u00e1n de la cueva, &#8230;). En el caso de la nobleza local, su expansi\u00f3n fue consecuencia de las compras y de las usurpaciones de t\u00e9rminos comunales, coo las protagonizadas por los se\u00f1ores de las navas y villafranca. En este sentido, es interesante el estudio de la creaci\u00f3n y evoluci\u00f3n de los se\u00f1or\u00edos de la cuenca del alberche, como elementos de expansi\u00f3n y de bloqueo de los grandes concejos castellasno (\u00e1vila y segovia).  el car\u00e1cter fronterizo y su funci\u00f3n de lugar de paso fueron factores fundamentales a la hora de organizar el espacio durante la baja edad media. algunos de los elementos caracter\u00edsticos del valle del alberche (abundancia de espacios naturales, facilidad de tr\u00e1nsito, situaci\u00f3n estrat\u00e9gica) explican el desarrollo de determinadas actividades y las forma de articular el territorio: la garant\u00eda fue la actividad fundamental; la colonizaci\u00f3n se produjo tard\u00edamente y, en su momento inicial, fue protagonizada por monasterios, caso extraordinario en la transierra; el desarrollo del comercio y de cultivos o de explotaciones forestales con destino al mercado abulense o toledano (vino, madera, resina, &#8230;)<\/p>\n<p>&nbsp;<\/p>\n<h3>Datos acad\u00e9micos de la tesis doctoral \u00ab<strong>Articulaci\u00f3n jurisdiccional y din\u00e1mica socioecon\u00f3mica de un espacio natural: la cuenca del alberche (siglos xii-xv)<\/strong>\u00ab<\/h3>\n<ul>\n<li><strong>T\u00edtulo de la tesis:<\/strong>\u00a0 Articulaci\u00f3n jurisdiccional y din\u00e1mica socioecon\u00f3mica de un espacio natural: la cuenca del alberche (siglos xii-xv) <\/li>\n<li><strong>Autor:<\/strong>\u00a0  Garc\u00eda Garcimart\u00edn Hugo Joaquin <\/li>\n<li><strong>Universidad:<\/strong>\u00a0 Complutense de Madrid<\/li>\n<li><strong>Fecha de lectura de la tesis:<\/strong>\u00a0 19\/12\/2002<\/li>\n<\/ul>\n<p>&nbsp;<\/p>\n<h3>Direcci\u00f3n y tribunal<\/h3>\n<ul>\n<li><strong>Director de la tesis<\/strong>\n<ul>\n<li> Quintanilla Raso M. Concepci\u00f3n<\/li>\n<\/ul>\n<\/li>\n<li><strong>Tribunal<\/strong>\n<ul>\n<li>Presidente del tribunal: Miguel \u00e1ngel Ladero quesada <\/li>\n<li>enrique Cantera montenegro (vocal)<\/li>\n<li> Caunedo del potro betsabe (vocal)<\/li>\n<li>paulina L\u00f3pez pita (vocal)<\/li>\n<\/ul>\n<\/li>\n<\/ul>\n<p>&nbsp;<\/p>\n","protected":false},"excerpt":{"rendered":"<p>Tesis doctoral de Garc\u00eda Garcimart\u00edn Hugo Joaquin A trav\u00e9s del estudio de un territorio concreto, la cuenca del alberche, se [&hellip;]<\/p>\n","protected":false},"author":1,"featured_media":0,"comment_status":"open","ping_status":"open","sticky":false,"template":"","format":"standard","meta":{"site-sidebar-layout":"default","site-content-layout":"","ast-site-content-layout":"","site-content-style":"default","site-sidebar-style":"default","ast-global-header-display":"","ast-banner-title-visibility":"","ast-main-header-display":"","ast-hfb-above-header-display":"","ast-hfb-below-header-display":"","ast-hfb-mobile-header-display":"","site-post-title":"","ast-breadcrumbs-content":"","ast-featured-img":"","footer-sml-layout":"","theme-transparent-header-meta":"","adv-header-id-meta":"","stick-header-meta":"","header-above-stick-meta":"","header-main-stick-meta":"","header-below-stick-meta":"","astra-migrate-meta-layouts":"default","ast-page-background-enabled":"default","ast-page-background-meta":{"desktop":{"background-color":"var(--ast-global-color-4)","background-image":"","background-repeat":"repeat","background-position":"center center","background-size":"auto","background-attachment":"scroll","background-type":"","background-media":"","overlay-type":"","overlay-color":"","overlay-gradient":""},"tablet":{"background-color":"","background-image":"","background-repeat":"repeat","background-position":"center center","background-size":"auto","background-attachment":"scroll","background-type":"","background-media":"","overlay-type":"","overlay-color":"","overlay-gradient":""},"mobile":{"background-color":"","background-image":"","background-repeat":"repeat","background-position":"center center","background-size":"auto","background-attachment":"scroll","background-type":"","background-media":"","overlay-type":"","overlay-color":"","overlay-gradient":""}},"ast-content-background-meta":{"desktop":{"background-color":"var(--ast-global-color-5)","background-image":"","background-repeat":"repeat","background-position":"center center","background-size":"auto","background-attachment":"scroll","background-type":"","background-media":"","overlay-type":"","overlay-color":"","overlay-gradient":""},"tablet":{"background-color":"var(--ast-global-color-5)","background-image":"","background-repeat":"repeat","background-position":"center center","background-size":"auto","background-attachment":"scroll","background-type":"","background-media":"","overlay-type":"","overlay-color":"","overlay-gradient":""},"mobile":{"background-color":"var(--ast-global-color-5)","background-image":"","background-repeat":"repeat","background-position":"center center","background-size":"auto","background-attachment":"scroll","background-type":"","background-media":"","overlay-type":"","overlay-color":"","overlay-gradient":""}},"footnotes":""},"categories":[1],"tags":[61059,5300,63371,5296,63372,22716],"class_list":["post-20903","post","type-post","status-publish","format-standard","hentry","category-sin-categoria","tag-caunedo-del-potro-betsabe","tag-enrique-cantera-montenegro","tag-garcia-garcimartin-hugo-joaquin","tag-miguel-angel-ladero-quesada","tag-paulina-lopez-pita","tag-quintanilla-raso-m-concepcion"],"_links":{"self":[{"href":"https:\/\/www.deberes.net\/tesis\/wp-json\/wp\/v2\/posts\/20903","targetHints":{"allow":["GET"]}}],"collection":[{"href":"https:\/\/www.deberes.net\/tesis\/wp-json\/wp\/v2\/posts"}],"about":[{"href":"https:\/\/www.deberes.net\/tesis\/wp-json\/wp\/v2\/types\/post"}],"author":[{"embeddable":true,"href":"https:\/\/www.deberes.net\/tesis\/wp-json\/wp\/v2\/users\/1"}],"replies":[{"embeddable":true,"href":"https:\/\/www.deberes.net\/tesis\/wp-json\/wp\/v2\/comments?post=20903"}],"version-history":[{"count":0,"href":"https:\/\/www.deberes.net\/tesis\/wp-json\/wp\/v2\/posts\/20903\/revisions"}],"wp:attachment":[{"href":"https:\/\/www.deberes.net\/tesis\/wp-json\/wp\/v2\/media?parent=20903"}],"wp:term":[{"taxonomy":"category","embeddable":true,"href":"https:\/\/www.deberes.net\/tesis\/wp-json\/wp\/v2\/categories?post=20903"},{"taxonomy":"post_tag","embeddable":true,"href":"https:\/\/www.deberes.net\/tesis\/wp-json\/wp\/v2\/tags?post=20903"}],"curies":[{"name":"wp","href":"https:\/\/api.w.org\/{rel}","templated":true}]}}