{"id":20906,"date":"2018-03-09T09:10:27","date_gmt":"2018-03-09T09:10:27","guid":{"rendered":"https:\/\/www.deberes.net\/tesis\/sin-categoria\/analisis-de-la-adaptacion-de-los-libros-de-texto-de-e-s-o-al-curra%c2%adculo-oficial-en-el-campo-de-la-qua%c2%admica\/"},"modified":"2018-03-09T09:10:27","modified_gmt":"2018-03-09T09:10:27","slug":"analisis-de-la-adaptacion-de-los-libros-de-texto-de-e-s-o-al-curra%c2%adculo-oficial-en-el-campo-de-la-qua%c2%admica","status":"publish","type":"post","link":"https:\/\/www.deberes.net\/tesis\/sin-categoria\/analisis-de-la-adaptacion-de-los-libros-de-texto-de-e-s-o-al-curra%c2%adculo-oficial-en-el-campo-de-la-qua%c2%admica\/","title":{"rendered":"An\u00e1lisis de la adaptaci\u00f3n de los libros de texto de e.s.o. al curr\u00edculo oficial, en el campo de la qu\u00edmica"},"content":{"rendered":"<h2>Tesis doctoral de <strong>  Calvo Pascual M. Araceli <\/strong><\/h2>\n<p>Se compone de dos partes: una primera parte te\u00f3rica, en la que se hace una revisi\u00f3n tanto de la legislaci\u00f3n relativa a la eso y a los libros de texto, como de la bibliograf\u00eda existente sobre la investigaci\u00f3n del libro de texto.  en una segunda parte; emp\u00edrica, se elabora una ficha y una plantilla para analizar los temas qu\u00edmicos presentes en los libros de texto de eso de editoriales de amplia difusi\u00f3n, y poder conocer cual es la extensi\u00f3n y secuenciaci\u00f3n dada a la qu\u00edmica  por cada editorial y el tratamiento dado a los distintos tipos de contenidos en relaci\u00f3n a las actividades, las ilustraciones y otros aspectos como ideas previas, temas transversales, interdisciplinariedad, concexi\u00f3n entre los distintos temas, analogias, referencias hist\u00f3ricas e inexactitudes y errores que permitan comprobar el grado de consecuencia de los objetivos generales de etapa y de \u00e1rea.<\/p>\n<p>&nbsp;<\/p>\n<h3>Datos acad\u00e9micos de la tesis doctoral \u00ab<strong>An\u00e1lisis de la adaptaci\u00f3n de los libros de texto de e.s.o. al curr\u00edculo oficial, en el campo de la qu\u00edmica<\/strong>\u00ab<\/h3>\n<ul>\n<li><strong>T\u00edtulo de la tesis:<\/strong>\u00a0 An\u00e1lisis de la adaptaci\u00f3n de los libros de texto de e.s.o. al curr\u00edculo oficial, en el campo de la qu\u00edmica <\/li>\n<li><strong>Autor:<\/strong>\u00a0  Calvo Pascual M. Araceli <\/li>\n<li><strong>Universidad:<\/strong>\u00a0 Complutense de Madrid<\/li>\n<li><strong>Fecha de lectura de la tesis:<\/strong>\u00a0 19\/12\/2002<\/li>\n<\/ul>\n<p>&nbsp;<\/p>\n<h3>Direcci\u00f3n y tribunal<\/h3>\n<ul>\n<li><strong>Director de la tesis<\/strong>\n<ul>\n<li>Manuela Mart\u00edn S\u00e1nchez<\/li>\n<\/ul>\n<\/li>\n<li><strong>Tribunal<\/strong>\n<ul>\n<li>Presidente del tribunal: Antonio Bautista garcia vera <\/li>\n<li>isabel Brincones calvo (vocal)<\/li>\n<li>Juan  gabriel Morcillo  ortega (vocal)<\/li>\n<li>Marta Ruiz corbella (vocal)<\/li>\n<\/ul>\n<\/li>\n<\/ul>\n<p>&nbsp;<\/p>\n","protected":false},"excerpt":{"rendered":"<p>Tesis doctoral de Calvo Pascual M. Araceli Se compone de dos partes: una primera parte te\u00f3rica, en la que se [&hellip;]<\/p>\n","protected":false},"author":1,"featured_media":0,"comment_status":"open","ping_status":"open","sticky":false,"template":"","format":"standard","meta":{"site-sidebar-layout":"default","site-content-layout":"","ast-site-content-layout":"","site-content-style":"default","site-sidebar-style":"default","ast-global-header-display":"","ast-banner-title-visibility":"","ast-main-header-display":"","ast-hfb-above-header-display":"","ast-hfb-below-header-display":"","ast-hfb-mobile-header-display":"","site-post-title":"","ast-breadcrumbs-content":"","ast-featured-img":"","footer-sml-layout":"","theme-transparent-header-meta":"","adv-header-id-meta":"","stick-header-meta":"","header-above-stick-meta":"","header-main-stick-meta":"","header-below-stick-meta":"","astra-migrate-meta-layouts":"default","ast-page-background-enabled":"default","ast-page-background-meta":{"desktop":{"background-color":"var(--ast-global-color-4)","background-image":"","background-repeat":"repeat","background-position":"center center","background-size":"auto","background-attachment":"scroll","background-type":"","background-media":"","overlay-type":"","overlay-color":"","overlay-gradient":""},"tablet":{"background-color":"","background-image":"","background-repeat":"repeat","background-position":"center center","background-size":"auto","background-attachment":"scroll","background-type":"","background-media":"","overlay-type":"","overlay-color":"","overlay-gradient":""},"mobile":{"background-color":"","background-image":"","background-repeat":"repeat","background-position":"center center","background-size":"auto","background-attachment":"scroll","background-type":"","background-media":"","overlay-type":"","overlay-color":"","overlay-gradient":""}},"ast-content-background-meta":{"desktop":{"background-color":"var(--ast-global-color-5)","background-image":"","background-repeat":"repeat","background-position":"center center","background-size":"auto","background-attachment":"scroll","background-type":"","background-media":"","overlay-type":"","overlay-color":"","overlay-gradient":""},"tablet":{"background-color":"var(--ast-global-color-5)","background-image":"","background-repeat":"repeat","background-position":"center center","background-size":"auto","background-attachment":"scroll","background-type":"","background-media":"","overlay-type":"","overlay-color":"","overlay-gradient":""},"mobile":{"background-color":"var(--ast-global-color-5)","background-image":"","background-repeat":"repeat","background-position":"center center","background-size":"auto","background-attachment":"scroll","background-type":"","background-media":"","overlay-type":"","overlay-color":"","overlay-gradient":""}},"footnotes":""},"categories":[1],"tags":[5521,63376,7732,63377,23828,63378],"class_list":["post-20906","post","type-post","status-publish","format-standard","hentry","category-sin-categoria","tag-antonio-bautista-garcia-vera","tag-calvo-pascual-m-araceli","tag-isabel-brincones-calvo","tag-juan-gabriel-morcillo-ortega","tag-manuela-martin-sanchez","tag-marta-ruiz-corbella"],"_links":{"self":[{"href":"https:\/\/www.deberes.net\/tesis\/wp-json\/wp\/v2\/posts\/20906","targetHints":{"allow":["GET"]}}],"collection":[{"href":"https:\/\/www.deberes.net\/tesis\/wp-json\/wp\/v2\/posts"}],"about":[{"href":"https:\/\/www.deberes.net\/tesis\/wp-json\/wp\/v2\/types\/post"}],"author":[{"embeddable":true,"href":"https:\/\/www.deberes.net\/tesis\/wp-json\/wp\/v2\/users\/1"}],"replies":[{"embeddable":true,"href":"https:\/\/www.deberes.net\/tesis\/wp-json\/wp\/v2\/comments?post=20906"}],"version-history":[{"count":0,"href":"https:\/\/www.deberes.net\/tesis\/wp-json\/wp\/v2\/posts\/20906\/revisions"}],"wp:attachment":[{"href":"https:\/\/www.deberes.net\/tesis\/wp-json\/wp\/v2\/media?parent=20906"}],"wp:term":[{"taxonomy":"category","embeddable":true,"href":"https:\/\/www.deberes.net\/tesis\/wp-json\/wp\/v2\/categories?post=20906"},{"taxonomy":"post_tag","embeddable":true,"href":"https:\/\/www.deberes.net\/tesis\/wp-json\/wp\/v2\/tags?post=20906"}],"curies":[{"name":"wp","href":"https:\/\/api.w.org\/{rel}","templated":true}]}}