{"id":20952,"date":"2018-03-09T09:10:30","date_gmt":"2018-03-09T09:10:30","guid":{"rendered":"https:\/\/www.deberes.net\/tesis\/sin-categoria\/degradacion-de-materiales-de-cordierita-en-las-atmosferas-de-combustion\/"},"modified":"2018-03-09T09:10:30","modified_gmt":"2018-03-09T09:10:30","slug":"degradacion-de-materiales-de-cordierita-en-las-atmosferas-de-combustion","status":"publish","type":"post","link":"https:\/\/www.deberes.net\/tesis\/carlos-iii-de-madrid\/degradacion-de-materiales-de-cordierita-en-las-atmosferas-de-combustion\/","title":{"rendered":"Degradacion de materiales de cordierita en las atmosferas de combustion"},"content":{"rendered":"<h2>Tesis doctoral de <strong> Eugenio Garcia Granados <\/strong><\/h2>\n<p>Se trata el comportamiento de quemadores de gas de cordierita para aplicaciones en calderas de calefacci\u00f3n estancas y modulables. El estudio se centra en un quemador  de placa perforada fabricado con un material poroso de cordierita, que es un silicato de magnesio y aluminio  y que posee un bajo coeficiente de dilataci\u00f3n t\u00e9rmica y una baja conductividad t\u00e9rmica por lo que es un buen candidato para este tipo de aplicaciones. Se hace un estudio exhaustivo de la cordierita: su estructura, propiedades y las palicaciones mas importantes. Se describe el proceso de combusti\u00f3n que tiene lugar en los quemadores de gas y los distintos materiales que se utilizan comercialmente. se detallan las caracter\u00edsticas fisicoqu\u00edmicas, los aspectos microestructurales y las propiedades mec\u00e1nicas y t\u00e9rmicas de la splacas cer\u00e1micas de cordierita utilizadas. Se estudian los cambios que se producen en los quemadores envejecidos en las c\u00e1maras de combusti\u00f3n dise\u00f1adas, con la finalidad de encontra par\u00e1metors que evidencien su deterioro. Se propone un mecanismo de degradaci\u00f3n para explicar el envejecimiento de los quemadores, sobre la base de los resultados experimentales expuestoe en el trabajo<\/p>\n<p>&nbsp;<\/p>\n<h3>Datos acad\u00e9micos de la tesis doctoral \u00ab<strong>Degradacion de materiales de cordierita en las atmosferas de combustion<\/strong>\u00ab<\/h3>\n<ul>\n<li><strong>T\u00edtulo de la tesis:<\/strong>\u00a0 Degradacion de materiales de cordierita en las atmosferas de combustion <\/li>\n<li><strong>Autor:<\/strong>\u00a0 Eugenio Garcia Granados <\/li>\n<li><strong>Universidad:<\/strong>\u00a0 Carlos III de Madrid<\/li>\n<li><strong>Fecha de lectura de la tesis:<\/strong>\u00a0 19\/12\/2002<\/li>\n<\/ul>\n<p>&nbsp;<\/p>\n<h3>Direcci\u00f3n y tribunal<\/h3>\n<ul>\n<li><strong>Director de la tesis<\/strong>\n<ul>\n<li> Osendi Miranda M. Isabel<\/li>\n<\/ul>\n<\/li>\n<li><strong>Tribunal<\/strong>\n<ul>\n<li>Presidente del tribunal: Jos\u00e9 manuel Torralba castello <\/li>\n<li>mercedes Gracia garcia (vocal)<\/li>\n<li>salvador De aza pend\u00e1s (vocal)<\/li>\n<li>Antonio Lozano fantoba (vocal)<\/li>\n<\/ul>\n<\/li>\n<\/ul>\n<p>&nbsp;<\/p>\n","protected":false},"excerpt":{"rendered":"<p>Tesis doctoral de Eugenio Garcia Granados Se trata el comportamiento de quemadores de gas de cordierita para aplicaciones en calderas [&hellip;]<\/p>\n","protected":false},"author":1,"featured_media":0,"comment_status":"open","ping_status":"open","sticky":false,"template":"","format":"standard","meta":{"site-sidebar-layout":"default","site-content-layout":"","ast-site-content-layout":"","site-content-style":"default","site-sidebar-style":"default","ast-global-header-display":"","ast-banner-title-visibility":"","ast-main-header-display":"","ast-hfb-above-header-display":"","ast-hfb-below-header-display":"","ast-hfb-mobile-header-display":"","site-post-title":"","ast-breadcrumbs-content":"","ast-featured-img":"","footer-sml-layout":"","theme-transparent-header-meta":"","adv-header-id-meta":"","stick-header-meta":"","header-above-stick-meta":"","header-main-stick-meta":"","header-below-stick-meta":"","astra-migrate-meta-layouts":"default","ast-page-background-enabled":"default","ast-page-background-meta":{"desktop":{"background-color":"var(--ast-global-color-4)","background-image":"","background-repeat":"repeat","background-position":"center center","background-size":"auto","background-attachment":"scroll","background-type":"","background-media":"","overlay-type":"","overlay-color":"","overlay-gradient":""},"tablet":{"background-color":"","background-image":"","background-repeat":"repeat","background-position":"center center","background-size":"auto","background-attachment":"scroll","background-type":"","background-media":"","overlay-type":"","overlay-color":"","overlay-gradient":""},"mobile":{"background-color":"","background-image":"","background-repeat":"repeat","background-position":"center center","background-size":"auto","background-attachment":"scroll","background-type":"","background-media":"","overlay-type":"","overlay-color":"","overlay-gradient":""}},"ast-content-background-meta":{"desktop":{"background-color":"var(--ast-global-color-5)","background-image":"","background-repeat":"repeat","background-position":"center center","background-size":"auto","background-attachment":"scroll","background-type":"","background-media":"","overlay-type":"","overlay-color":"","overlay-gradient":""},"tablet":{"background-color":"var(--ast-global-color-5)","background-image":"","background-repeat":"repeat","background-position":"center center","background-size":"auto","background-attachment":"scroll","background-type":"","background-media":"","overlay-type":"","overlay-color":"","overlay-gradient":""},"mobile":{"background-color":"var(--ast-global-color-5)","background-image":"","background-repeat":"repeat","background-position":"center center","background-size":"auto","background-attachment":"scroll","background-type":"","background-media":"","overlay-type":"","overlay-color":"","overlay-gradient":""}},"footnotes":""},"categories":[18550],"tags":[63498,63496,23017,24497,63497,18313],"class_list":["post-20952","post","type-post","status-publish","format-standard","hentry","category-carlos-iii-de-madrid","tag-antonio-lozano-fantoba","tag-eugenio-garcia-granados","tag-jose-manuel-torralba-castello","tag-mercedes-gracia-garcia","tag-osendi-miranda-m-isabel","tag-salvador-de-aza-pendas"],"_links":{"self":[{"href":"https:\/\/www.deberes.net\/tesis\/wp-json\/wp\/v2\/posts\/20952","targetHints":{"allow":["GET"]}}],"collection":[{"href":"https:\/\/www.deberes.net\/tesis\/wp-json\/wp\/v2\/posts"}],"about":[{"href":"https:\/\/www.deberes.net\/tesis\/wp-json\/wp\/v2\/types\/post"}],"author":[{"embeddable":true,"href":"https:\/\/www.deberes.net\/tesis\/wp-json\/wp\/v2\/users\/1"}],"replies":[{"embeddable":true,"href":"https:\/\/www.deberes.net\/tesis\/wp-json\/wp\/v2\/comments?post=20952"}],"version-history":[{"count":0,"href":"https:\/\/www.deberes.net\/tesis\/wp-json\/wp\/v2\/posts\/20952\/revisions"}],"wp:attachment":[{"href":"https:\/\/www.deberes.net\/tesis\/wp-json\/wp\/v2\/media?parent=20952"}],"wp:term":[{"taxonomy":"category","embeddable":true,"href":"https:\/\/www.deberes.net\/tesis\/wp-json\/wp\/v2\/categories?post=20952"},{"taxonomy":"post_tag","embeddable":true,"href":"https:\/\/www.deberes.net\/tesis\/wp-json\/wp\/v2\/tags?post=20952"}],"curies":[{"name":"wp","href":"https:\/\/api.w.org\/{rel}","templated":true}]}}