{"id":21002,"date":"2018-03-09T09:10:35","date_gmt":"2018-03-09T09:10:35","guid":{"rendered":"https:\/\/www.deberes.net\/tesis\/sin-categoria\/la-proteccion-publica-no-contributiva-frente-a-la-exclusion-social-analisis-jura%c2%addico-economico\/"},"modified":"2018-03-09T09:10:35","modified_gmt":"2018-03-09T09:10:35","slug":"la-proteccion-publica-no-contributiva-frente-a-la-exclusion-social-analisis-jura%c2%addico-economico","status":"publish","type":"post","link":"https:\/\/www.deberes.net\/tesis\/malaga\/la-proteccion-publica-no-contributiva-frente-a-la-exclusion-social-analisis-jura%c2%addico-economico\/","title":{"rendered":"La protecci\u00f3n p\u00fablica no contributiva frente a la exclusi\u00f3n social: an\u00e1lisis jur\u00eddico-econ\u00f3mico"},"content":{"rendered":"<h2>Tesis doctoral de <strong> Mar\u00eda  Mercedes Moreno Dominguez <\/strong><\/h2>\n<p>El objetivo inmediato de esta tesis doctoral es analizar el r\u00e9gimen jur\u00eddico de los programas de rentas m\u00ednimas de inserci\u00f3n que surgieron en las distintas comunidades aut\u00f3nomas del estado espa\u00f1ol entre 1989 y 1992. Siguiendo la metodolog\u00eda jur\u00eddica, sin perjuicio de su comprobaci\u00f3n emp\u00edrica posterior, en el cap\u00edtulo primero analizamos el hecho jur\u00eddico: las causas y el perfil de la pobreza, lo que nos lleva a los fundamentos del estado del bienestar, en la medida que ah\u00ed est\u00e1 el germen de su crisis.  en el cap\u00edtulo segundo y tercero haciendo uso de la interpretaci\u00f3n hist\u00f3rica, anal\u00f3gica y legislativa, analizamos respectivamente: las respuestas hist\u00f3ricas, anal\u00f3gica y legislativa, analizamos respectivamente: las respuestas hist\u00f3ricas al fen\u00f3meno de la pobreza, que inevitablemente nos remiten al estudio del origen y evoluci\u00f3n de los sistemas de seguridad social y de asistencia social, as\u00ed como a establecer las relaciones entre ambos frente al fen\u00f3meno de la pobreza, para posteriormente, analizar la respuesta del derecho comparado y su influencia en el ordenamiento jur\u00eddico interno. En el cap\u00edtulo cuarto y quinto, nuestro objetivo se centra, respectivamente, en determinar la existencia de un r\u00e9gimen jur\u00eddico com\u00fan a las diecisiete normativas auton\u00f3micas, asimilable a lo que se entiende por renta m\u00ednima en el contexto europeo, para despu\u00e9s concretar la diversidad normativa, explicativa de los diferentes grados de protecci\u00f3n que ofrece la legislaci\u00f3n a los que est\u00e1n en situaci\u00f3n de exclusi\u00f3n, as\u00ed como de las distinas concepciones sobre rentas m\u00ednimas que inspiran al legislador auton\u00f3mico.  analizado el r\u00e9gimen jur\u00eddico, pasamos a determinar el objetivo mediato: la viabilidad o no de las pol\u00edticas descentralizadas de protecci\u00f3n social, a trav\u00e9s del esfuerzo financiero realizado, de la cobertura efectivamente otorgada a los beneficiarios y de la contribuci\u00f3n a la distribuci\u00f3n de la renta, con la p<\/p>\n<p>&nbsp;<\/p>\n<h3>Datos acad\u00e9micos de la tesis doctoral \u00ab<strong>La protecci\u00f3n p\u00fablica no contributiva frente a la exclusi\u00f3n social: an\u00e1lisis jur\u00eddico-econ\u00f3mico<\/strong>\u00ab<\/h3>\n<ul>\n<li><strong>T\u00edtulo de la tesis:<\/strong>\u00a0 La protecci\u00f3n p\u00fablica no contributiva frente a la exclusi\u00f3n social: an\u00e1lisis jur\u00eddico-econ\u00f3mico <\/li>\n<li><strong>Autor:<\/strong>\u00a0 Mar\u00eda  Mercedes Moreno Dominguez <\/li>\n<li><strong>Universidad:<\/strong>\u00a0 M\u00e1laga<\/li>\n<li><strong>Fecha de lectura de la tesis:<\/strong>\u00a0 20\/12\/2002<\/li>\n<\/ul>\n<p>&nbsp;<\/p>\n<h3>Direcci\u00f3n y tribunal<\/h3>\n<ul>\n<li><strong>Director de la tesis<\/strong>\n<ul>\n<li>Jose Sanchez Maldonado<\/li>\n<\/ul>\n<\/li>\n<li><strong>Tribunal<\/strong>\n<ul>\n<li>Presidente del tribunal: Ana Mar\u00eda S\u00e1nchez tejeda <\/li>\n<li>Manuel Jaen Garc\u00eda (vocal)<\/li>\n<li>agustin Molina  morales (vocal)<\/li>\n<li>Juan  de dios Jim\u00e9nez aguilera (vocal)<\/li>\n<\/ul>\n<\/li>\n<\/ul>\n<p>&nbsp;<\/p>\n","protected":false},"excerpt":{"rendered":"<p>Tesis doctoral de Mar\u00eda Mercedes Moreno Dominguez El objetivo inmediato de esta tesis doctoral es analizar el r\u00e9gimen jur\u00eddico de [&hellip;]<\/p>\n","protected":false},"author":1,"featured_media":0,"comment_status":"open","ping_status":"open","sticky":false,"template":"","format":"standard","meta":{"site-sidebar-layout":"default","site-content-layout":"","ast-site-content-layout":"","site-content-style":"default","site-sidebar-style":"default","ast-global-header-display":"","ast-banner-title-visibility":"","ast-main-header-display":"","ast-hfb-above-header-display":"","ast-hfb-below-header-display":"","ast-hfb-mobile-header-display":"","site-post-title":"","ast-breadcrumbs-content":"","ast-featured-img":"","footer-sml-layout":"","theme-transparent-header-meta":"","adv-header-id-meta":"","stick-header-meta":"","header-above-stick-meta":"","header-main-stick-meta":"","header-below-stick-meta":"","astra-migrate-meta-layouts":"default","ast-page-background-enabled":"default","ast-page-background-meta":{"desktop":{"background-color":"var(--ast-global-color-4)","background-image":"","background-repeat":"repeat","background-position":"center center","background-size":"auto","background-attachment":"scroll","background-type":"","background-media":"","overlay-type":"","overlay-color":"","overlay-gradient":""},"tablet":{"background-color":"","background-image":"","background-repeat":"repeat","background-position":"center center","background-size":"auto","background-attachment":"scroll","background-type":"","background-media":"","overlay-type":"","overlay-color":"","overlay-gradient":""},"mobile":{"background-color":"","background-image":"","background-repeat":"repeat","background-position":"center center","background-size":"auto","background-attachment":"scroll","background-type":"","background-media":"","overlay-type":"","overlay-color":"","overlay-gradient":""}},"ast-content-background-meta":{"desktop":{"background-color":"var(--ast-global-color-5)","background-image":"","background-repeat":"repeat","background-position":"center center","background-size":"auto","background-attachment":"scroll","background-type":"","background-media":"","overlay-type":"","overlay-color":"","overlay-gradient":""},"tablet":{"background-color":"var(--ast-global-color-5)","background-image":"","background-repeat":"repeat","background-position":"center center","background-size":"auto","background-attachment":"scroll","background-type":"","background-media":"","overlay-type":"","overlay-color":"","overlay-gradient":""},"mobile":{"background-color":"var(--ast-global-color-5)","background-image":"","background-repeat":"repeat","background-position":"center center","background-size":"auto","background-attachment":"scroll","background-type":"","background-media":"","overlay-type":"","overlay-color":"","overlay-gradient":""}},"footnotes":""},"categories":[7834],"tags":[7993,47418,7994,19144,18913,63623],"class_list":["post-21002","post","type-post","status-publish","format-standard","hentry","category-malaga","tag-agustin-molina-morales","tag-ana-maria-sanchez-tejeda","tag-jose-sanchez-maldonado","tag-juan-de-dios-jimenez-aguilera","tag-manuel-jaen-garcia","tag-maria-mercedes-moreno-dominguez"],"_links":{"self":[{"href":"https:\/\/www.deberes.net\/tesis\/wp-json\/wp\/v2\/posts\/21002","targetHints":{"allow":["GET"]}}],"collection":[{"href":"https:\/\/www.deberes.net\/tesis\/wp-json\/wp\/v2\/posts"}],"about":[{"href":"https:\/\/www.deberes.net\/tesis\/wp-json\/wp\/v2\/types\/post"}],"author":[{"embeddable":true,"href":"https:\/\/www.deberes.net\/tesis\/wp-json\/wp\/v2\/users\/1"}],"replies":[{"embeddable":true,"href":"https:\/\/www.deberes.net\/tesis\/wp-json\/wp\/v2\/comments?post=21002"}],"version-history":[{"count":0,"href":"https:\/\/www.deberes.net\/tesis\/wp-json\/wp\/v2\/posts\/21002\/revisions"}],"wp:attachment":[{"href":"https:\/\/www.deberes.net\/tesis\/wp-json\/wp\/v2\/media?parent=21002"}],"wp:term":[{"taxonomy":"category","embeddable":true,"href":"https:\/\/www.deberes.net\/tesis\/wp-json\/wp\/v2\/categories?post=21002"},{"taxonomy":"post_tag","embeddable":true,"href":"https:\/\/www.deberes.net\/tesis\/wp-json\/wp\/v2\/tags?post=21002"}],"curies":[{"name":"wp","href":"https:\/\/api.w.org\/{rel}","templated":true}]}}