{"id":21049,"date":"2018-03-09T09:10:38","date_gmt":"2018-03-09T09:10:38","guid":{"rendered":"https:\/\/www.deberes.net\/tesis\/sin-categoria\/nulidad-y-sentencia-firme\/"},"modified":"2018-03-09T09:10:38","modified_gmt":"2018-03-09T09:10:38","slug":"nulidad-y-sentencia-firme","status":"publish","type":"post","link":"https:\/\/www.deberes.net\/tesis\/navarra\/nulidad-y-sentencia-firme\/","title":{"rendered":"Nulidad y sentencia firme"},"content":{"rendered":"<h2>Tesis doctoral de <strong>  Vileta Carbajal Karla Patricia Maribel <\/strong><\/h2>\n<p>El tema de las nulidades procesales ha cobrado actualidad a partir del establecimiento de mecanismos que permiten la denuncia de la nulidad incluso una vez que ya se haya emitido sentencia firme. La tesis defendida estudia los supuestos en los cuales sea posible esta denuncia de la nulidad. Previamente analiza los m\u00faltiples problemas que se originan al estudiar las categor\u00edas de las nulidades procesales desde el punto de vista sustantivo.  posteriormente se estudia la posible afectaci\u00f3n del principio de la subsanabilidad de las nulidades con la emisi\u00f3n de la sentencia firme y la relaci\u00f3n de equilibrio existente entre los valores jur\u00eddicos de justicia y seguridad jur\u00eddica, para lo cual se dedican unos apartados al estudio de la cosa juzgada, fundamento de la seguridad jur\u00eddica. Finalmente, en el tercer cap\u00edtulo se analiza la normativa establecida en el comportamiento jur\u00eddico espa\u00f1ol en lo referente al establecimiento del incidente de nulidad de actuaciones como medio de denuncia de nulidades emitida sentencia firme. las conclusiones a las que se llegan son que el principio de cosa juzgada no es absoluto y que \u00e9ste al igual que el establecimiento de las nulidades procesales tienen un fundamento valorativo eminentemente pr\u00e1ctico, por lo que su estudio se debe desarrollar en base de su regulaci\u00f3n concreta en los respectivos ordenamientos jur\u00eddicos y no en base de formulaciones puramente dogm\u00e1tica.<\/p>\n<p>&nbsp;<\/p>\n<h3>Datos acad\u00e9micos de la tesis doctoral \u00ab<strong>Nulidad y sentencia firme<\/strong>\u00ab<\/h3>\n<ul>\n<li><strong>T\u00edtulo de la tesis:<\/strong>\u00a0 Nulidad y sentencia firme <\/li>\n<li><strong>Autor:<\/strong>\u00a0  Vileta Carbajal Karla Patricia Maribel <\/li>\n<li><strong>Universidad:<\/strong>\u00a0 Navarra<\/li>\n<li><strong>Fecha de lectura de la tesis:<\/strong>\u00a0 20\/12\/2002<\/li>\n<\/ul>\n<p>&nbsp;<\/p>\n<h3>Direcci\u00f3n y tribunal<\/h3>\n<ul>\n<li><strong>Director de la tesis<\/strong>\n<ul>\n<li>Faustino Cord\u00f3n Moreno<\/li>\n<\/ul>\n<\/li>\n<li><strong>Tribunal<\/strong>\n<ul>\n<li>Presidente del tribunal: Jos\u00e9 Antonio Doral garcia de pazos <\/li>\n<li>pedro m. Garciand\u00eda gonz\u00e1lez (vocal)<\/li>\n<li>julio Muerza esparza (vocal)<\/li>\n<li>Mar\u00eda Marcos gonz\u00e1lez lecuona (vocal)<\/li>\n<\/ul>\n<\/li>\n<\/ul>\n<p>&nbsp;<\/p>\n","protected":false},"excerpt":{"rendered":"<p>Tesis doctoral de Vileta Carbajal Karla Patricia Maribel El tema de las nulidades procesales ha cobrado actualidad a partir del [&hellip;]<\/p>\n","protected":false},"author":1,"featured_media":0,"comment_status":"open","ping_status":"open","sticky":false,"template":"","format":"standard","meta":{"site-sidebar-layout":"default","site-content-layout":"","ast-site-content-layout":"","site-content-style":"default","site-sidebar-style":"default","ast-global-header-display":"","ast-banner-title-visibility":"","ast-main-header-display":"","ast-hfb-above-header-display":"","ast-hfb-below-header-display":"","ast-hfb-mobile-header-display":"","site-post-title":"","ast-breadcrumbs-content":"","ast-featured-img":"","footer-sml-layout":"","theme-transparent-header-meta":"","adv-header-id-meta":"","stick-header-meta":"","header-above-stick-meta":"","header-main-stick-meta":"","header-below-stick-meta":"","astra-migrate-meta-layouts":"default","ast-page-background-enabled":"default","ast-page-background-meta":{"desktop":{"background-color":"var(--ast-global-color-4)","background-image":"","background-repeat":"repeat","background-position":"center center","background-size":"auto","background-attachment":"scroll","background-type":"","background-media":"","overlay-type":"","overlay-color":"","overlay-gradient":""},"tablet":{"background-color":"","background-image":"","background-repeat":"repeat","background-position":"center center","background-size":"auto","background-attachment":"scroll","background-type":"","background-media":"","overlay-type":"","overlay-color":"","overlay-gradient":""},"mobile":{"background-color":"","background-image":"","background-repeat":"repeat","background-position":"center center","background-size":"auto","background-attachment":"scroll","background-type":"","background-media":"","overlay-type":"","overlay-color":"","overlay-gradient":""}},"ast-content-background-meta":{"desktop":{"background-color":"var(--ast-global-color-5)","background-image":"","background-repeat":"repeat","background-position":"center center","background-size":"auto","background-attachment":"scroll","background-type":"","background-media":"","overlay-type":"","overlay-color":"","overlay-gradient":""},"tablet":{"background-color":"var(--ast-global-color-5)","background-image":"","background-repeat":"repeat","background-position":"center center","background-size":"auto","background-attachment":"scroll","background-type":"","background-media":"","overlay-type":"","overlay-color":"","overlay-gradient":""},"mobile":{"background-color":"var(--ast-global-color-5)","background-image":"","background-repeat":"repeat","background-position":"center center","background-size":"auto","background-attachment":"scroll","background-type":"","background-media":"","overlay-type":"","overlay-color":"","overlay-gradient":""}},"footnotes":""},"categories":[17749],"tags":[17754,17913,17755,63745,37267,63744],"class_list":["post-21049","post","type-post","status-publish","format-standard","hentry","category-navarra","tag-faustino-cordon-moreno","tag-jose-antonio-doral-garcia-de-pazos","tag-julio-muerza-esparza","tag-maria-marcos-gonzalez-lecuona","tag-pedro-m-garciandia-gonzalez","tag-vileta-carbajal-karla-patricia-maribel"],"_links":{"self":[{"href":"https:\/\/www.deberes.net\/tesis\/wp-json\/wp\/v2\/posts\/21049","targetHints":{"allow":["GET"]}}],"collection":[{"href":"https:\/\/www.deberes.net\/tesis\/wp-json\/wp\/v2\/posts"}],"about":[{"href":"https:\/\/www.deberes.net\/tesis\/wp-json\/wp\/v2\/types\/post"}],"author":[{"embeddable":true,"href":"https:\/\/www.deberes.net\/tesis\/wp-json\/wp\/v2\/users\/1"}],"replies":[{"embeddable":true,"href":"https:\/\/www.deberes.net\/tesis\/wp-json\/wp\/v2\/comments?post=21049"}],"version-history":[{"count":0,"href":"https:\/\/www.deberes.net\/tesis\/wp-json\/wp\/v2\/posts\/21049\/revisions"}],"wp:attachment":[{"href":"https:\/\/www.deberes.net\/tesis\/wp-json\/wp\/v2\/media?parent=21049"}],"wp:term":[{"taxonomy":"category","embeddable":true,"href":"https:\/\/www.deberes.net\/tesis\/wp-json\/wp\/v2\/categories?post=21049"},{"taxonomy":"post_tag","embeddable":true,"href":"https:\/\/www.deberes.net\/tesis\/wp-json\/wp\/v2\/tags?post=21049"}],"curies":[{"name":"wp","href":"https:\/\/api.w.org\/{rel}","templated":true}]}}