{"id":21109,"date":"2003-10-01T00:00:00","date_gmt":"2003-10-01T00:00:00","guid":{"rendered":"https:\/\/www.deberes.net\/tesis\/sin-categoria\/analisis-del-simbolismo-de-muerte-en-el-mexico-prehispanico\/"},"modified":"2003-10-01T00:00:00","modified_gmt":"2003-10-01T00:00:00","slug":"analisis-del-simbolismo-de-muerte-en-el-mexico-prehispanico","status":"publish","type":"post","link":"https:\/\/www.deberes.net\/tesis\/sin-categoria\/analisis-del-simbolismo-de-muerte-en-el-mexico-prehispanico\/","title":{"rendered":"An\u00e1lisis del simbolismo de muerte en el m\u00e9xico prehisp\u00e1nico"},"content":{"rendered":"<h2>Tesis doctoral de <strong> Federico V\u00e1zquez Loyola <\/strong><\/h2>\n<p>La tesis habla sobre las creencias, mitos y rituales que sobre la muerte existieron antes de la llegada de los espa\u00f1oles a m\u00e9xico.  para ello se utiliz\u00f3 la teor\u00eda de carl. G. Jung, estos es, la del inconsciente colectivo, en especial, se\u00f1alando los arquitectos que \u00e9l se\u00f1ala, descubre o propone. Se utiliz\u00f3 adem\u00e1s la evangelizaci\u00f3n espa\u00f1ola en m\u00e9xico y m\u00e1s concretamente los catecismos de aquella \u00e9poca para ilustrar la diferencia entre las creencias entre una cultura y otra. Aqu\u00ed hay que se\u00f1alar que esta \u00e9poca no se agot\u00f3 pues s\u00f3lo se utiliz\u00f3 como complemento de la obra. al final se concluye que la muerte en la cultura n\u00e1huatl no est\u00e1 alejada en su intento por querer dar a entender a los hombres de esa \u00e9poca su relaci\u00f3n con sus dioses, el mundo y sus personas. Tal y como suced\u00eda con las ideas culturales de los catequizadores que llegaron a m\u00e9xico en aquellos tiempos. y sobre todo que aunque se siga rituales en apariencia distintos estos cumplen con su intento de crear, normalizar y estandarizar el psiquismo de las personas de estas culturas, que en apariencia parecen tan diferentes.<\/p>\n<p>&nbsp;<\/p>\n<h3>Datos acad\u00e9micos de la tesis doctoral \u00ab<strong>An\u00e1lisis del simbolismo de muerte en el m\u00e9xico prehisp\u00e1nico<\/strong>\u00ab<\/h3>\n<ul>\n<li><strong>T\u00edtulo de la tesis:<\/strong>\u00a0 An\u00e1lisis del simbolismo de muerte en el m\u00e9xico prehisp\u00e1nico <\/li>\n<li><strong>Autor:<\/strong>\u00a0 Federico V\u00e1zquez Loyola <\/li>\n<li><strong>Universidad:<\/strong>\u00a0 Complutense de Madrid<\/li>\n<li><strong>Fecha de lectura de la tesis:<\/strong>\u00a0 10\/01\/2003<\/li>\n<\/ul>\n<p>&nbsp;<\/p>\n<h3>Direcci\u00f3n y tribunal<\/h3>\n<ul>\n<li><strong>Director de la tesis<\/strong>\n<ul>\n<li>Lu\u00eds Enrique Montiel Llorente<\/li>\n<\/ul>\n<\/li>\n<li><strong>Tribunal<\/strong>\n<ul>\n<li>Presidente del tribunal: Ana Mar\u00eda Leyra soriano <\/li>\n<li>raquel \u00e1lvarez pelaez (vocal)<\/li>\n<li>Rafael Huertas garcia alejo (vocal)<\/li>\n<li>josep Mar\u00eda Comelles esteban (vocal)<\/li>\n<\/ul>\n<\/li>\n<\/ul>\n<p>&nbsp;<\/p>\n","protected":false},"excerpt":{"rendered":"<p>Tesis doctoral de Federico V\u00e1zquez Loyola La tesis habla sobre las creencias, mitos y rituales que sobre la muerte existieron [&hellip;]<\/p>\n","protected":false},"author":1,"featured_media":0,"comment_status":"open","ping_status":"open","sticky":false,"template":"","format":"standard","meta":{"site-sidebar-layout":"default","site-content-layout":"","ast-site-content-layout":"","site-content-style":"default","site-sidebar-style":"default","ast-global-header-display":"","ast-banner-title-visibility":"","ast-main-header-display":"","ast-hfb-above-header-display":"","ast-hfb-below-header-display":"","ast-hfb-mobile-header-display":"","site-post-title":"","ast-breadcrumbs-content":"","ast-featured-img":"","footer-sml-layout":"","theme-transparent-header-meta":"","adv-header-id-meta":"","stick-header-meta":"","header-above-stick-meta":"","header-main-stick-meta":"","header-below-stick-meta":"","astra-migrate-meta-layouts":"default","ast-page-background-enabled":"default","ast-page-background-meta":{"desktop":{"background-color":"var(--ast-global-color-4)","background-image":"","background-repeat":"repeat","background-position":"center center","background-size":"auto","background-attachment":"scroll","background-type":"","background-media":"","overlay-type":"","overlay-color":"","overlay-gradient":""},"tablet":{"background-color":"","background-image":"","background-repeat":"repeat","background-position":"center center","background-size":"auto","background-attachment":"scroll","background-type":"","background-media":"","overlay-type":"","overlay-color":"","overlay-gradient":""},"mobile":{"background-color":"","background-image":"","background-repeat":"repeat","background-position":"center center","background-size":"auto","background-attachment":"scroll","background-type":"","background-media":"","overlay-type":"","overlay-color":"","overlay-gradient":""}},"ast-content-background-meta":{"desktop":{"background-color":"var(--ast-global-color-5)","background-image":"","background-repeat":"repeat","background-position":"center center","background-size":"auto","background-attachment":"scroll","background-type":"","background-media":"","overlay-type":"","overlay-color":"","overlay-gradient":""},"tablet":{"background-color":"var(--ast-global-color-5)","background-image":"","background-repeat":"repeat","background-position":"center center","background-size":"auto","background-attachment":"scroll","background-type":"","background-media":"","overlay-type":"","overlay-color":"","overlay-gradient":""},"mobile":{"background-color":"var(--ast-global-color-5)","background-image":"","background-repeat":"repeat","background-position":"center center","background-size":"auto","background-attachment":"scroll","background-type":"","background-media":"","overlay-type":"","overlay-color":"","overlay-gradient":""}},"footnotes":""},"categories":[1],"tags":[23338,63889,29162,7389,5184,6594],"class_list":["post-21109","post","type-post","status-publish","format-standard","hentry","category-sin-categoria","tag-ana-maria-leyra-soriano","tag-federico-vazquez-loyola","tag-josep-maria-comelles-esteban","tag-luis-enrique-montiel-llorente","tag-rafael-huertas-garcia-alejo","tag-raquel-alvarez-pelaez"],"_links":{"self":[{"href":"https:\/\/www.deberes.net\/tesis\/wp-json\/wp\/v2\/posts\/21109","targetHints":{"allow":["GET"]}}],"collection":[{"href":"https:\/\/www.deberes.net\/tesis\/wp-json\/wp\/v2\/posts"}],"about":[{"href":"https:\/\/www.deberes.net\/tesis\/wp-json\/wp\/v2\/types\/post"}],"author":[{"embeddable":true,"href":"https:\/\/www.deberes.net\/tesis\/wp-json\/wp\/v2\/users\/1"}],"replies":[{"embeddable":true,"href":"https:\/\/www.deberes.net\/tesis\/wp-json\/wp\/v2\/comments?post=21109"}],"version-history":[{"count":0,"href":"https:\/\/www.deberes.net\/tesis\/wp-json\/wp\/v2\/posts\/21109\/revisions"}],"wp:attachment":[{"href":"https:\/\/www.deberes.net\/tesis\/wp-json\/wp\/v2\/media?parent=21109"}],"wp:term":[{"taxonomy":"category","embeddable":true,"href":"https:\/\/www.deberes.net\/tesis\/wp-json\/wp\/v2\/categories?post=21109"},{"taxonomy":"post_tag","embeddable":true,"href":"https:\/\/www.deberes.net\/tesis\/wp-json\/wp\/v2\/tags?post=21109"}],"curies":[{"name":"wp","href":"https:\/\/api.w.org\/{rel}","templated":true}]}}