{"id":21123,"date":"2003-10-01T00:00:00","date_gmt":"2003-10-01T00:00:00","guid":{"rendered":"https:\/\/www.deberes.net\/tesis\/sin-categoria\/poblacion-y-planificacion-hidrologica-analisis-internacional-comparado-de-los-contenidos-sociodemograficos-de-la-planificacion-hidrologica\/"},"modified":"2003-10-01T00:00:00","modified_gmt":"2003-10-01T00:00:00","slug":"poblacion-y-planificacion-hidrologica-analisis-internacional-comparado-de-los-contenidos-sociodemograficos-de-la-planificacion-hidrologica","status":"publish","type":"post","link":"https:\/\/www.deberes.net\/tesis\/sevilla\/poblacion-y-planificacion-hidrologica-analisis-internacional-comparado-de-los-contenidos-sociodemograficos-de-la-planificacion-hidrologica\/","title":{"rendered":"Poblaci\u00f3n y planificaci\u00f3n hidrol\u00f3gica. an\u00e1lisis internacional comparado de los contenidos sociodemogr\u00e1ficos de la planificaci\u00f3n hidrol\u00f3gica"},"content":{"rendered":"<h2>Tesis doctoral de <strong> Belen Pedregal Mateos <\/strong><\/h2>\n<p>Este trabajo indaga sobre la utilidad de la informaci\u00f3n y t\u00e9cnicas sociodemogr\u00e1ficas en relaci\u00f3n con el ejercicio de la planificaci\u00f3n hidrol\u00f3gica, con objeto de potenciar las aportaciones del enfoque geodemogr\u00e1fico en la pr\u00e1ctica planificadora de los recursos h\u00eddricos, en el marco territorial espa\u00f1ol. este an\u00e1lisis est\u00e1 guiado por la hip\u00f3tesis principal de que el grupo de participaci\u00f3n de los contenidos sociodemogr\u00e1ficos var\u00eda en funci\u00f3n del paradigma hidrol\u00f3gico empleado o modelo de gesti\u00f3n del agua en el que se sit\u00faa dicha pr\u00e1ctica planificadora.  en la primera parte del trabajo se reflexiona sobre la naturaleza de la planificaci\u00f3n, las funciones asignadas a la planificaci\u00f3n hidrol\u00f3gica as\u00ed como sobre la existencia de diferentes maneras de abordarlas en el marco de distintos modelos de gesti\u00f3n del agua, definidos como el conjunto de valores, medidas, normas y acciones ecnaminadas a explotar y preservar los sistemas h\u00eddricos en un \u00e1mbito espacial y temporal determinado. Se revisan los modelos de gesti\u00f3n del agua, tal como han sido descritos por algunos autores, con el objeto de identificar aquellas caracter\u00edsticas que los vinculan directamente con la introducci\u00f3n de las ciencias sociales en la pr\u00e1ctica planificadora de los recursos h\u00eddricos, y m\u00e1s concretamente con las aportaciones desde el campo de la sociodemograf\u00eda.  en la segunda parte del trabajo se contrastan estas bases te\u00f3ricas con la pr\u00e1ctica planificadora materializada en diferentes documentos oficiales de los tres casos de estudio seleccionados: california, sud\u00e1frica y espa\u00f1a. finalmente, a partir de la confrontaci\u00f3n de la teor\u00eda y la pr\u00e1ctica se extraen las recomendaciones y cuestiones sobre las que seguir profundizando en la relaci\u00f3n geodemograf\u00eda y planificaic\u00f3n hidrol\u00f3gica en el contexto espa\u00f1ol.<\/p>\n<p>&nbsp;<\/p>\n<h3>Datos acad\u00e9micos de la tesis doctoral \u00ab<strong>Poblaci\u00f3n y planificaci\u00f3n hidrol\u00f3gica. an\u00e1lisis internacional comparado de los contenidos sociodemogr\u00e1ficos de la planificaci\u00f3n hidrol\u00f3gica<\/strong>\u00ab<\/h3>\n<ul>\n<li><strong>T\u00edtulo de la tesis:<\/strong>\u00a0 Poblaci\u00f3n y planificaci\u00f3n hidrol\u00f3gica. an\u00e1lisis internacional comparado de los contenidos sociodemogr\u00e1ficos de la planificaci\u00f3n hidrol\u00f3gica <\/li>\n<li><strong>Autor:<\/strong>\u00a0 Belen Pedregal Mateos <\/li>\n<li><strong>Universidad:<\/strong>\u00a0 Sevilla<\/li>\n<li><strong>Fecha de lectura de la tesis:<\/strong>\u00a0 10\/01\/2003<\/li>\n<\/ul>\n<p>&nbsp;<\/p>\n<h3>Direcci\u00f3n y tribunal<\/h3>\n<ul>\n<li><strong>Director de la tesis<\/strong>\n<ul>\n<li>Josefina Cruz Villal\u00f3n<\/li>\n<\/ul>\n<\/li>\n<li><strong>Tribunal<\/strong>\n<ul>\n<li>Presidente del tribunal: florencio Zoido naranjo <\/li>\n<li> Moral ituarte leandro del (vocal)<\/li>\n<li>federico Aguilera klink (vocal)<\/li>\n<li>julio Vinuesa angulo (vocal)<\/li>\n<\/ul>\n<\/li>\n<\/ul>\n<p>&nbsp;<\/p>\n","protected":false},"excerpt":{"rendered":"<p>Tesis doctoral de Belen Pedregal Mateos Este trabajo indaga sobre la utilidad de la informaci\u00f3n y t\u00e9cnicas sociodemogr\u00e1ficas en relaci\u00f3n [&hellip;]<\/p>\n","protected":false},"author":1,"featured_media":0,"comment_status":"open","ping_status":"open","sticky":false,"template":"","format":"standard","meta":{"site-sidebar-layout":"default","site-content-layout":"","ast-site-content-layout":"","site-content-style":"default","site-sidebar-style":"default","ast-global-header-display":"","ast-banner-title-visibility":"","ast-main-header-display":"","ast-hfb-above-header-display":"","ast-hfb-below-header-display":"","ast-hfb-mobile-header-display":"","site-post-title":"","ast-breadcrumbs-content":"","ast-featured-img":"","footer-sml-layout":"","theme-transparent-header-meta":"","adv-header-id-meta":"","stick-header-meta":"","header-above-stick-meta":"","header-main-stick-meta":"","header-below-stick-meta":"","astra-migrate-meta-layouts":"default","ast-page-background-enabled":"default","ast-page-background-meta":{"desktop":{"background-color":"var(--ast-global-color-4)","background-image":"","background-repeat":"repeat","background-position":"center center","background-size":"auto","background-attachment":"scroll","background-type":"","background-media":"","overlay-type":"","overlay-color":"","overlay-gradient":""},"tablet":{"background-color":"","background-image":"","background-repeat":"repeat","background-position":"center center","background-size":"auto","background-attachment":"scroll","background-type":"","background-media":"","overlay-type":"","overlay-color":"","overlay-gradient":""},"mobile":{"background-color":"","background-image":"","background-repeat":"repeat","background-position":"center center","background-size":"auto","background-attachment":"scroll","background-type":"","background-media":"","overlay-type":"","overlay-color":"","overlay-gradient":""}},"ast-content-background-meta":{"desktop":{"background-color":"var(--ast-global-color-5)","background-image":"","background-repeat":"repeat","background-position":"center center","background-size":"auto","background-attachment":"scroll","background-type":"","background-media":"","overlay-type":"","overlay-color":"","overlay-gradient":""},"tablet":{"background-color":"var(--ast-global-color-5)","background-image":"","background-repeat":"repeat","background-position":"center center","background-size":"auto","background-attachment":"scroll","background-type":"","background-media":"","overlay-type":"","overlay-color":"","overlay-gradient":""},"mobile":{"background-color":"var(--ast-global-color-5)","background-image":"","background-repeat":"repeat","background-position":"center center","background-size":"auto","background-attachment":"scroll","background-type":"","background-media":"","overlay-type":"","overlay-color":"","overlay-gradient":""}},"footnotes":""},"categories":[10715],"tags":[63918,9996,10738,6634,63919,58626],"class_list":["post-21123","post","type-post","status-publish","format-standard","hentry","category-sevilla","tag-belen-pedregal-mateos","tag-federico-aguilera-klink","tag-florencio-zoido-naranjo","tag-josefina-cruz-villalon","tag-julio-vinuesa-angulo","tag-moral-ituarte-leandro-del"],"_links":{"self":[{"href":"https:\/\/www.deberes.net\/tesis\/wp-json\/wp\/v2\/posts\/21123","targetHints":{"allow":["GET"]}}],"collection":[{"href":"https:\/\/www.deberes.net\/tesis\/wp-json\/wp\/v2\/posts"}],"about":[{"href":"https:\/\/www.deberes.net\/tesis\/wp-json\/wp\/v2\/types\/post"}],"author":[{"embeddable":true,"href":"https:\/\/www.deberes.net\/tesis\/wp-json\/wp\/v2\/users\/1"}],"replies":[{"embeddable":true,"href":"https:\/\/www.deberes.net\/tesis\/wp-json\/wp\/v2\/comments?post=21123"}],"version-history":[{"count":0,"href":"https:\/\/www.deberes.net\/tesis\/wp-json\/wp\/v2\/posts\/21123\/revisions"}],"wp:attachment":[{"href":"https:\/\/www.deberes.net\/tesis\/wp-json\/wp\/v2\/media?parent=21123"}],"wp:term":[{"taxonomy":"category","embeddable":true,"href":"https:\/\/www.deberes.net\/tesis\/wp-json\/wp\/v2\/categories?post=21123"},{"taxonomy":"post_tag","embeddable":true,"href":"https:\/\/www.deberes.net\/tesis\/wp-json\/wp\/v2\/tags?post=21123"}],"curies":[{"name":"wp","href":"https:\/\/api.w.org\/{rel}","templated":true}]}}