{"id":21189,"date":"2018-03-09T09:10:51","date_gmt":"2018-03-09T09:10:51","guid":{"rendered":"https:\/\/www.deberes.net\/tesis\/sin-categoria\/tentativas-de-suicidio-y-escalas-de-evaluacion\/"},"modified":"2018-03-09T09:10:51","modified_gmt":"2018-03-09T09:10:51","slug":"tentativas-de-suicidio-y-escalas-de-evaluacion","status":"publish","type":"post","link":"https:\/\/www.deberes.net\/tesis\/murcia\/tentativas-de-suicidio-y-escalas-de-evaluacion\/","title":{"rendered":"Tentativas de suicidio y escalas de evaluaci\u00f3n"},"content":{"rendered":"<h2>Tesis doctoral de <strong>  Medina Garrido M. Loreto <\/strong><\/h2>\n<p>Factores sociodemogr\u00e1ficos adaptados a la poblaci\u00f3n suicida del \u00e1rea i de murcia con determinados \u00edtems de cinco instrumentos de valoraci\u00f3n suicida validados en el \u00e1mbito de la investigaci\u00f3n de la conducta suicida, pueden ser potencialmente predictores para detectar la probabilidad de acierto de la consumaci\u00f3n final de un paciente con tentativa de autolisis. Como objetivo se plantea el estudio de factores predictivos sociodemogr\u00e1ficos y diagnosticos m\u00e1s relevantes, seg\u00fan el perfil de paciente sucida que acude al servicio de urgencias y construcci\u00f3n de una escala convergente de cinco instrumentos psicom\u00e9tricos relevantes en la pr\u00e1ctica cl\u00ednica. Se seleccionaron a 200 pacientes con edades comprendidas entre 12 y 75 a\u00f1os identificados en los servicios de urgencias principalmente. El protoloco de actuaci\u00f3n consist\u00eda en una entrevista con informaci\u00f3n codificable y cinco escalas de medici\u00f3n en tentativas de sucidio (sad persons, desesperanza de beck, ideaci\u00f3n sucida de beck, escala de tentativa de beck y escala riesgo rescate de weissman). El m\u00e9todo estad\u00edstico utilizado fue el an\u00e1lisis descriptivo de cada \u00edtem de cada test, an\u00e1lisis factorial para cada test y posterior cruce de los datos y relaci\u00f3n de dependencia. Se obtiene una nueva escala de predicci\u00f3n de suicidio cuya validaci\u00f3n continuar\u00e1 en una investigaci\u00f3n posterior.<\/p>\n<p>&nbsp;<\/p>\n<h3>Datos acad\u00e9micos de la tesis doctoral \u00ab<strong>Tentativas de suicidio y escalas de evaluaci\u00f3n<\/strong>\u00ab<\/h3>\n<ul>\n<li><strong>T\u00edtulo de la tesis:<\/strong>\u00a0 Tentativas de suicidio y escalas de evaluaci\u00f3n <\/li>\n<li><strong>Autor:<\/strong>\u00a0  Medina Garrido M. Loreto <\/li>\n<li><strong>Universidad:<\/strong>\u00a0 Murcia<\/li>\n<li><strong>Fecha de lectura de la tesis:<\/strong>\u00a0 16\/01\/2003<\/li>\n<\/ul>\n<p>&nbsp;<\/p>\n<h3>Direcci\u00f3n y tribunal<\/h3>\n<ul>\n<li><strong>Director de la tesis<\/strong>\n<ul>\n<li>Jose Hern\u00e1ndez Martinez<\/li>\n<\/ul>\n<\/li>\n<li><strong>Tribunal<\/strong>\n<ul>\n<li>Presidente del tribunal: ram\u00f3n Gracia marco <\/li>\n<li>julio belarmino Bobes garcia (vocal)<\/li>\n<li>eulalia Ruiz fern\u00e1ndez (vocal)<\/li>\n<li>matilde Campos aranda (vocal)<\/li>\n<\/ul>\n<\/li>\n<\/ul>\n<p>&nbsp;<\/p>\n","protected":false},"excerpt":{"rendered":"<p>Tesis doctoral de Medina Garrido M. Loreto Factores sociodemogr\u00e1ficos adaptados a la poblaci\u00f3n suicida del \u00e1rea i de murcia con [&hellip;]<\/p>\n","protected":false},"author":1,"featured_media":0,"comment_status":"open","ping_status":"open","sticky":false,"template":"","format":"standard","meta":{"site-sidebar-layout":"default","site-content-layout":"","ast-site-content-layout":"","site-content-style":"default","site-sidebar-style":"default","ast-global-header-display":"","ast-banner-title-visibility":"","ast-main-header-display":"","ast-hfb-above-header-display":"","ast-hfb-below-header-display":"","ast-hfb-mobile-header-display":"","site-post-title":"","ast-breadcrumbs-content":"","ast-featured-img":"","footer-sml-layout":"","theme-transparent-header-meta":"","adv-header-id-meta":"","stick-header-meta":"","header-above-stick-meta":"","header-main-stick-meta":"","header-below-stick-meta":"","astra-migrate-meta-layouts":"default","ast-page-background-enabled":"default","ast-page-background-meta":{"desktop":{"background-color":"var(--ast-global-color-4)","background-image":"","background-repeat":"repeat","background-position":"center center","background-size":"auto","background-attachment":"scroll","background-type":"","background-media":"","overlay-type":"","overlay-color":"","overlay-gradient":""},"tablet":{"background-color":"","background-image":"","background-repeat":"repeat","background-position":"center center","background-size":"auto","background-attachment":"scroll","background-type":"","background-media":"","overlay-type":"","overlay-color":"","overlay-gradient":""},"mobile":{"background-color":"","background-image":"","background-repeat":"repeat","background-position":"center center","background-size":"auto","background-attachment":"scroll","background-type":"","background-media":"","overlay-type":"","overlay-color":"","overlay-gradient":""}},"ast-content-background-meta":{"desktop":{"background-color":"var(--ast-global-color-5)","background-image":"","background-repeat":"repeat","background-position":"center center","background-size":"auto","background-attachment":"scroll","background-type":"","background-media":"","overlay-type":"","overlay-color":"","overlay-gradient":""},"tablet":{"background-color":"var(--ast-global-color-5)","background-image":"","background-repeat":"repeat","background-position":"center center","background-size":"auto","background-attachment":"scroll","background-type":"","background-media":"","overlay-type":"","overlay-color":"","overlay-gradient":""},"mobile":{"background-color":"var(--ast-global-color-5)","background-image":"","background-repeat":"repeat","background-position":"center center","background-size":"auto","background-attachment":"scroll","background-type":"","background-media":"","overlay-type":"","overlay-color":"","overlay-gradient":""}},"footnotes":""},"categories":[8235],"tags":[64070,24900,8332,47944,64069,9789],"class_list":["post-21189","post","type-post","status-publish","format-standard","hentry","category-murcia","tag-eulalia-ruiz-fernandez","tag-jose-hernandez-Martinez","tag-julio-belarmino-bobes-garcia","tag-matilde-campos-aranda","tag-medina-garrido-m-loreto","tag-ramon-gracia-marco"],"_links":{"self":[{"href":"https:\/\/www.deberes.net\/tesis\/wp-json\/wp\/v2\/posts\/21189","targetHints":{"allow":["GET"]}}],"collection":[{"href":"https:\/\/www.deberes.net\/tesis\/wp-json\/wp\/v2\/posts"}],"about":[{"href":"https:\/\/www.deberes.net\/tesis\/wp-json\/wp\/v2\/types\/post"}],"author":[{"embeddable":true,"href":"https:\/\/www.deberes.net\/tesis\/wp-json\/wp\/v2\/users\/1"}],"replies":[{"embeddable":true,"href":"https:\/\/www.deberes.net\/tesis\/wp-json\/wp\/v2\/comments?post=21189"}],"version-history":[{"count":0,"href":"https:\/\/www.deberes.net\/tesis\/wp-json\/wp\/v2\/posts\/21189\/revisions"}],"wp:attachment":[{"href":"https:\/\/www.deberes.net\/tesis\/wp-json\/wp\/v2\/media?parent=21189"}],"wp:term":[{"taxonomy":"category","embeddable":true,"href":"https:\/\/www.deberes.net\/tesis\/wp-json\/wp\/v2\/categories?post=21189"},{"taxonomy":"post_tag","embeddable":true,"href":"https:\/\/www.deberes.net\/tesis\/wp-json\/wp\/v2\/tags?post=21189"}],"curies":[{"name":"wp","href":"https:\/\/api.w.org\/{rel}","templated":true}]}}