{"id":21190,"date":"2018-03-09T09:10:51","date_gmt":"2018-03-09T09:10:51","guid":{"rendered":"https:\/\/www.deberes.net\/tesis\/sin-categoria\/los-obreros-molineros-y-la-empresa-molinos-rio-de-la-plata-la-dinamica-de-la-confrontacion-obrero-patronal-durante-el-periodo-1917-1926\/"},"modified":"2018-03-09T09:10:51","modified_gmt":"2018-03-09T09:10:51","slug":"los-obreros-molineros-y-la-empresa-molinos-rio-de-la-plata-la-dinamica-de-la-confrontacion-obrero-patronal-durante-el-periodo-1917-1926","status":"publish","type":"post","link":"https:\/\/www.deberes.net\/tesis\/sin-categoria\/los-obreros-molineros-y-la-empresa-molinos-rio-de-la-plata-la-dinamica-de-la-confrontacion-obrero-patronal-durante-el-periodo-1917-1926\/","title":{"rendered":"Los obreros molineros y la empresa molinos rio de la plata: la din\u00e1mica de la confrontaci\u00f3n obrero patronal durante el periodo 1917-1926"},"content":{"rendered":"<h2>Tesis doctoral de <strong>  Grillo De Cardiello M. Victoria <\/strong><\/h2>\n<p>La presente investigaci\u00f3n tiene como objetivo revisar cr\u00edticamente la conflictiva relaci\u00f3n de los molineros con la empresa molinos r\u00edo de la plata durante el periodo arriba se\u00f1alado: el recorte temporal de este estudio se basa en que durante el mismo es posible advertir como se organizan los trabajadores a partir de la creaci\u00f3n de la sociedad de resistencia (1917) y posteriormente con la puesta en marcha de la federaci\u00f3n obrera molinera (1918).  paralelamente los empresarios harineros impulsan la creaci\u00f3n de una entidad patronal (1918) la asociaci\u00f3n nacional del trabajo (1918) con la finalidad de mellar la organizaci\u00f3n obrera.  en resumen podemos advertir que durante el periodo propuesto se advierten tres momentos consecutivos: el primero se caracteriza por el afan de organizaci\u00f3n de los trabajadores molineros; un segundo momento los encuentra desplegando aquella organizaci\u00f3n y en una tercera etapa se advierte la paulatina disgregaci\u00f3n gremial; no podemos soslayar que el auge del sindicalismo se vio favorecido por la actitud del presidente hip\u00f3lito yrigoyen dispuesto a mediar en los conflictos obreros patronales. A su vez, si bien en un primer momento los empresarios estaban dispuestos a conceder reclamos debido a que el ciclo econ\u00f3mico les era fvorable; con posterioridad se dispusieron utilizar la fuerza para resistir a las demandas de los trabajadores impulsando al gobierno para que actuara en el mismo sentido.  el cambio de actitud del gobierno luego de la semana tr\u00e1gica (1919) y el fortalecimiento de las representaci\u00f3n patronal condujeron al debilitamiento del gremio molinero hacia fines del periodo propuesto en la presente investigaci\u00f3n.<\/p>\n<p>&nbsp;<\/p>\n<h3>Datos acad\u00e9micos de la tesis doctoral \u00ab<strong>Los obreros molineros y la empresa molinos rio de la plata: la din\u00e1mica de la confrontaci\u00f3n obrero patronal durante el periodo 1917-1926<\/strong>\u00ab<\/h3>\n<ul>\n<li><strong>T\u00edtulo de la tesis:<\/strong>\u00a0 Los obreros molineros y la empresa molinos rio de la plata: la din\u00e1mica de la confrontaci\u00f3n obrero patronal durante el periodo 1917-1926 <\/li>\n<li><strong>Autor:<\/strong>\u00a0  Grillo De Cardiello M. Victoria <\/li>\n<li><strong>Universidad:<\/strong>\u00a0 Universitat de val\u00e9ncia (estudi general)<\/li>\n<li><strong>Fecha de lectura de la tesis:<\/strong>\u00a0 16\/01\/2003<\/li>\n<\/ul>\n<p>&nbsp;<\/p>\n<h3>Direcci\u00f3n y tribunal<\/h3>\n<ul>\n<li><strong>Director de la tesis<\/strong>\n<ul>\n<li> Alcazar Garrido Joan M.<\/li>\n<\/ul>\n<\/li>\n<li><strong>Tribunal<\/strong>\n<ul>\n<li>Presidente del tribunal: amparo Alvarez rubio <\/li>\n<li>consuelo Naranjo orovio (vocal)<\/li>\n<li> Calle velasco dolores de la (vocal)<\/li>\n<li>Mar\u00eda   dolores Ramos palomo (vocal)<\/li>\n<\/ul>\n<\/li>\n<\/ul>\n<p>&nbsp;<\/p>\n","protected":false},"excerpt":{"rendered":"<p>Tesis doctoral de Grillo De Cardiello M. Victoria La presente investigaci\u00f3n tiene como objetivo revisar cr\u00edticamente la conflictiva relaci\u00f3n de [&hellip;]<\/p>\n","protected":false},"author":1,"featured_media":0,"comment_status":"open","ping_status":"open","sticky":false,"template":"","format":"standard","meta":{"site-sidebar-layout":"default","site-content-layout":"","ast-site-content-layout":"","site-content-style":"default","site-sidebar-style":"default","ast-global-header-display":"","ast-banner-title-visibility":"","ast-main-header-display":"","ast-hfb-above-header-display":"","ast-hfb-below-header-display":"","ast-hfb-mobile-header-display":"","site-post-title":"","ast-breadcrumbs-content":"","ast-featured-img":"","footer-sml-layout":"","theme-transparent-header-meta":"","adv-header-id-meta":"","stick-header-meta":"","header-above-stick-meta":"","header-main-stick-meta":"","header-below-stick-meta":"","astra-migrate-meta-layouts":"default","ast-page-background-enabled":"default","ast-page-background-meta":{"desktop":{"background-color":"var(--ast-global-color-4)","background-image":"","background-repeat":"repeat","background-position":"center center","background-size":"auto","background-attachment":"scroll","background-type":"","background-media":"","overlay-type":"","overlay-color":"","overlay-gradient":""},"tablet":{"background-color":"","background-image":"","background-repeat":"repeat","background-position":"center center","background-size":"auto","background-attachment":"scroll","background-type":"","background-media":"","overlay-type":"","overlay-color":"","overlay-gradient":""},"mobile":{"background-color":"","background-image":"","background-repeat":"repeat","background-position":"center center","background-size":"auto","background-attachment":"scroll","background-type":"","background-media":"","overlay-type":"","overlay-color":"","overlay-gradient":""}},"ast-content-background-meta":{"desktop":{"background-color":"var(--ast-global-color-5)","background-image":"","background-repeat":"repeat","background-position":"center center","background-size":"auto","background-attachment":"scroll","background-type":"","background-media":"","overlay-type":"","overlay-color":"","overlay-gradient":""},"tablet":{"background-color":"var(--ast-global-color-5)","background-image":"","background-repeat":"repeat","background-position":"center center","background-size":"auto","background-attachment":"scroll","background-type":"","background-media":"","overlay-type":"","overlay-color":"","overlay-gradient":""},"mobile":{"background-color":"var(--ast-global-color-5)","background-image":"","background-repeat":"repeat","background-position":"center center","background-size":"auto","background-attachment":"scroll","background-type":"","background-media":"","overlay-type":"","overlay-color":"","overlay-gradient":""}},"footnotes":""},"categories":[1],"tags":[64072,64073,64074,50538,64071,38845],"class_list":["post-21190","post","type-post","status-publish","format-standard","hentry","category-sin-categoria","tag-alcazar-garrido-joan-m","tag-amparo-alvarez-rubio","tag-calle-velasco-dolores-de-la","tag-consuelo-naranjo-orovio","tag-grillo-de-cardiello-m-victoria","tag-maria-dolores-ramos-palomo"],"_links":{"self":[{"href":"https:\/\/www.deberes.net\/tesis\/wp-json\/wp\/v2\/posts\/21190","targetHints":{"allow":["GET"]}}],"collection":[{"href":"https:\/\/www.deberes.net\/tesis\/wp-json\/wp\/v2\/posts"}],"about":[{"href":"https:\/\/www.deberes.net\/tesis\/wp-json\/wp\/v2\/types\/post"}],"author":[{"embeddable":true,"href":"https:\/\/www.deberes.net\/tesis\/wp-json\/wp\/v2\/users\/1"}],"replies":[{"embeddable":true,"href":"https:\/\/www.deberes.net\/tesis\/wp-json\/wp\/v2\/comments?post=21190"}],"version-history":[{"count":0,"href":"https:\/\/www.deberes.net\/tesis\/wp-json\/wp\/v2\/posts\/21190\/revisions"}],"wp:attachment":[{"href":"https:\/\/www.deberes.net\/tesis\/wp-json\/wp\/v2\/media?parent=21190"}],"wp:term":[{"taxonomy":"category","embeddable":true,"href":"https:\/\/www.deberes.net\/tesis\/wp-json\/wp\/v2\/categories?post=21190"},{"taxonomy":"post_tag","embeddable":true,"href":"https:\/\/www.deberes.net\/tesis\/wp-json\/wp\/v2\/tags?post=21190"}],"curies":[{"name":"wp","href":"https:\/\/api.w.org\/{rel}","templated":true}]}}