{"id":21192,"date":"2018-03-09T09:10:51","date_gmt":"2018-03-09T09:10:51","guid":{"rendered":"https:\/\/www.deberes.net\/tesis\/sin-categoria\/el-procedimiento-de-control-integrado-de-la-contaminacion\/"},"modified":"2018-03-09T09:10:51","modified_gmt":"2018-03-09T09:10:51","slug":"el-procedimiento-de-control-integrado-de-la-contaminacion","status":"publish","type":"post","link":"https:\/\/www.deberes.net\/tesis\/sin-categoria\/el-procedimiento-de-control-integrado-de-la-contaminacion\/","title":{"rendered":"El procedimiento de control integrado de la contaminaci\u00f3n"},"content":{"rendered":"<h2>Tesis doctoral de <strong> Inmaculada Revuelta P\u00e9rez <\/strong><\/h2>\n<p>La tesis consiste en el an\u00e1lisis jur\u00eddico de la t\u00e9cnica del control integrado de la contaminaci\u00f3n. Se trata de un instrumento de protecci\u00f3n ambiental de reciente implantaci\u00f3n en el ordenamiento jur\u00eddico espa\u00f1ol.  en julio de 2002 se aprob\u00f3 la ley 16\/200, de prevenci\u00f3n y control integrados de la contaminaci\u00f3n, como medida de transposici\u00f3n de la directiva 96\/61 (conocida como directiva ippc).  el trabajo analiza el r\u00e9gimen jur\u00eddico del control integrado de la contaminaci\u00f3n en el derecho comunitario y en el derecho espa\u00f1ol. Se estudia \u00e1mbito de aplicaci\u00f3n, los principios inspiradores, el sistema de articulaci\u00f3n procedimental de las competencias concurrentes en el control ambiente de las actividades afectadas, la vertiente sustantiva (requerimientos t\u00e9cnicos protectores), los mecanismos de informaci\u00f3n p\u00fablica, como el inventario europeo de emisiones contaminantes, y la configuraci\u00f3n de la autorizaci\u00f3n ambiental, entre otras cuestiones.  se concluye que esta t\u00e9cnica supone una destacada intervenci\u00f3n p\u00fablica en las actividades contaminantes, que contradice las orientaciones del derecho p\u00fablico en otros \u00e1mbitos de la realidad econ\u00f3mica en que no est\u00e1n implicados intereses como la salud de las personas y la protecci\u00f3n del medio ambiente.<\/p>\n<p>&nbsp;<\/p>\n<h3>Datos acad\u00e9micos de la tesis doctoral \u00ab<strong>El procedimiento de control integrado de la contaminaci\u00f3n<\/strong>\u00ab<\/h3>\n<ul>\n<li><strong>T\u00edtulo de la tesis:<\/strong>\u00a0 El procedimiento de control integrado de la contaminaci\u00f3n <\/li>\n<li><strong>Autor:<\/strong>\u00a0 Inmaculada Revuelta P\u00e9rez <\/li>\n<li><strong>Universidad:<\/strong>\u00a0 Universitat de val\u00e9ncia (estudi general)<\/li>\n<li><strong>Fecha de lectura de la tesis:<\/strong>\u00a0 16\/01\/2003<\/li>\n<\/ul>\n<p>&nbsp;<\/p>\n<h3>Direcci\u00f3n y tribunal<\/h3>\n<ul>\n<li><strong>Director de la tesis<\/strong>\n<ul>\n<li>ferrer Morant G\u00f3mez<\/li>\n<\/ul>\n<\/li>\n<li><strong>Tribunal<\/strong>\n<ul>\n<li>Presidente del tribunal: ramon Martin mateo <\/li>\n<li>Rafael G\u00f3mez-ferrer morant (vocal)<\/li>\n<li>Santiago Mu\u00f1oz machado (vocal)<\/li>\n<li>Jos\u00e9 Esteve pardo (vocal)<\/li>\n<\/ul>\n<\/li>\n<\/ul>\n<p>&nbsp;<\/p>\n","protected":false},"excerpt":{"rendered":"<p>Tesis doctoral de Inmaculada Revuelta P\u00e9rez La tesis consiste en el an\u00e1lisis jur\u00eddico de la t\u00e9cnica del control integrado de [&hellip;]<\/p>\n","protected":false},"author":1,"featured_media":0,"comment_status":"open","ping_status":"open","sticky":false,"template":"","format":"standard","meta":{"site-sidebar-layout":"default","site-content-layout":"","ast-site-content-layout":"","site-content-style":"default","site-sidebar-style":"default","ast-global-header-display":"","ast-banner-title-visibility":"","ast-main-header-display":"","ast-hfb-above-header-display":"","ast-hfb-below-header-display":"","ast-hfb-mobile-header-display":"","site-post-title":"","ast-breadcrumbs-content":"","ast-featured-img":"","footer-sml-layout":"","theme-transparent-header-meta":"","adv-header-id-meta":"","stick-header-meta":"","header-above-stick-meta":"","header-main-stick-meta":"","header-below-stick-meta":"","astra-migrate-meta-layouts":"default","ast-page-background-enabled":"default","ast-page-background-meta":{"desktop":{"background-color":"var(--ast-global-color-4)","background-image":"","background-repeat":"repeat","background-position":"center center","background-size":"auto","background-attachment":"scroll","background-type":"","background-media":"","overlay-type":"","overlay-color":"","overlay-gradient":""},"tablet":{"background-color":"","background-image":"","background-repeat":"repeat","background-position":"center center","background-size":"auto","background-attachment":"scroll","background-type":"","background-media":"","overlay-type":"","overlay-color":"","overlay-gradient":""},"mobile":{"background-color":"","background-image":"","background-repeat":"repeat","background-position":"center center","background-size":"auto","background-attachment":"scroll","background-type":"","background-media":"","overlay-type":"","overlay-color":"","overlay-gradient":""}},"ast-content-background-meta":{"desktop":{"background-color":"var(--ast-global-color-5)","background-image":"","background-repeat":"repeat","background-position":"center center","background-size":"auto","background-attachment":"scroll","background-type":"","background-media":"","overlay-type":"","overlay-color":"","overlay-gradient":""},"tablet":{"background-color":"var(--ast-global-color-5)","background-image":"","background-repeat":"repeat","background-position":"center center","background-size":"auto","background-attachment":"scroll","background-type":"","background-media":"","overlay-type":"","overlay-color":"","overlay-gradient":""},"mobile":{"background-color":"var(--ast-global-color-5)","background-image":"","background-repeat":"repeat","background-position":"center center","background-size":"auto","background-attachment":"scroll","background-type":"","background-media":"","overlay-type":"","overlay-color":"","overlay-gradient":""}},"footnotes":""},"categories":[1],"tags":[56883,64077,46910,3455,18453,4898],"class_list":["post-21192","post","type-post","status-publish","format-standard","hentry","category-sin-categoria","tag-ferrer-morant-gomez","tag-inmaculada-revuelta-perez","tag-jose-esteve-pardo","tag-rafael-gomez-ferrer-morant","tag-ramon-martin-mateo","tag-santiago-munoz-machado"],"_links":{"self":[{"href":"https:\/\/www.deberes.net\/tesis\/wp-json\/wp\/v2\/posts\/21192","targetHints":{"allow":["GET"]}}],"collection":[{"href":"https:\/\/www.deberes.net\/tesis\/wp-json\/wp\/v2\/posts"}],"about":[{"href":"https:\/\/www.deberes.net\/tesis\/wp-json\/wp\/v2\/types\/post"}],"author":[{"embeddable":true,"href":"https:\/\/www.deberes.net\/tesis\/wp-json\/wp\/v2\/users\/1"}],"replies":[{"embeddable":true,"href":"https:\/\/www.deberes.net\/tesis\/wp-json\/wp\/v2\/comments?post=21192"}],"version-history":[{"count":0,"href":"https:\/\/www.deberes.net\/tesis\/wp-json\/wp\/v2\/posts\/21192\/revisions"}],"wp:attachment":[{"href":"https:\/\/www.deberes.net\/tesis\/wp-json\/wp\/v2\/media?parent=21192"}],"wp:term":[{"taxonomy":"category","embeddable":true,"href":"https:\/\/www.deberes.net\/tesis\/wp-json\/wp\/v2\/categories?post=21192"},{"taxonomy":"post_tag","embeddable":true,"href":"https:\/\/www.deberes.net\/tesis\/wp-json\/wp\/v2\/tags?post=21192"}],"curies":[{"name":"wp","href":"https:\/\/api.w.org\/{rel}","templated":true}]}}