{"id":21193,"date":"2018-03-09T09:10:51","date_gmt":"2018-03-09T09:10:51","guid":{"rendered":"https:\/\/www.deberes.net\/tesis\/sin-categoria\/competitividad-innovacion-y-demanda-de-mano-de-obra-un-analisis-de-la-industria-de-la-cav\/"},"modified":"2018-03-09T09:10:51","modified_gmt":"2018-03-09T09:10:51","slug":"competitividad-innovacion-y-demanda-de-mano-de-obra-un-analisis-de-la-industria-de-la-cav","status":"publish","type":"post","link":"https:\/\/www.deberes.net\/tesis\/pais-vasco-euskal-herriko-unibertsitatea\/competitividad-innovacion-y-demanda-de-mano-de-obra-un-analisis-de-la-industria-de-la-cav\/","title":{"rendered":"Competitividad, innovaci\u00f3n y demanda de mano de obra. un an\u00e1lisis de la industria de la cav"},"content":{"rendered":"<h2>Tesis doctoral de <strong> Amaia Altuzarra Artola <\/strong><\/h2>\n<p>En la visi\u00f3n m\u00e1s tradicional la evoluci\u00f3n de la competitividad de las empresas ven\u00eda asociada con los costes y precios de los productos. Posteriormente, este planteamiento se fue abandonando a favor de un nuevo marco en el que la competitividad se vincula a la capacidad de innovaci\u00f3n de las empresas.  esta perspectiva no niega que los costes jueguen un papel en la competitividad, tan solose posterga a un segundo plano su influencia.  en esta \u00faltima linea se inserta la presente tesis doctoral, que pretende establecer una relaci\u00f3n, tanto desde la \u00f3ptica te\u00f3rica como emp\u00edrica, entre la actividad innovadora de las empresas y sus caracter\u00edsticas competitivas. m\u00e1s concretamente, trata de establecer un nexo entre la diversidad de formas en las que la innovaci\u00f3n se presenta en las empresas (producto, proceso, i+d, medio ambiente, calidad e informatizaci\u00f3n de la empresa) y los mercados geogr\u00e1ficos (local, nacional, exportaci\u00f3n) a los que destinan sus productos. asimismo, estas decisiones estrat\u00e9gicas sobre innovaci\u00f3n y posici\u00f3n en los mercados se complementan con las decisiones sobre pol\u00edtica de demanda de mano de obra que adoptan las empresas.  tras un repaso te\u00f3rico a las aportaciones m\u00e1s recientes a cerca de los tres pilares en los que se asienta este trabajo: competitividad, cambio t\u00e9cnico y demanda de mano de obra, se aborda un estudio emp\u00edrico tomando como referencia la informaci\u00f3n suministrada por el censo del mercado de trabajo-fase demanda para el a\u00f1o 1996. Con base en estos datos,y utilizando como metodolog\u00eda el an\u00e1lisis de correspondencias m\u00faltiples, se realizan dos tipos de estudios.  para el primero se seleccionan los establecimientos industriales con m\u00e1s de seis trabajadores y mediante la metodolog\u00eda mencionada se detectan tres grupos o clusters diferentes de empresas que muestran un comportamiento competitivo homog\u00e9neo, particularmente en cuanto a la pol\u00edtica que isuge la empresa para vincular a l<\/p>\n<p>&nbsp;<\/p>\n<h3>Datos acad\u00e9micos de la tesis doctoral \u00ab<strong>Competitividad, innovaci\u00f3n y demanda de mano de obra. un an\u00e1lisis de la industria de la cav<\/strong>\u00ab<\/h3>\n<ul>\n<li><strong>T\u00edtulo de la tesis:<\/strong>\u00a0 Competitividad, innovaci\u00f3n y demanda de mano de obra. un an\u00e1lisis de la industria de la cav <\/li>\n<li><strong>Autor:<\/strong>\u00a0 Amaia Altuzarra Artola <\/li>\n<li><strong>Universidad:<\/strong>\u00a0 Pa\u00eds vasco\/euskal herriko unibertsitatea<\/li>\n<li><strong>Fecha de lectura de la tesis:<\/strong>\u00a0 16\/01\/2003<\/li>\n<\/ul>\n<p>&nbsp;<\/p>\n<h3>Direcci\u00f3n y tribunal<\/h3>\n<ul>\n<li><strong>Director de la tesis<\/strong>\n<ul>\n<li>Felipe Serrano P\u00e9rez<\/li>\n<\/ul>\n<\/li>\n<li><strong>Tribunal<\/strong>\n<ul>\n<li>Presidente del tribunal: milagros Garcia crespo <\/li>\n<li>Jos\u00e9 Mar\u00eda Jord\u00e1n galduf (vocal)<\/li>\n<li>josefa eugenia Fernandez arufe (vocal)<\/li>\n<li>roberto Velasco barroetabe\u00f1a (vocal)<\/li>\n<\/ul>\n<\/li>\n<\/ul>\n<p>&nbsp;<\/p>\n","protected":false},"excerpt":{"rendered":"<p>Tesis doctoral de Amaia Altuzarra Artola En la visi\u00f3n m\u00e1s tradicional la evoluci\u00f3n de la competitividad de las empresas ven\u00eda [&hellip;]<\/p>\n","protected":false},"author":1,"featured_media":0,"comment_status":"open","ping_status":"open","sticky":false,"template":"","format":"standard","meta":{"site-sidebar-layout":"default","site-content-layout":"","ast-site-content-layout":"","site-content-style":"default","site-sidebar-style":"default","ast-global-header-display":"","ast-banner-title-visibility":"","ast-main-header-display":"","ast-hfb-above-header-display":"","ast-hfb-below-header-display":"","ast-hfb-mobile-header-display":"","site-post-title":"","ast-breadcrumbs-content":"","ast-featured-img":"","footer-sml-layout":"","theme-transparent-header-meta":"","adv-header-id-meta":"","stick-header-meta":"","header-above-stick-meta":"","header-main-stick-meta":"","header-below-stick-meta":"","astra-migrate-meta-layouts":"default","ast-page-background-enabled":"default","ast-page-background-meta":{"desktop":{"background-color":"var(--ast-global-color-4)","background-image":"","background-repeat":"repeat","background-position":"center center","background-size":"auto","background-attachment":"scroll","background-type":"","background-media":"","overlay-type":"","overlay-color":"","overlay-gradient":""},"tablet":{"background-color":"","background-image":"","background-repeat":"repeat","background-position":"center center","background-size":"auto","background-attachment":"scroll","background-type":"","background-media":"","overlay-type":"","overlay-color":"","overlay-gradient":""},"mobile":{"background-color":"","background-image":"","background-repeat":"repeat","background-position":"center center","background-size":"auto","background-attachment":"scroll","background-type":"","background-media":"","overlay-type":"","overlay-color":"","overlay-gradient":""}},"ast-content-background-meta":{"desktop":{"background-color":"var(--ast-global-color-5)","background-image":"","background-repeat":"repeat","background-position":"center center","background-size":"auto","background-attachment":"scroll","background-type":"","background-media":"","overlay-type":"","overlay-color":"","overlay-gradient":""},"tablet":{"background-color":"var(--ast-global-color-5)","background-image":"","background-repeat":"repeat","background-position":"center center","background-size":"auto","background-attachment":"scroll","background-type":"","background-media":"","overlay-type":"","overlay-color":"","overlay-gradient":""},"mobile":{"background-color":"var(--ast-global-color-5)","background-image":"","background-repeat":"repeat","background-position":"center center","background-size":"auto","background-attachment":"scroll","background-type":"","background-media":"","overlay-type":"","overlay-color":"","overlay-gradient":""}},"footnotes":""},"categories":[12909],"tags":[64078,28282,11698,12732,12733,54548],"class_list":["post-21193","post","type-post","status-publish","format-standard","hentry","category-pais-vasco-euskal-herriko-unibertsitatea","tag-amaia-altuzarra-artola","tag-felipe-serrano-perez","tag-jose-maria-jordan-galduf","tag-josefa-eugenia-fernandez-arufe","tag-milagros-garcia-crespo","tag-roberto-velasco-barroetabena"],"_links":{"self":[{"href":"https:\/\/www.deberes.net\/tesis\/wp-json\/wp\/v2\/posts\/21193","targetHints":{"allow":["GET"]}}],"collection":[{"href":"https:\/\/www.deberes.net\/tesis\/wp-json\/wp\/v2\/posts"}],"about":[{"href":"https:\/\/www.deberes.net\/tesis\/wp-json\/wp\/v2\/types\/post"}],"author":[{"embeddable":true,"href":"https:\/\/www.deberes.net\/tesis\/wp-json\/wp\/v2\/users\/1"}],"replies":[{"embeddable":true,"href":"https:\/\/www.deberes.net\/tesis\/wp-json\/wp\/v2\/comments?post=21193"}],"version-history":[{"count":0,"href":"https:\/\/www.deberes.net\/tesis\/wp-json\/wp\/v2\/posts\/21193\/revisions"}],"wp:attachment":[{"href":"https:\/\/www.deberes.net\/tesis\/wp-json\/wp\/v2\/media?parent=21193"}],"wp:term":[{"taxonomy":"category","embeddable":true,"href":"https:\/\/www.deberes.net\/tesis\/wp-json\/wp\/v2\/categories?post=21193"},{"taxonomy":"post_tag","embeddable":true,"href":"https:\/\/www.deberes.net\/tesis\/wp-json\/wp\/v2\/tags?post=21193"}],"curies":[{"name":"wp","href":"https:\/\/api.w.org\/{rel}","templated":true}]}}