{"id":21218,"date":"2018-03-09T09:10:54","date_gmt":"2018-03-09T09:10:54","guid":{"rendered":"https:\/\/www.deberes.net\/tesis\/sin-categoria\/identidad-local-y-pola%c2%adtica-municipal-en-la-periferia-metropolitana-de-madrid\/"},"modified":"2018-03-09T09:10:54","modified_gmt":"2018-03-09T09:10:54","slug":"identidad-local-y-pola%c2%adtica-municipal-en-la-periferia-metropolitana-de-madrid","status":"publish","type":"post","link":"https:\/\/www.deberes.net\/tesis\/sin-categoria\/identidad-local-y-pola%c2%adtica-municipal-en-la-periferia-metropolitana-de-madrid\/","title":{"rendered":"Identidad local y pol\u00edtica municipal en la periferia metropolitana de Madrid"},"content":{"rendered":"<h2>Tesis doctoral de <strong> Marta Dom\u00ednguez P\u00e9rez <\/strong><\/h2>\n<p>Desde la perspectiva de la econom\u00eda pol\u00edtica urbana, se aborda el cambio en la identidad de los municipios de la periferia metropolitana madrile\u00f1a, durante las \u00faltimas d\u00e9cadas y sobre todo en la etapa de globalizaci\u00f3n. es decir, c\u00f3mo se pasa de ser ciudades perif\u00e9ricas dependientes de la gran metr\u00f3poli a ser ciudades centrales a trav\u00e9s de la potenciaci\u00f3n de estrategias de identidad local por parte de la pol\u00edtica local.  los efectos de dicha exaltaci\u00f3n quedan plasmados en la din\u00e1mica urbana de forma que podemos constatar la participaci\u00f3n de ciertos sectores sociales y la desmovilizaci\u00f3n y excluidos de otros. La tesis es un ejemplo de c\u00f3mo las estrategias de identidad permiten la gobernabilidad en poblaciones globalizadas. La investigaci\u00f3n aparece dividida en dos partes: una de fundamentos te\u00f3ricos y otras de sociolog\u00eda aplicada a los casos de alcobendas y, puntualmente, al de getafe.<\/p>\n<p>&nbsp;<\/p>\n<h3>Datos acad\u00e9micos de la tesis doctoral \u00ab<strong>Identidad local y pol\u00edtica municipal en la periferia metropolitana de Madrid<\/strong>\u00ab<\/h3>\n<ul>\n<li><strong>T\u00edtulo de la tesis:<\/strong>\u00a0 Identidad local y pol\u00edtica municipal en la periferia metropolitana de Madrid <\/li>\n<li><strong>Autor:<\/strong>\u00a0 Marta Dom\u00ednguez P\u00e9rez <\/li>\n<li><strong>Universidad:<\/strong>\u00a0 Complutense de Madrid<\/li>\n<li><strong>Fecha de lectura de la tesis:<\/strong>\u00a0 17\/01\/2003<\/li>\n<\/ul>\n<p>&nbsp;<\/p>\n<h3>Direcci\u00f3n y tribunal<\/h3>\n<ul>\n<li><strong>Director de la tesis<\/strong>\n<ul>\n<li>Jes\u00fas Leal Maldonado<\/li>\n<\/ul>\n<\/li>\n<li><strong>Tribunal<\/strong>\n<ul>\n<li>Presidente del tribunal: Mar\u00eda luz Mor\u00e1n calvo-sotelo <\/li>\n<li> Benedicto mill\u00e1n Jorge  Alberto (vocal)<\/li>\n<li>julio Alguacil gomez (vocal)<\/li>\n<li> S\u00e1nchez de madariagh in\u00e9s (vocal)<\/li>\n<\/ul>\n<\/li>\n<\/ul>\n<p>&nbsp;<\/p>\n","protected":false},"excerpt":{"rendered":"<p>Tesis doctoral de Marta Dom\u00ednguez P\u00e9rez Desde la perspectiva de la econom\u00eda pol\u00edtica urbana, se aborda el cambio en la [&hellip;]<\/p>\n","protected":false},"author":1,"featured_media":0,"comment_status":"open","ping_status":"open","sticky":false,"template":"","format":"standard","meta":{"site-sidebar-layout":"default","site-content-layout":"","ast-site-content-layout":"","site-content-style":"default","site-sidebar-style":"default","ast-global-header-display":"","ast-banner-title-visibility":"","ast-main-header-display":"","ast-hfb-above-header-display":"","ast-hfb-below-header-display":"","ast-hfb-mobile-header-display":"","site-post-title":"","ast-breadcrumbs-content":"","ast-featured-img":"","footer-sml-layout":"","theme-transparent-header-meta":"","adv-header-id-meta":"","stick-header-meta":"","header-above-stick-meta":"","header-main-stick-meta":"","header-below-stick-meta":"","astra-migrate-meta-layouts":"default","ast-page-background-enabled":"default","ast-page-background-meta":{"desktop":{"background-color":"var(--ast-global-color-4)","background-image":"","background-repeat":"repeat","background-position":"center center","background-size":"auto","background-attachment":"scroll","background-type":"","background-media":"","overlay-type":"","overlay-color":"","overlay-gradient":""},"tablet":{"background-color":"","background-image":"","background-repeat":"repeat","background-position":"center center","background-size":"auto","background-attachment":"scroll","background-type":"","background-media":"","overlay-type":"","overlay-color":"","overlay-gradient":""},"mobile":{"background-color":"","background-image":"","background-repeat":"repeat","background-position":"center center","background-size":"auto","background-attachment":"scroll","background-type":"","background-media":"","overlay-type":"","overlay-color":"","overlay-gradient":""}},"ast-content-background-meta":{"desktop":{"background-color":"var(--ast-global-color-5)","background-image":"","background-repeat":"repeat","background-position":"center center","background-size":"auto","background-attachment":"scroll","background-type":"","background-media":"","overlay-type":"","overlay-color":"","overlay-gradient":""},"tablet":{"background-color":"var(--ast-global-color-5)","background-image":"","background-repeat":"repeat","background-position":"center center","background-size":"auto","background-attachment":"scroll","background-type":"","background-media":"","overlay-type":"","overlay-color":"","overlay-gradient":""},"mobile":{"background-color":"var(--ast-global-color-5)","background-image":"","background-repeat":"repeat","background-position":"center center","background-size":"auto","background-attachment":"scroll","background-type":"","background-media":"","overlay-type":"","overlay-color":"","overlay-gradient":""}},"footnotes":""},"categories":[1],"tags":[44498,4654,55026,64152,64151,64153],"class_list":["post-21218","post","type-post","status-publish","format-standard","hentry","category-sin-categoria","tag-benedicto-millan-jorge-alberto","tag-jesus-leal-maldonado","tag-julio-alguacil-gomez","tag-maria-luz-moran-calvo-sotelo","tag-marta-dominguez-perez","tag-sanchez-de-madariagh-ines"],"_links":{"self":[{"href":"https:\/\/www.deberes.net\/tesis\/wp-json\/wp\/v2\/posts\/21218","targetHints":{"allow":["GET"]}}],"collection":[{"href":"https:\/\/www.deberes.net\/tesis\/wp-json\/wp\/v2\/posts"}],"about":[{"href":"https:\/\/www.deberes.net\/tesis\/wp-json\/wp\/v2\/types\/post"}],"author":[{"embeddable":true,"href":"https:\/\/www.deberes.net\/tesis\/wp-json\/wp\/v2\/users\/1"}],"replies":[{"embeddable":true,"href":"https:\/\/www.deberes.net\/tesis\/wp-json\/wp\/v2\/comments?post=21218"}],"version-history":[{"count":0,"href":"https:\/\/www.deberes.net\/tesis\/wp-json\/wp\/v2\/posts\/21218\/revisions"}],"wp:attachment":[{"href":"https:\/\/www.deberes.net\/tesis\/wp-json\/wp\/v2\/media?parent=21218"}],"wp:term":[{"taxonomy":"category","embeddable":true,"href":"https:\/\/www.deberes.net\/tesis\/wp-json\/wp\/v2\/categories?post=21218"},{"taxonomy":"post_tag","embeddable":true,"href":"https:\/\/www.deberes.net\/tesis\/wp-json\/wp\/v2\/tags?post=21218"}],"curies":[{"name":"wp","href":"https:\/\/api.w.org\/{rel}","templated":true}]}}