{"id":21227,"date":"2018-03-09T09:10:54","date_gmt":"2018-03-09T09:10:54","guid":{"rendered":"https:\/\/www.deberes.net\/tesis\/sin-categoria\/evaluacion-del-estado-nutricional-de-pacientes-incluidos-en-un-programa-de-mantenimiento-con-metadona\/"},"modified":"2018-03-09T09:10:54","modified_gmt":"2018-03-09T09:10:54","slug":"evaluacion-del-estado-nutricional-de-pacientes-incluidos-en-un-programa-de-mantenimiento-con-metadona","status":"publish","type":"post","link":"https:\/\/www.deberes.net\/tesis\/la-laguna\/evaluacion-del-estado-nutricional-de-pacientes-incluidos-en-un-programa-de-mantenimiento-con-metadona\/","title":{"rendered":"Evaluaci\u00f3n del estado nutricional de pacientes incluidos en un programa de mantenimiento con metadona"},"content":{"rendered":"<h2>Tesis doctoral de <strong>  D\u00edaz-florex Est\u00e9vez Jos\u00e9 Fernando <\/strong><\/h2>\n<p>Se determinaron par\u00e1metros antropom\u00e9tricos, diet\u00e9ticos, hematol\u00f3gicos y bioqu\u00edmicos en un grupo de pacientes opiaceo-dependientes incluidos en un programa de mantenimiento con metadona con objeto de establecer su estado nutricional.  se observa una mejora del estado nutricional de los heroin\u00f3manos incluidos en tratamiento con metadona con respecto a los que no lo est\u00e1n, sin embargo mantienen diferencias importantes en relaci\u00f3n al grupo control.  aplicando t\u00e9cnicas de an\u00e1lisis multivariado: an\u00e1lisis de factores y de discriminante se logra diferenciar razonablemente los tres grupos de individuos siguientes:  1,- opiaceodependientes incluidos en mantenimiento con metadona.  2,- opiaceodependientes no incluidos en manteimiento con metadona.  3,- grupo control.<\/p>\n<p>&nbsp;<\/p>\n<h3>Datos acad\u00e9micos de la tesis doctoral \u00ab<strong>Evaluaci\u00f3n del estado nutricional de pacientes incluidos en un programa de mantenimiento con metadona<\/strong>\u00ab<\/h3>\n<ul>\n<li><strong>T\u00edtulo de la tesis:<\/strong>\u00a0 Evaluaci\u00f3n del estado nutricional de pacientes incluidos en un programa de mantenimiento con metadona <\/li>\n<li><strong>Autor:<\/strong>\u00a0  D\u00edaz-florex Est\u00e9vez Jos\u00e9 Fernando <\/li>\n<li><strong>Universidad:<\/strong>\u00a0 La laguna<\/li>\n<li><strong>Fecha de lectura de la tesis:<\/strong>\u00a0 17\/01\/2003<\/li>\n<\/ul>\n<p>&nbsp;<\/p>\n<h3>Direcci\u00f3n y tribunal<\/h3>\n<ul>\n<li><strong>Director de la tesis<\/strong>\n<ul>\n<li>Carlos D\u00edaz Romero<\/li>\n<\/ul>\n<\/li>\n<li><strong>Tribunal<\/strong>\n<ul>\n<li>Presidente del tribunal: victoriano Darias del castillo <\/li>\n<li>Ana Mar\u00eda Requejo marcos (vocal)<\/li>\n<li>m.esperanza Torija isasa (vocal)<\/li>\n<li>domingo Mart\u00edn herrera (vocal)<\/li>\n<\/ul>\n<\/li>\n<\/ul>\n<p>&nbsp;<\/p>\n","protected":false},"excerpt":{"rendered":"<p>Tesis doctoral de D\u00edaz-florex Est\u00e9vez Jos\u00e9 Fernando Se determinaron par\u00e1metros antropom\u00e9tricos, diet\u00e9ticos, hematol\u00f3gicos y bioqu\u00edmicos en un grupo de pacientes [&hellip;]<\/p>\n","protected":false},"author":1,"featured_media":0,"comment_status":"open","ping_status":"open","sticky":false,"template":"","format":"standard","meta":{"site-sidebar-layout":"default","site-content-layout":"","ast-site-content-layout":"","site-content-style":"default","site-sidebar-style":"default","ast-global-header-display":"","ast-banner-title-visibility":"","ast-main-header-display":"","ast-hfb-above-header-display":"","ast-hfb-below-header-display":"","ast-hfb-mobile-header-display":"","site-post-title":"","ast-breadcrumbs-content":"","ast-featured-img":"","footer-sml-layout":"","theme-transparent-header-meta":"","adv-header-id-meta":"","stick-header-meta":"","header-above-stick-meta":"","header-main-stick-meta":"","header-below-stick-meta":"","astra-migrate-meta-layouts":"default","ast-page-background-enabled":"default","ast-page-background-meta":{"desktop":{"background-color":"var(--ast-global-color-4)","background-image":"","background-repeat":"repeat","background-position":"center center","background-size":"auto","background-attachment":"scroll","background-type":"","background-media":"","overlay-type":"","overlay-color":"","overlay-gradient":""},"tablet":{"background-color":"","background-image":"","background-repeat":"repeat","background-position":"center center","background-size":"auto","background-attachment":"scroll","background-type":"","background-media":"","overlay-type":"","overlay-color":"","overlay-gradient":""},"mobile":{"background-color":"","background-image":"","background-repeat":"repeat","background-position":"center center","background-size":"auto","background-attachment":"scroll","background-type":"","background-media":"","overlay-type":"","overlay-color":"","overlay-gradient":""}},"ast-content-background-meta":{"desktop":{"background-color":"var(--ast-global-color-5)","background-image":"","background-repeat":"repeat","background-position":"center center","background-size":"auto","background-attachment":"scroll","background-type":"","background-media":"","overlay-type":"","overlay-color":"","overlay-gradient":""},"tablet":{"background-color":"var(--ast-global-color-5)","background-image":"","background-repeat":"repeat","background-position":"center center","background-size":"auto","background-attachment":"scroll","background-type":"","background-media":"","overlay-type":"","overlay-color":"","overlay-gradient":""},"mobile":{"background-color":"var(--ast-global-color-5)","background-image":"","background-repeat":"repeat","background-position":"center center","background-size":"auto","background-attachment":"scroll","background-type":"","background-media":"","overlay-type":"","overlay-color":"","overlay-gradient":""}},"footnotes":""},"categories":[9915],"tags":[5730,51913,64174,64176,64175,17531],"class_list":["post-21227","post","type-post","status-publish","format-standard","hentry","category-la-laguna","tag-ana-maria-requejo-marcos","tag-carlos-diaz-romero","tag-diaz-florex-estevez-jose-fernando","tag-domingo-martin-herrera","tag-m-esperanza-torija-isasa","tag-victoriano-darias-del-castillo"],"_links":{"self":[{"href":"https:\/\/www.deberes.net\/tesis\/wp-json\/wp\/v2\/posts\/21227","targetHints":{"allow":["GET"]}}],"collection":[{"href":"https:\/\/www.deberes.net\/tesis\/wp-json\/wp\/v2\/posts"}],"about":[{"href":"https:\/\/www.deberes.net\/tesis\/wp-json\/wp\/v2\/types\/post"}],"author":[{"embeddable":true,"href":"https:\/\/www.deberes.net\/tesis\/wp-json\/wp\/v2\/users\/1"}],"replies":[{"embeddable":true,"href":"https:\/\/www.deberes.net\/tesis\/wp-json\/wp\/v2\/comments?post=21227"}],"version-history":[{"count":0,"href":"https:\/\/www.deberes.net\/tesis\/wp-json\/wp\/v2\/posts\/21227\/revisions"}],"wp:attachment":[{"href":"https:\/\/www.deberes.net\/tesis\/wp-json\/wp\/v2\/media?parent=21227"}],"wp:term":[{"taxonomy":"category","embeddable":true,"href":"https:\/\/www.deberes.net\/tesis\/wp-json\/wp\/v2\/categories?post=21227"},{"taxonomy":"post_tag","embeddable":true,"href":"https:\/\/www.deberes.net\/tesis\/wp-json\/wp\/v2\/tags?post=21227"}],"curies":[{"name":"wp","href":"https:\/\/api.w.org\/{rel}","templated":true}]}}