{"id":21269,"date":"2018-03-09T09:10:58","date_gmt":"2018-03-09T09:10:58","guid":{"rendered":"https:\/\/www.deberes.net\/tesis\/sin-categoria\/la-cuestion-nacional-en-el-espacio-pola%c2%adtico-post-sovietico\/"},"modified":"2018-03-09T09:10:58","modified_gmt":"2018-03-09T09:10:58","slug":"la-cuestion-nacional-en-el-espacio-pola%c2%adtico-post-sovietico","status":"publish","type":"post","link":"https:\/\/www.deberes.net\/tesis\/sin-categoria\/la-cuestion-nacional-en-el-espacio-pola%c2%adtico-post-sovietico\/","title":{"rendered":"La cuesti\u00f3n nacional en el espacio pol\u00edtico post-sovi\u00e9tico"},"content":{"rendered":"<h2>Tesis doctoral de <strong> Luis Zapater Esp\u00ed <\/strong><\/h2>\n<p>\u00abla cuesti\u00f3n nacional en el espacio pol\u00edtico post-sovi\u00e9tico\u00bb es un estudio de la evoluci\u00f3n de los conflictos etno-nacionales y de los principales movimientos nacionalistas de las 15 rep\u00fablicas federadas de la antigua uni\u00f3n sovi\u00e9tica (rusia, ucrania, bielorrusia, estonia, letonia, lituania, moldavia, armenia, georgia, azerbaiy\u00e1n, kazajst\u00e1n, turkmenist\u00e1n, uzbekist\u00e1n, tayikist\u00e1n, kirguizist\u00e1n) m\u00e1s el caso especial de chechenia.  el estudio parte de un an\u00e1lisis de la teor\u00eda general de la ciencia pol\u00edtica sobre la naci\u00f3n y el nacionalismo, as\u00ed como de la exposici\u00f3n de la tesis marxista-leninista sobre la cuesti\u00f3n nacional, y su aplicaci\u00f3n pr\u00e1ctica en la urss. A continuaci\u00f3n viene un estudio individualizado en cap\u00edtulos en funci\u00f3n de \u00e1reas geogr\u00e1ficas (7 \u00e1reas correspondientes a rusia, ucrania, bielorrusia, las rep\u00fablicas b\u00e1lticas, moldavia, el c\u00e1ucaso y asia central) de los principales problemas nacionales.  por \u00faltimo, se exponen una serie de conclusiones sobre la cuesti\u00f3n, complementando el estudio unos mapas f\u00edsicos, pol\u00edticas y funcionales que apoyan el desarrollo del trabajo.<\/p>\n<p>&nbsp;<\/p>\n<h3>Datos acad\u00e9micos de la tesis doctoral \u00ab<strong>La cuesti\u00f3n nacional en el espacio pol\u00edtico post-sovi\u00e9tico<\/strong>\u00ab<\/h3>\n<ul>\n<li><strong>T\u00edtulo de la tesis:<\/strong>\u00a0 La cuesti\u00f3n nacional en el espacio pol\u00edtico post-sovi\u00e9tico <\/li>\n<li><strong>Autor:<\/strong>\u00a0 Luis Zapater Esp\u00ed <\/li>\n<li><strong>Universidad:<\/strong>\u00a0 Universitat de val\u00e9ncia (estudi general)<\/li>\n<li><strong>Fecha de lectura de la tesis:<\/strong>\u00a0 20\/01\/2003<\/li>\n<\/ul>\n<p>&nbsp;<\/p>\n<h3>Direcci\u00f3n y tribunal<\/h3>\n<ul>\n<li><strong>Director de la tesis<\/strong>\n<ul>\n<li>Carlos Flores Juberias<\/li>\n<\/ul>\n<\/li>\n<li><strong>Tribunal<\/strong>\n<ul>\n<li>Presidente del tribunal: cesareo Rodriguez aguilera de prat <\/li>\n<li>nora Sainz gselll (vocal)<\/li>\n<li>ricardo Martin  de la guardia (vocal)<\/li>\n<li> L\u00f3pez jimenez Jos\u00e9 \u00e1ngel (vocal)<\/li>\n<\/ul>\n<\/li>\n<\/ul>\n<p>&nbsp;<\/p>\n","protected":false},"excerpt":{"rendered":"<p>Tesis doctoral de Luis Zapater Esp\u00ed \u00abla cuesti\u00f3n nacional en el espacio pol\u00edtico post-sovi\u00e9tico\u00bb es un estudio de la evoluci\u00f3n [&hellip;]<\/p>\n","protected":false},"author":1,"featured_media":0,"comment_status":"open","ping_status":"open","sticky":false,"template":"","format":"standard","meta":{"site-sidebar-layout":"default","site-content-layout":"","ast-site-content-layout":"","site-content-style":"default","site-sidebar-style":"default","ast-global-header-display":"","ast-banner-title-visibility":"","ast-main-header-display":"","ast-hfb-above-header-display":"","ast-hfb-below-header-display":"","ast-hfb-mobile-header-display":"","site-post-title":"","ast-breadcrumbs-content":"","ast-featured-img":"","footer-sml-layout":"","theme-transparent-header-meta":"","adv-header-id-meta":"","stick-header-meta":"","header-above-stick-meta":"","header-main-stick-meta":"","header-below-stick-meta":"","astra-migrate-meta-layouts":"default","ast-page-background-enabled":"default","ast-page-background-meta":{"desktop":{"background-color":"var(--ast-global-color-4)","background-image":"","background-repeat":"repeat","background-position":"center center","background-size":"auto","background-attachment":"scroll","background-type":"","background-media":"","overlay-type":"","overlay-color":"","overlay-gradient":""},"tablet":{"background-color":"","background-image":"","background-repeat":"repeat","background-position":"center center","background-size":"auto","background-attachment":"scroll","background-type":"","background-media":"","overlay-type":"","overlay-color":"","overlay-gradient":""},"mobile":{"background-color":"","background-image":"","background-repeat":"repeat","background-position":"center center","background-size":"auto","background-attachment":"scroll","background-type":"","background-media":"","overlay-type":"","overlay-color":"","overlay-gradient":""}},"ast-content-background-meta":{"desktop":{"background-color":"var(--ast-global-color-5)","background-image":"","background-repeat":"repeat","background-position":"center center","background-size":"auto","background-attachment":"scroll","background-type":"","background-media":"","overlay-type":"","overlay-color":"","overlay-gradient":""},"tablet":{"background-color":"var(--ast-global-color-5)","background-image":"","background-repeat":"repeat","background-position":"center center","background-size":"auto","background-attachment":"scroll","background-type":"","background-media":"","overlay-type":"","overlay-color":"","overlay-gradient":""},"mobile":{"background-color":"var(--ast-global-color-5)","background-image":"","background-repeat":"repeat","background-position":"center center","background-size":"auto","background-attachment":"scroll","background-type":"","background-media":"","overlay-type":"","overlay-color":"","overlay-gradient":""}},"footnotes":""},"categories":[1],"tags":[64260,55846,25060,64259,64261,61855],"class_list":["post-21269","post","type-post","status-publish","format-standard","hentry","category-sin-categoria","tag-carlos-flores-juberias","tag-cesareo-rodriguez-aguilera-de-prat","tag-lopez-jimenez-jose-angel","tag-luis-zapater-espi","tag-nora-sainz-gselll","tag-ricardo-martin-de-la-guardia"],"_links":{"self":[{"href":"https:\/\/www.deberes.net\/tesis\/wp-json\/wp\/v2\/posts\/21269","targetHints":{"allow":["GET"]}}],"collection":[{"href":"https:\/\/www.deberes.net\/tesis\/wp-json\/wp\/v2\/posts"}],"about":[{"href":"https:\/\/www.deberes.net\/tesis\/wp-json\/wp\/v2\/types\/post"}],"author":[{"embeddable":true,"href":"https:\/\/www.deberes.net\/tesis\/wp-json\/wp\/v2\/users\/1"}],"replies":[{"embeddable":true,"href":"https:\/\/www.deberes.net\/tesis\/wp-json\/wp\/v2\/comments?post=21269"}],"version-history":[{"count":0,"href":"https:\/\/www.deberes.net\/tesis\/wp-json\/wp\/v2\/posts\/21269\/revisions"}],"wp:attachment":[{"href":"https:\/\/www.deberes.net\/tesis\/wp-json\/wp\/v2\/media?parent=21269"}],"wp:term":[{"taxonomy":"category","embeddable":true,"href":"https:\/\/www.deberes.net\/tesis\/wp-json\/wp\/v2\/categories?post=21269"},{"taxonomy":"post_tag","embeddable":true,"href":"https:\/\/www.deberes.net\/tesis\/wp-json\/wp\/v2\/tags?post=21269"}],"curies":[{"name":"wp","href":"https:\/\/api.w.org\/{rel}","templated":true}]}}