{"id":21277,"date":"2018-03-09T09:10:58","date_gmt":"2018-03-09T09:10:58","guid":{"rendered":"https:\/\/www.deberes.net\/tesis\/sin-categoria\/el-derecho-como-fenomeno-psicologico-social-y-la-posibilidad-de-una-ciencia-jura%c2%addica-avalorativa\/"},"modified":"2018-03-09T09:10:58","modified_gmt":"2018-03-09T09:10:58","slug":"el-derecho-como-fenomeno-psicologico-social-y-la-posibilidad-de-una-ciencia-jura%c2%addica-avalorativa","status":"publish","type":"post","link":"https:\/\/www.deberes.net\/tesis\/a-coruna\/el-derecho-como-fenomeno-psicologico-social-y-la-posibilidad-de-una-ciencia-jura%c2%addica-avalorativa\/","title":{"rendered":"El derecho como fen\u00f3meno psicol\u00f3gico-social y la posibilidad de una ciencia jur\u00eddica avalorativa"},"content":{"rendered":"<h2>Tesis doctoral de <strong> Oscar Vergara Lacalle <\/strong><\/h2>\n<p>La tesis doctoral tiene por objeto el pensamiento jur\u00eddico del profesor sueco karl olivecrona (1897-1980). En los tres primeros cap\u00edtulos se exponen, respectivamente, la biograf\u00eda intelectual y las principales influencias del autor, la concepci\u00f3n general de la ciencia y de la filosof\u00eda que justifica su postura en relaci\u00f3n con la ciencia jur\u00eddica y su m\u00e9todo cient\u00edfico aplicado a la teor\u00eda jur\u00eddica o, m\u00e1s en general, de la historia del pensamiento jur\u00eddico.  a continuaci\u00f3n se analiza la concepci\u00f3n olivercroniana del lenguaje y del significado, que permite exponer e ir criticando las bases de la teor\u00eda del profesor sueco sobre el derecho subjetivo, sobre la norma jur\u00eddica y sobre la obligatoriedad del derecho. La tesis se cierra con un cap\u00edtulo de car\u00e1cter evaluativo general, donde se intenta mostrar las dificultades que encuentran el propio pensamiento olivercroniano para ser coherente con el ideal de una ciencia jur\u00eddica desprovista de elementos valorativos, y se da cuenta de las referencias que efect\u00faa el profesor de lund a los fines del derecho en los diferentes lugares de su obra.<\/p>\n<p>&nbsp;<\/p>\n<h3>Datos acad\u00e9micos de la tesis doctoral \u00ab<strong>El derecho como fen\u00f3meno psicol\u00f3gico-social y la posibilidad de una ciencia jur\u00eddica avalorativa<\/strong>\u00ab<\/h3>\n<ul>\n<li><strong>T\u00edtulo de la tesis:<\/strong>\u00a0 El derecho como fen\u00f3meno psicol\u00f3gico-social y la posibilidad de una ciencia jur\u00eddica avalorativa <\/li>\n<li><strong>Autor:<\/strong>\u00a0 Oscar Vergara Lacalle <\/li>\n<li><strong>Universidad:<\/strong>\u00a0 A coru\u00f1a<\/li>\n<li><strong>Fecha de lectura de la tesis:<\/strong>\u00a0 20\/01\/2003<\/li>\n<\/ul>\n<p>&nbsp;<\/p>\n<h3>Direcci\u00f3n y tribunal<\/h3>\n<ul>\n<li><strong>Director de la tesis<\/strong>\n<ul>\n<li>Pedro Serna Berm\u00fadez<\/li>\n<\/ul>\n<\/li>\n<li><strong>Tribunal<\/strong>\n<ul>\n<li>Presidente del tribunal: andres Ollero tassara <\/li>\n<li>Alberto Montoro ballesteros (vocal)<\/li>\n<li>marcelino Rodr\u00edguez molinero (vocal)<\/li>\n<li>ignacio Ara pinilla (vocal)<\/li>\n<\/ul>\n<\/li>\n<\/ul>\n<p>&nbsp;<\/p>\n","protected":false},"excerpt":{"rendered":"<p>Tesis doctoral de Oscar Vergara Lacalle La tesis doctoral tiene por objeto el pensamiento jur\u00eddico del profesor sueco karl olivecrona [&hellip;]<\/p>\n","protected":false},"author":1,"featured_media":0,"comment_status":"open","ping_status":"open","sticky":false,"template":"","format":"standard","meta":{"site-sidebar-layout":"default","site-content-layout":"","ast-site-content-layout":"","site-content-style":"default","site-sidebar-style":"default","ast-global-header-display":"","ast-banner-title-visibility":"","ast-main-header-display":"","ast-hfb-above-header-display":"","ast-hfb-below-header-display":"","ast-hfb-mobile-header-display":"","site-post-title":"","ast-breadcrumbs-content":"","ast-featured-img":"","footer-sml-layout":"","theme-transparent-header-meta":"","adv-header-id-meta":"","stick-header-meta":"","header-above-stick-meta":"","header-main-stick-meta":"","header-below-stick-meta":"","astra-migrate-meta-layouts":"default","ast-page-background-enabled":"default","ast-page-background-meta":{"desktop":{"background-color":"var(--ast-global-color-4)","background-image":"","background-repeat":"repeat","background-position":"center center","background-size":"auto","background-attachment":"scroll","background-type":"","background-media":"","overlay-type":"","overlay-color":"","overlay-gradient":""},"tablet":{"background-color":"","background-image":"","background-repeat":"repeat","background-position":"center center","background-size":"auto","background-attachment":"scroll","background-type":"","background-media":"","overlay-type":"","overlay-color":"","overlay-gradient":""},"mobile":{"background-color":"","background-image":"","background-repeat":"repeat","background-position":"center center","background-size":"auto","background-attachment":"scroll","background-type":"","background-media":"","overlay-type":"","overlay-color":"","overlay-gradient":""}},"ast-content-background-meta":{"desktop":{"background-color":"var(--ast-global-color-5)","background-image":"","background-repeat":"repeat","background-position":"center center","background-size":"auto","background-attachment":"scroll","background-type":"","background-media":"","overlay-type":"","overlay-color":"","overlay-gradient":""},"tablet":{"background-color":"var(--ast-global-color-5)","background-image":"","background-repeat":"repeat","background-position":"center center","background-size":"auto","background-attachment":"scroll","background-type":"","background-media":"","overlay-type":"","overlay-color":"","overlay-gradient":""},"mobile":{"background-color":"var(--ast-global-color-5)","background-image":"","background-repeat":"repeat","background-position":"center center","background-size":"auto","background-attachment":"scroll","background-type":"","background-media":"","overlay-type":"","overlay-color":"","overlay-gradient":""}},"footnotes":""},"categories":[18576],"tags":[64283,32254,10354,40114,64282,32253],"class_list":["post-21277","post","type-post","status-publish","format-standard","hentry","category-a-coruna","tag-alberto-montoro-ballesteros","tag-andres-ollero-tassara","tag-ignacio-ara-pinilla","tag-marcelino-rodriguez-molinero","tag-oscar-vergara-lacalle","tag-pedro-serna-bermudez"],"_links":{"self":[{"href":"https:\/\/www.deberes.net\/tesis\/wp-json\/wp\/v2\/posts\/21277","targetHints":{"allow":["GET"]}}],"collection":[{"href":"https:\/\/www.deberes.net\/tesis\/wp-json\/wp\/v2\/posts"}],"about":[{"href":"https:\/\/www.deberes.net\/tesis\/wp-json\/wp\/v2\/types\/post"}],"author":[{"embeddable":true,"href":"https:\/\/www.deberes.net\/tesis\/wp-json\/wp\/v2\/users\/1"}],"replies":[{"embeddable":true,"href":"https:\/\/www.deberes.net\/tesis\/wp-json\/wp\/v2\/comments?post=21277"}],"version-history":[{"count":0,"href":"https:\/\/www.deberes.net\/tesis\/wp-json\/wp\/v2\/posts\/21277\/revisions"}],"wp:attachment":[{"href":"https:\/\/www.deberes.net\/tesis\/wp-json\/wp\/v2\/media?parent=21277"}],"wp:term":[{"taxonomy":"category","embeddable":true,"href":"https:\/\/www.deberes.net\/tesis\/wp-json\/wp\/v2\/categories?post=21277"},{"taxonomy":"post_tag","embeddable":true,"href":"https:\/\/www.deberes.net\/tesis\/wp-json\/wp\/v2\/tags?post=21277"}],"curies":[{"name":"wp","href":"https:\/\/api.w.org\/{rel}","templated":true}]}}