{"id":21286,"date":"2018-03-09T09:10:59","date_gmt":"2018-03-09T09:10:59","guid":{"rendered":"https:\/\/www.deberes.net\/tesis\/sin-categoria\/evaluacion-de-programas-educativos-la-educacion-intercultural-en-madrid-capital\/"},"modified":"2018-03-09T09:10:59","modified_gmt":"2018-03-09T09:10:59","slug":"evaluacion-de-programas-educativos-la-educacion-intercultural-en-madrid-capital","status":"publish","type":"post","link":"https:\/\/www.deberes.net\/tesis\/pontificia-de-salamanca\/evaluacion-de-programas-educativos-la-educacion-intercultural-en-madrid-capital\/","title":{"rendered":"Evaluaci\u00f3n de programas educativos: la educaci\u00f3n intercultural en Madrid capital"},"content":{"rendered":"<h2>Tesis doctoral de <strong> Aranzazu Moya Gutierrez <\/strong><\/h2>\n<p>El presente trabajo pretende estudiar la educaci\u00f3n intercultural como propuesta adecuada para hacer frente a este nuevo reto. Los centros escolares, tarde o temprano, habr\u00e1n de plantearse, entre otras, las siguientes preguntas: \u00c2\u00bfc\u00f3mo responder, en una escuela integradora y comprensiva, a las necesidades de los alumnos procedentes de m\u00faltiples culturas? \u00c2\u00bfc\u00f3mo responder a la diversidad en las aulas? \u00c2\u00bfes adecuada la intervenci\u00f3n que se lleva acabo en la actualidad para afrontar esta nueva situaci\u00f3n? \u00c2\u00bfqu\u00e9 se ha de cambiar y hacia d\u00f3nde se debe avanzar?.  evidentemente, no existe una soluci\u00f3n \u00fanica y v\u00e1lida para todas las situaciones escolares, por lo que no se pretende dise\u00f1ar un modelo de intervenci\u00f3n ideal. Nuestro prop\u00f3sito de este trabajo es elaborar un modelo de evaluaci\u00f3n de programas que sirva para reflexionar sobre los elementos del proceso educativo necesarios para una educaci\u00f3n intercultural, atendiendo a las peculiaridades del contexto, y que permita no s\u00f3lo establecer en qu\u00e9 punto nos encontramos, sino tambi\u00e9n, y muy especialmente, qu\u00e9 cambios podemos y debemos realizar. Es decir, se persigue un modelo de evaluaci\u00f3n que facilite la investigaci\u00f3n, la noci\u00f3n y la reflexi\u00f3n en materia de educaci\u00f3n intercultural.<\/p>\n<p>&nbsp;<\/p>\n<h3>Datos acad\u00e9micos de la tesis doctoral \u00ab<strong>Evaluaci\u00f3n de programas educativos: la educaci\u00f3n intercultural en Madrid capital<\/strong>\u00ab<\/h3>\n<ul>\n<li><strong>T\u00edtulo de la tesis:<\/strong>\u00a0 Evaluaci\u00f3n de programas educativos: la educaci\u00f3n intercultural en Madrid capital <\/li>\n<li><strong>Autor:<\/strong>\u00a0 Aranzazu Moya Gutierrez <\/li>\n<li><strong>Universidad:<\/strong>\u00a0 Pontificia de salamanca<\/li>\n<li><strong>Fecha de lectura de la tesis:<\/strong>\u00a0 21\/01\/2003<\/li>\n<\/ul>\n<p>&nbsp;<\/p>\n<h3>Direcci\u00f3n y tribunal<\/h3>\n<ul>\n<li><strong>Director de la tesis<\/strong>\n<ul>\n<li>Antonio Mu\u00f1oz Sedano<\/li>\n<\/ul>\n<\/li>\n<li><strong>Tribunal<\/strong>\n<ul>\n<li>Presidente del tribunal: jose Ortega esteban <\/li>\n<li>Rafael Saez alonso (vocal)<\/li>\n<li>Juan  Antonio Lorenzo vicente (vocal)<\/li>\n<li> Garcia arroyo m. Jes\u00fas (vocal)<\/li>\n<\/ul>\n<\/li>\n<\/ul>\n<p>&nbsp;<\/p>\n","protected":false},"excerpt":{"rendered":"<p>Tesis doctoral de Aranzazu Moya Gutierrez El presente trabajo pretende estudiar la educaci\u00f3n intercultural como propuesta adecuada para hacer frente [&hellip;]<\/p>\n","protected":false},"author":1,"featured_media":0,"comment_status":"open","ping_status":"open","sticky":false,"template":"","format":"standard","meta":{"site-sidebar-layout":"default","site-content-layout":"","ast-site-content-layout":"","site-content-style":"default","site-sidebar-style":"default","ast-global-header-display":"","ast-banner-title-visibility":"","ast-main-header-display":"","ast-hfb-above-header-display":"","ast-hfb-below-header-display":"","ast-hfb-mobile-header-display":"","site-post-title":"","ast-breadcrumbs-content":"","ast-featured-img":"","footer-sml-layout":"","theme-transparent-header-meta":"","adv-header-id-meta":"","stick-header-meta":"","header-above-stick-meta":"","header-main-stick-meta":"","header-below-stick-meta":"","astra-migrate-meta-layouts":"default","ast-page-background-enabled":"default","ast-page-background-meta":{"desktop":{"background-color":"var(--ast-global-color-4)","background-image":"","background-repeat":"repeat","background-position":"center center","background-size":"auto","background-attachment":"scroll","background-type":"","background-media":"","overlay-type":"","overlay-color":"","overlay-gradient":""},"tablet":{"background-color":"","background-image":"","background-repeat":"repeat","background-position":"center center","background-size":"auto","background-attachment":"scroll","background-type":"","background-media":"","overlay-type":"","overlay-color":"","overlay-gradient":""},"mobile":{"background-color":"","background-image":"","background-repeat":"repeat","background-position":"center center","background-size":"auto","background-attachment":"scroll","background-type":"","background-media":"","overlay-type":"","overlay-color":"","overlay-gradient":""}},"ast-content-background-meta":{"desktop":{"background-color":"var(--ast-global-color-5)","background-image":"","background-repeat":"repeat","background-position":"center center","background-size":"auto","background-attachment":"scroll","background-type":"","background-media":"","overlay-type":"","overlay-color":"","overlay-gradient":""},"tablet":{"background-color":"var(--ast-global-color-5)","background-image":"","background-repeat":"repeat","background-position":"center center","background-size":"auto","background-attachment":"scroll","background-type":"","background-media":"","overlay-type":"","overlay-color":"","overlay-gradient":""},"mobile":{"background-color":"var(--ast-global-color-5)","background-image":"","background-repeat":"repeat","background-position":"center center","background-size":"auto","background-attachment":"scroll","background-type":"","background-media":"","overlay-type":"","overlay-color":"","overlay-gradient":""}},"footnotes":""},"categories":[948],"tags":[2629,64301,18391,9765,64302,7173],"class_list":["post-21286","post","type-post","status-publish","format-standard","hentry","category-pontificia-de-salamanca","tag-antonio-munoz-sedano","tag-aranzazu-moya-gutierrez","tag-garcia-arroyo-m-jesus","tag-jose-ortega-esteban","tag-juan-antonio-lorenzo-vicente","tag-rafael-saez-alonso"],"_links":{"self":[{"href":"https:\/\/www.deberes.net\/tesis\/wp-json\/wp\/v2\/posts\/21286","targetHints":{"allow":["GET"]}}],"collection":[{"href":"https:\/\/www.deberes.net\/tesis\/wp-json\/wp\/v2\/posts"}],"about":[{"href":"https:\/\/www.deberes.net\/tesis\/wp-json\/wp\/v2\/types\/post"}],"author":[{"embeddable":true,"href":"https:\/\/www.deberes.net\/tesis\/wp-json\/wp\/v2\/users\/1"}],"replies":[{"embeddable":true,"href":"https:\/\/www.deberes.net\/tesis\/wp-json\/wp\/v2\/comments?post=21286"}],"version-history":[{"count":0,"href":"https:\/\/www.deberes.net\/tesis\/wp-json\/wp\/v2\/posts\/21286\/revisions"}],"wp:attachment":[{"href":"https:\/\/www.deberes.net\/tesis\/wp-json\/wp\/v2\/media?parent=21286"}],"wp:term":[{"taxonomy":"category","embeddable":true,"href":"https:\/\/www.deberes.net\/tesis\/wp-json\/wp\/v2\/categories?post=21286"},{"taxonomy":"post_tag","embeddable":true,"href":"https:\/\/www.deberes.net\/tesis\/wp-json\/wp\/v2\/tags?post=21286"}],"curies":[{"name":"wp","href":"https:\/\/api.w.org\/{rel}","templated":true}]}}